{"id":5659,"date":"2025-01-05T23:03:47","date_gmt":"2025-01-05T20:03:47","guid":{"rendered":"https:\/\/kolektifmucadele1.org\/?p=5659"},"modified":"2025-01-05T23:03:47","modified_gmt":"2025-01-05T20:03:47","slug":"izmirde-kadinlardan-rojin-ve-gulistan-eylemi","status":"publish","type":"post","link":"https:\/\/kolektifmucadele1.org\/index.php\/2025\/01\/05\/izmirde-kadinlardan-rojin-ve-gulistan-eylemi\/","title":{"rendered":"\u0130zmir\u2019de kad\u0131nlardan Rojin ve G\u00fclistan eylemi"},"content":{"rendered":"\n<h2 class=\"wp-block-heading\">\u0130zmir\u2019deki kad\u0131n platformlar\u0131, be\u015f y\u0131l \u00f6nce bug\u00fcn kaybolan ve hala kendisinden haber al\u0131nmayan G\u00fclistan Doku ve 27 Eyl\u00fcl 2024\u2019te kaybolup 18 g\u00fcn sonra cans\u0131z bedenine ula\u015f\u0131lan Rojin Kabai\u015f i\u00e7in eylem yapt\u0131. Yeklilere \u201cRojin ve G\u00fclistan\u2019a ne oldu?\u201d sorusu y\u00f6neltilirken Kad\u0131n Cinayetlerini Durduraca\u011f\u0131z Platformu \u0130zmir \u0130l Temsilcisi T\u00fclin Osmano\u011flullar\u0131, \u201cNas\u0131l ki g\u00fcnlerdir Rojin\u2019in ailesi 24 saattir uyumuyorsa biz de sizi uyutmayaca\u011f\u0131z\u201d dedi.<\/h2>\n<\/p>","protected":false},"excerpt":{"rendered":"<p>\u0130zmir\u2019deki kad\u0131n platformlar\u0131, be\u015f y\u0131l \u00f6nce bug\u00fcn&#46;&#46;&#46;<\/p>\n","protected":false},"author":3,"featured_media":5660,"comment_status":"open","ping_status":"open","sticky":false,"template":"","format":"standard","meta":{"footnotes":""},"categories":[5,10],"tags":[],"manset":[],"class_list":["post-5659","post","type-post","status-publish","format-standard","has-post-thumbnail","hentry","category-etkinlikler","category-kadin"],"amp_enabled":true,"_links":{"self":[{"href":"https:\/\/kolektifmucadele1.org\/index.php\/wp-json\/wp\/v2\/posts\/5659","targetHints":{"allow":["GET"]}}],"collection":[{"href":"https:\/\/kolektifmucadele1.org\/index.php\/wp-json\/wp\/v2\/posts"}],"about":[{"href":"https:\/\/kolektifmucadele1.org\/index.php\/wp-json\/wp\/v2\/types\/post"}],"author":[{"embeddable":true,"href":"https:\/\/kolektifmucadele1.org\/index.php\/wp-json\/wp\/v2\/users\/3"}],"replies":[{"embeddable":true,"href":"https:\/\/kolektifmucadele1.org\/index.php\/wp-json\/wp\/v2\/comments?post=5659"}],"version-history":[{"count":1,"href":"https:\/\/kolektifmucadele1.org\/index.php\/wp-json\/wp\/v2\/posts\/5659\/revisions"}],"predecessor-version":[{"id":5661,"href":"https:\/\/kolektifmucadele1.org\/index.php\/wp-json\/wp\/v2\/posts\/5659\/revisions\/5661"}],"wp:featuredmedia":[{"embeddable":true,"href":"https:\/\/kolektifmucadele1.org\/index.php\/wp-json\/wp\/v2\/media\/5660"}],"wp:attachment":[{"href":"https:\/\/kolektifmucadele1.org\/index.php\/wp-json\/wp\/v2\/media?parent=5659"}],"wp:term":[{"taxonomy":"category","embeddable":true,"href":"https:\/\/kolektifmucadele1.org\/index.php\/wp-json\/wp\/v2\/categories?post=5659"},{"taxonomy":"post_tag","embeddable":true,"href":"https:\/\/kolektifmucadele1.org\/index.php\/wp-json\/wp\/v2\/tags?post=5659"},{"taxonomy":"manset","embeddable":true,"href":"https:\/\/kolektifmucadele1.org\/index.php\/wp-json\/wp\/v2\/manset?post=5659"}],"curies":[{"name":"wp","href":"https:\/\/api.w.org\/{rel}","templated":true}]}}