{"id":5690,"date":"2025-01-09T01:46:42","date_gmt":"2025-01-08T22:46:42","guid":{"rendered":"https:\/\/kolektifmucadele1.org\/?p=5690"},"modified":"2025-01-09T01:46:42","modified_gmt":"2025-01-08T22:46:42","slug":"katil-devletin-pariste-katlettigi-alti-yurek-alti-kizil-karanfili-saygiyla-aniyoruz","status":"publish","type":"post","link":"https:\/\/kolektifmucadele1.org\/index.php\/2025\/01\/09\/katil-devletin-pariste-katlettigi-alti-yurek-alti-kizil-karanfili-saygiyla-aniyoruz\/","title":{"rendered":"Katil devletin Paris\u2019te katletti\u011fi: Alt\u0131 y\u00fcrek, alt\u0131 k\u0131z\u0131l karanfili sayg\u0131yla an\u0131yoruz"},"content":{"rendered":"\n<p>Selam olsun<\/p>\n\n\n\n<p>Kavgay\u0131 destanla\u015ft\u0131r\u0131p<\/p>\n\n\n\n<p>G\u00fcne\u015f \u00fclkesini zapt etmeye ko\u015fanlara<\/p>\n\n\n\n<p>&#8212;<\/p>\n\n\n\n<p>Selam olsun diren\u00e7 \u00e7i\u00e7ekleri<\/p>\n\n\n\n<p>Selam olsun sizlere<\/p>\n\n\n\n<p>Paris katliam\u0131n\u0131n 12. y\u0131ld\u00f6n\u00fcm\u00fcnde&nbsp;Fransa devleti su\u00e7 ortakl\u0131\u011f\u0131 yapt\u0131\u011f\u0131 fail T\u00fcrk devletini korumaya devam ediyor.<\/p>\n\n\n\n<p>Katliamlar \u00fclkesi olan \u00fclkemizde fa\u015fizme kar\u015f\u0131 y\u00fcr\u00fctt\u00fc\u011f\u00fcm\u00fcz \u00f6zg\u00fcrl\u00fck m\u00fccadelesinde Kanla yaz\u0131l\u0131yor, halklar\u0131m\u0131z\u0131n \u00f6zg\u00fcrl\u00fck m\u00fccadelesinin tarihi. En \u00f6nde y\u00fcr\u00fcyenler, ate\u015f \u00e7emberine ilk at\u0131lanlar d\u00fc\u015f\u00fcyorlar en \u00f6nce. Umutla, inan\u00e7la, diren\u00e7le besliyorlar topra\u011f\u0131. Karanfiller, yediveren g\u00fclleri, kardelenler daha g\u00fcr, daha canl\u0131 boy versinler diye kanlar\u0131yla suluyorlar \u00f6zg\u00fcrl\u00fck bah\u00e7esini.<\/p>\n\n\n\n<p>Nas\u0131l k\u0131y\u0131l\u0131r yedi veren karanfillerin g\u00fcl\u00fc\u015f\u00fcne? Ya\u015famlar\u0131n\u0131 bir su damlas\u0131 durulu\u011funda, g\u00fcne yeni g\u00fcl\u00fcmseyen bir tomurcuk safl\u0131\u011f\u0131nda ve bahar\u0131 kar\u015f\u0131layan bir kelebek co\u015fkusuyla \u015fiirle\u015ftirenlere nas\u0131l k\u0131y\u0131l\u0131r?<\/p>\n\n\n\n<p>\u0130\u015fte cellatlar\u0131n k\u0131yd\u0131\u011f\u0131 ya\u015famlar\u0131n\u0131 halklar\u0131m\u0131z\u0131n kurtulu\u015funa adayanlar. Kavgan\u0131n en \u00f6n saflar\u0131nda olanlar\u0131m\u0131zd\u0131. \u0130\u015fkence tezgahlar\u0131n\u0131n, Diyarbak\u0131r zindan vah\u015fetlerinin boyun e\u011fdirilmedi\u011fi kad\u0131n \u00f6zg\u00fcrl\u00fck\u00e7\u00fcl\u00fc\u011f\u00fcn \u00f6nc\u00fclerinden PKK kurucular\u0131ndan, ya\u015fam\u0131n\u0131 m\u00fccadeleye adam\u0131\u015f direni\u015fiyle, ya\u015fam\u0131yla destanla\u015fan K\u00fcrdistan\u2019\u0131n k\u0131z\u0131l Rozas\u0131 Sakine Cans\u0131z da\u011flar\u0131n Saras\u0131 Dersim\u2019in asi Rosa\u2019s\u0131\u2026<\/p>\n\n\n\n<p>Soyk\u0131r\u0131mc\u0131, s\u00f6m\u00fcrgeci T\u00fcrk devletinin K\u00fcrt halk\u0131n\u0131n \u00f6zg\u00fcrl\u00fck ve demokrasi m\u00fccadelesi kar\u015f\u0131s\u0131nda ya\u015fad\u0131\u011f\u0131 \u00e7aresizlik, i\u00e7ine girdi\u011fi \u00e7\u0131kmazdan PKK y\u00f6netimini hedeflenmi\u015f K\u00fcrt \u00f6zg\u00fcrl\u00fck m\u00fccadelesinin simgesi olan Sakine Cans\u0131z\u2019\u0131 hedef se\u00e7mi\u015ftir. Avrupa devletleri i\u015f birli\u011fiyle 9 \u015eubat 2013\u2019te Paris\u2019te \u2018\u2019demokrasi ve medeniyetin ba\u015fkenti\u2019\u2019 dedikleri \u2018\u2019uygarl\u0131klar\u0131n\u0131n be\u015fi\u011finde\u2019\u2019 3 k\u0131z\u0131l karanfil, 3 devrimci kad\u0131n, Sakine Cans\u0131z, Leyla \u015eaylemez ve Fidan Do\u011fan al\u00e7ak\u00e7a katledildiler. Bu katliam\u0131n as\u0131l failinin fa\u015fist TC ve onun ba\u015f\u0131ndaki R.T. Erdo\u011fan, M\u0130T m\u00fcste\u015far\u0131 Hakan Fidan ve onlar\u0131n iktidar\u0131 oldu\u011fu kadar ba\u015fta Frans\u0131z devleti olmak \u00fczere Emperyalist haydutlar\u0131n hepsidir. Katliam\u0131n alt\u0131nc\u0131 y\u0131l\u0131nda ortaya \u00e7\u0131kan belgelerde g\u00f6stermi\u015ftir ki, hepsi \u015fu veya bu \u015fekilde bu katliamdan haberdar ve i\u00e7indedir.<\/p>\n\n\n\n<p>Bu al\u00e7ak\u00e7a katliam\u0131n \u00fcst\u00fc \u00f6rt\u00fcl\u00fcrken ardinda ger\u00e7ekle\u015fen yeni katliamlara zemin sunmu\u015ftur. Yine Paris\u2019te, yine K\u00fcrt \u00f6zg\u00fcrl\u00fck m\u00fccadelesinin 3 k\u0131z\u0131l karanfili daha katledildi.<\/p>\n\n\n\n<p>23 Aral\u0131k 2022&#8217;de ikinci Paris katliam\u0131 olarak gecen bu katliam, fa\u015fist T\u00fcrk devletinin tetik\u00e7isi William adl\u0131 bir katil taraf\u0131ndan K\u00fcrt K\u00fclt\u00fcr Merkezi ve K\u00fcrtlerin i\u015f yerlerine y\u00f6nelik sald\u0131r\u0131 ile ger\u00e7ekle\u015ftirilmi\u015ftir. Ger\u00e7ekle\u015ftirilen bu sald\u0131r\u0131da t\u00fcm ya\u015fam\u0131n\u0131 devrime adayan, bu u\u011furda 34 y\u0131l boyunca K\u00fcrdistan\u2019\u0131n her yerinde m\u00fccadele eden Ev\u00een Goy\u00ee (Emine Kara), K\u00fcrt sanat\u00e7\u0131 M\u00eer Perwer (M. \u015eirin Ayd\u0131n) ve K\u00fcrt yurtseveri Abdurrahman K\u0131z\u0131l katledildi.<\/p>\n\n\n\n<p>Fa\u015fist s\u00f6m\u00fcrgeci g\u00fc\u00e7ler ve onun destek\u00e7isi ba\u015fta Fransa olmak \u00fczere uluslararas\u0131 g\u00fc\u00e7lerin deste\u011fiyle katledilen karanfillerimizi sayg\u0131yla an\u0131yoruz.<\/p>\n\n\n\n<p>Bu katliamlar\u0131n hesab\u0131n\u0131 sormak i\u00e7in, ba\u015fta kad\u0131nlar, gen\u00e7ler, t\u00fcm devrimci, demokrat anti-fa\u015fistlerin AKP-MHP fa\u015fizmini yenilgiye u\u011fratmak i\u00e7in bulunduklar\u0131 her alanda m\u00fccadeleyi y\u00fckseltmeliyiz. \u00d6zg\u00fcr bir gelecek, halklar\u0131n e\u015fit bir arada ya\u015fad\u0131\u011f\u0131, bask\u0131 s\u00f6m\u00fcr\u00fcn\u00fcn olmad\u0131\u011f\u0131 sosyalizm bayra\u011f\u0131n\u0131 daha y\u00fckseklere \u00e7ekerek fasist TC ve onun iktidar\u0131 AKP-MHP fa\u015fizmini yerle bir etme \u00e7abas\u0131nda yo\u011funla\u015fmal\u0131d\u0131r. Bunu ba\u015fard\u0131\u011f\u0131m\u0131z oranda 6 devrimcinin m\u00fccadelesini zaferle ta\u00e7land\u0131rm\u0131\u015f olaca\u011f\u0131m\u0131z gibi, onlar\u0131n vasiyetini yerine getirmi\u015f, intikamlar\u0131n\u0131 alm\u0131\u015f oluruz ancak.<\/p>\n\n\n\n<p>Paris katliamlar\u0131n\u0131 unutmad\u0131k, unutturmayaca\u011f\u0131z<\/p>\n\n\n\n<p>\u015eeh\u00eed namirin!<\/p>\n\n\n\n<p>Jin Jiyan Azad!<\/p>\n","protected":false},"excerpt":{"rendered":"<p>Selam olsun Kavgay\u0131 destanla\u015ft\u0131r\u0131p G\u00fcne\u015f \u00fclkesini zapt&#46;&#46;&#46;<\/p>\n","protected":false},"author":3,"featured_media":5691,"comment_status":"open","ping_status":"open","sticky":false,"template":"","format":"standard","meta":{"footnotes":""},"categories":[7,29],"tags":[],"manset":[],"class_list":["post-5690","post","type-post","status-publish","format-standard","has-post-thumbnail","hentry","category-makaleler","category-manset"],"amp_enabled":true,"_links":{"self":[{"href":"https:\/\/kolektifmucadele1.org\/index.php\/wp-json\/wp\/v2\/posts\/5690","targetHints":{"allow":["GET"]}}],"collection":[{"href":"https:\/\/kolektifmucadele1.org\/index.php\/wp-json\/wp\/v2\/posts"}],"about":[{"href":"https:\/\/kolektifmucadele1.org\/index.php\/wp-json\/wp\/v2\/types\/post"}],"author":[{"embeddable":true,"href":"https:\/\/kolektifmucadele1.org\/index.php\/wp-json\/wp\/v2\/users\/3"}],"replies":[{"embeddable":true,"href":"https:\/\/kolektifmucadele1.org\/index.php\/wp-json\/wp\/v2\/comments?post=5690"}],"version-history":[{"count":1,"href":"https:\/\/kolektifmucadele1.org\/index.php\/wp-json\/wp\/v2\/posts\/5690\/revisions"}],"predecessor-version":[{"id":5692,"href":"https:\/\/kolektifmucadele1.org\/index.php\/wp-json\/wp\/v2\/posts\/5690\/revisions\/5692"}],"wp:featuredmedia":[{"embeddable":true,"href":"https:\/\/kolektifmucadele1.org\/index.php\/wp-json\/wp\/v2\/media\/5691"}],"wp:attachment":[{"href":"https:\/\/kolektifmucadele1.org\/index.php\/wp-json\/wp\/v2\/media?parent=5690"}],"wp:term":[{"taxonomy":"category","embeddable":true,"href":"https:\/\/kolektifmucadele1.org\/index.php\/wp-json\/wp\/v2\/categories?post=5690"},{"taxonomy":"post_tag","embeddable":true,"href":"https:\/\/kolektifmucadele1.org\/index.php\/wp-json\/wp\/v2\/tags?post=5690"},{"taxonomy":"manset","embeddable":true,"href":"https:\/\/kolektifmucadele1.org\/index.php\/wp-json\/wp\/v2\/manset?post=5690"}],"curies":[{"name":"wp","href":"https:\/\/api.w.org\/{rel}","templated":true}]}}