{"id":5726,"date":"2025-01-11T22:38:08","date_gmt":"2025-01-11T19:38:08","guid":{"rendered":"https:\/\/kolektifmucadele1.org\/?p=5726"},"modified":"2025-01-11T22:38:08","modified_gmt":"2025-01-11T19:38:08","slug":"gazeteciler-cihan-bilgin-ve-nazim-dastan-qamisloda-topraga-verildi","status":"publish","type":"post","link":"https:\/\/kolektifmucadele1.org\/index.php\/2025\/01\/11\/gazeteciler-cihan-bilgin-ve-nazim-dastan-qamisloda-topraga-verildi\/","title":{"rendered":"Gazeteciler Cihan Bilgin ve Naz\u0131m Da\u015ftan Qami\u015flo\u2019da topra\u011fa verildi"},"content":{"rendered":"\n<p>Kuzey ve Do\u011fu Suriye\u2019de 19 Aral\u0131k g\u00fcn\u00fc haber takibi esnas\u0131nda i\u015fgalci T\u00fcrk devletine ait S\u0130HA sald\u0131r\u0131s\u0131yla \u015fehit d\u00fc\u015fen gazeteciler Cihan Bilgin ve Naz\u0131m Da\u015ftan, Qami\u015flo\u2019daki \u015eeh\u00eed Del\u00eel Saroxan \u015eehitli\u011fi\u2019nde son yolculuklar\u0131na u\u011furland\u0131.<\/p>\n\n\n\n<p>Cenaze t\u00f6renine, gazetecilerin ailelerinin yan\u0131 s\u0131ra binlerce ki\u015fi kat\u0131ld\u0131.<\/p>\n\n\n\n<p>\u0130\u015fgalci T\u00fcrk devleti ve KDP y\u00f6netimi cenazelerin Bakur\u00ea Kurdistan&#8217;a gitmesini engelledi.<\/p>\n","protected":false},"excerpt":{"rendered":"<p>Kuzey ve Do\u011fu Suriye\u2019de 19 Aral\u0131k g\u00fcn\u00fc&#46;&#46;&#46;<\/p>\n","protected":false},"author":3,"featured_media":5727,"comment_status":"open","ping_status":"open","sticky":false,"template":"","format":"standard","meta":{"footnotes":""},"categories":[5],"tags":[],"manset":[],"class_list":["post-5726","post","type-post","status-publish","format-standard","has-post-thumbnail","hentry","category-etkinlikler"],"amp_enabled":true,"_links":{"self":[{"href":"https:\/\/kolektifmucadele1.org\/index.php\/wp-json\/wp\/v2\/posts\/5726","targetHints":{"allow":["GET"]}}],"collection":[{"href":"https:\/\/kolektifmucadele1.org\/index.php\/wp-json\/wp\/v2\/posts"}],"about":[{"href":"https:\/\/kolektifmucadele1.org\/index.php\/wp-json\/wp\/v2\/types\/post"}],"author":[{"embeddable":true,"href":"https:\/\/kolektifmucadele1.org\/index.php\/wp-json\/wp\/v2\/users\/3"}],"replies":[{"embeddable":true,"href":"https:\/\/kolektifmucadele1.org\/index.php\/wp-json\/wp\/v2\/comments?post=5726"}],"version-history":[{"count":1,"href":"https:\/\/kolektifmucadele1.org\/index.php\/wp-json\/wp\/v2\/posts\/5726\/revisions"}],"predecessor-version":[{"id":5728,"href":"https:\/\/kolektifmucadele1.org\/index.php\/wp-json\/wp\/v2\/posts\/5726\/revisions\/5728"}],"wp:featuredmedia":[{"embeddable":true,"href":"https:\/\/kolektifmucadele1.org\/index.php\/wp-json\/wp\/v2\/media\/5727"}],"wp:attachment":[{"href":"https:\/\/kolektifmucadele1.org\/index.php\/wp-json\/wp\/v2\/media?parent=5726"}],"wp:term":[{"taxonomy":"category","embeddable":true,"href":"https:\/\/kolektifmucadele1.org\/index.php\/wp-json\/wp\/v2\/categories?post=5726"},{"taxonomy":"post_tag","embeddable":true,"href":"https:\/\/kolektifmucadele1.org\/index.php\/wp-json\/wp\/v2\/tags?post=5726"},{"taxonomy":"manset","embeddable":true,"href":"https:\/\/kolektifmucadele1.org\/index.php\/wp-json\/wp\/v2\/manset?post=5726"}],"curies":[{"name":"wp","href":"https:\/\/api.w.org\/{rel}","templated":true}]}}