{"id":5750,"date":"2025-01-12T21:44:12","date_gmt":"2025-01-12T18:44:12","guid":{"rendered":"https:\/\/kolektifmucadele1.org\/?p=5750"},"modified":"2025-01-12T21:44:13","modified_gmt":"2025-01-12T18:44:13","slug":"yahudi-grubundan-cagri-israil-ve-siyonistlerle-tum-iliskilerinizi-kesin","status":"publish","type":"post","link":"https:\/\/kolektifmucadele1.org\/index.php\/2025\/01\/12\/yahudi-grubundan-cagri-israil-ve-siyonistlerle-tum-iliskilerinizi-kesin\/","title":{"rendered":"Yahudi grubundan \u00e7a\u011fr\u0131: \u0130srail ve Siyonistlerle t\u00fcm ili\u015fkilerinizi kesin"},"content":{"rendered":"\n<p>\u201cTorah Judaism\/Tevrat Yahudili\u011fi\u201d adl\u0131 Yahudi grubu, d\u00fcnya \u00fclkelerine, Siyonizm&#8217;in \u201csapk\u0131n ideolojisi\u201d \u00fczerine kuruldu\u011funu s\u00f6yledi\u011fi \u0130srail i\u015fgaliyle t\u00fcm ba\u011flar\u0131n\u0131 koparmalar\u0131 \u00e7a\u011fr\u0131s\u0131nda bulundu.<\/p>\n\n\n\n<p>Grup, \u201cT\u00fcm devletleri ve halklar\u0131 \u0130srail ve Siyonistlerle t\u00fcm ili\u015fkilerini kesmeye, onlara yard\u0131m etmemeye, \u00fclkenize girmelerine izin vermemeye \u00e7a\u011f\u0131r\u0131yoruz, \u00e7\u00fcnk\u00fc en ufak bir zay\u0131fl\u0131k g\u00f6sterdi\u011finizi hissederlerse, sizi ezmeye, size h\u00fckmetmeye ve sizi k\u00f6lele\u015ftirmeye \u00e7al\u0131\u015facaklard\u0131r\u201d dedi.<\/p>\n\n\n\n<p>S\u00f6z konusu grup, Yahudili\u011fi g\u00fc\u00e7l\u00fc bir \u015fekilde savunarak, onun, Nazilerle i\u015fbirli\u011fi i\u00e7inde Yahudilerin kan\u0131 \u00fczerine \u0130srail\u2019i kuran bir ideoloji olan Siyonizm\u2019e \u015fiddetle kar\u015f\u0131 \u00e7\u0131kan ve onu temsil etmeyen bir din oldu\u011funu belirtti.<\/p>\n\n\n\n<p>A\u00e7\u0131klamada, Siyonizm&#8217;e kar\u015f\u0131 \u00e7\u0131kan Yahudilerin, Nazi \u00f6l\u00fcm kamplar\u0131na g\u00f6nderildi\u011fi ve bu d\u00fc\u015f\u00fcncenin g\u00fcn\u00fcm\u00fcze kadar devam etti\u011fi belirtildi.<\/p>\n\n\n\n<p>Grup \u015f\u00f6yle devam etti: \u201cSiyonistler, Siyonizm\u2019i kabul etmeyen \u0130srail kar\u015f\u0131t\u0131 Yahudileri g\u00f6rd\u00fcklerinde ilk s\u00f6yledikleri \u015fey \u015fudur: Hitler sizi de \u00f6ld\u00fcrmeliydi, hepiniz gaz odalar\u0131nda \u00f6lmeyi hak ediyorsunuz.\u201d<\/p>\n\n\n\n<p>Holokost s\u0131ras\u0131nda Yahudilerin katledilmesini de hat\u0131rlatan \u201cTorah Judaism\/Tevrat Yahudili\u011fi\u201d grubu, Siyonistlerin, temel ama\u00e7lar\u0131 olan i\u015fgalci \u0130srail\u2019i kurmak i\u00e7in anti-Siyonist Yahudilerin kovu\u015fturulmas\u0131na m\u00fcdahale etmediklerini belirtti.<\/p>\n\n\n\n<p>\u201cSiyonistler Holokost kurbanlar\u0131n\u0131 kullanarak bir devlet kurdular. Kurulan bu devlet Siyonistlerin kirli planlar\u0131 ve Yahudilerin kan\u0131 \u00fczerine kurulmu\u015ftur.\u201d dedi. KY: YDH<\/p>\n","protected":false},"excerpt":{"rendered":"<p>\u201cTorah Judaism\/Tevrat Yahudili\u011fi\u201d adl\u0131 Yahudi grubu, d\u00fcnya&#46;&#46;&#46;<\/p>\n","protected":false},"author":3,"featured_media":5751,"comment_status":"open","ping_status":"open","sticky":false,"template":"","format":"standard","meta":{"footnotes":""},"categories":[11],"tags":[],"manset":[],"class_list":["post-5750","post","type-post","status-publish","format-standard","has-post-thumbnail","hentry","category-dunya"],"amp_enabled":true,"_links":{"self":[{"href":"https:\/\/kolektifmucadele1.org\/index.php\/wp-json\/wp\/v2\/posts\/5750","targetHints":{"allow":["GET"]}}],"collection":[{"href":"https:\/\/kolektifmucadele1.org\/index.php\/wp-json\/wp\/v2\/posts"}],"about":[{"href":"https:\/\/kolektifmucadele1.org\/index.php\/wp-json\/wp\/v2\/types\/post"}],"author":[{"embeddable":true,"href":"https:\/\/kolektifmucadele1.org\/index.php\/wp-json\/wp\/v2\/users\/3"}],"replies":[{"embeddable":true,"href":"https:\/\/kolektifmucadele1.org\/index.php\/wp-json\/wp\/v2\/comments?post=5750"}],"version-history":[{"count":1,"href":"https:\/\/kolektifmucadele1.org\/index.php\/wp-json\/wp\/v2\/posts\/5750\/revisions"}],"predecessor-version":[{"id":5752,"href":"https:\/\/kolektifmucadele1.org\/index.php\/wp-json\/wp\/v2\/posts\/5750\/revisions\/5752"}],"wp:featuredmedia":[{"embeddable":true,"href":"https:\/\/kolektifmucadele1.org\/index.php\/wp-json\/wp\/v2\/media\/5751"}],"wp:attachment":[{"href":"https:\/\/kolektifmucadele1.org\/index.php\/wp-json\/wp\/v2\/media?parent=5750"}],"wp:term":[{"taxonomy":"category","embeddable":true,"href":"https:\/\/kolektifmucadele1.org\/index.php\/wp-json\/wp\/v2\/categories?post=5750"},{"taxonomy":"post_tag","embeddable":true,"href":"https:\/\/kolektifmucadele1.org\/index.php\/wp-json\/wp\/v2\/tags?post=5750"},{"taxonomy":"manset","embeddable":true,"href":"https:\/\/kolektifmucadele1.org\/index.php\/wp-json\/wp\/v2\/manset?post=5750"}],"curies":[{"name":"wp","href":"https:\/\/api.w.org\/{rel}","templated":true}]}}