{"id":5753,"date":"2025-01-13T21:43:45","date_gmt":"2025-01-13T18:43:45","guid":{"rendered":"https:\/\/kolektifmucadele1.org\/?p=5753"},"modified":"2025-01-13T21:43:45","modified_gmt":"2025-01-13T18:43:45","slug":"kamu-emekcileri-is-birakti-2","status":"publish","type":"post","link":"https:\/\/kolektifmucadele1.org\/index.php\/2025\/01\/13\/kamu-emekcileri-is-birakti-2\/","title":{"rendered":"Kamu emek\u00e7ileri i\u015f b\u0131rakt\u0131"},"content":{"rendered":"\n<p>\u0130ktidar\u0131n emek\u00e7i ve emekliye lay\u0131k g\u00f6rd\u00fc\u011f\u00fc sefalet \u00fccreti ve zamm\u0131na kar\u015f\u0131 kamu emek\u00e7ileri \u00fclke genelinde i\u015f b\u0131rakt\u0131.<\/p>\n\n\n\n<p>Emek\u00e7iler, y\u00fczde 11,54\u2019l\u00fck zamma kar\u015f\u0131 yurdun d\u00f6rt bir yan\u0131nda meydanlara \u00e7\u0131kt\u0131.<\/p>\n\n\n\n<p>5 KONFEDERASYON ORTAK \u00c7A\u011eRI YAPMI\u015eTI<\/p>\n\n\n\n<p>\u0130\u015f b\u0131rakma eylemi i\u00e7in Kamu Emek\u00e7ileri Sendikalar\u0131 Konfederasyonu (KESK), Ba\u011f\u0131ms\u0131z Kamu G\u00f6revlileri Sendikalar\u0131 Konfederasyonu (BASK), H\u00fcrriyet\u00e7i Sendikalar Konfederasyonu (H\u00dcR SEN), Askeri \u0130\u015f Yerlerinde G\u00f6revli Kamu \u00c7al\u0131\u015fanlar\u0131 Sendikas\u0131 (AS\u0130M-SEN) ve Birle\u015fik Kamu \u0130\u015fg\u00f6renleri Sendikalar\u0131 Konfederasyonunun (B\u0130RLE\u015e\u0130K KAMU-\u0130\u015e) ortak \u00e7a\u011fr\u0131 yapm\u0131\u015ft\u0131.<\/p>\n\n\n\n<p>KESK E\u015f Genel Ba\u015fkanlar\u0131 Ayfer Ko\u00e7ak ve Ahmet Karag\u00f6z imzal\u0131 a\u00e7\u0131klamada, \u201c2025 y\u0131l\u0131n\u0131 y\u00fczde 30\u2019luk asgari \u00fccret zamm\u0131n\u0131n yan\u0131 s\u0131ra, kamu emek\u00e7ileri ve memur emeklilerine yap\u0131lan y\u00fczde 11,54; i\u015f\u00e7iler ve i\u015f\u00e7i emeklilerine reva g\u00f6r\u00fclen y\u00fczde 15,75\u2019lik sefalet zamlar\u0131 ile kar\u015f\u0131lad\u0131k. 1 Ocak\u2019tan itibaren vergi ve har\u00e7lara y\u00fczde 44 zam yap\u0131ld\u0131. 2025 b\u00fct\u00e7esine g\u00f6re att\u0131\u011f\u0131m\u0131z her ad\u0131mda \u00f6dedi\u011fimiz KDV\u2019de ge\u00e7ti\u011fimiz y\u0131la g\u00f6re y\u00fczde 81, \u00d6TV\u2019de ise y\u00fczde 51 art\u0131\u015f olacak. H\u00fck\u00fcmetin kendi alacaklar\u0131na yapt\u0131\u011f\u0131 zam oranlar\u0131 ortadayken, kamu emek\u00e7ilerine ve emeklilere reva g\u00f6r\u00fclen maa\u015f art\u0131\u015f oran\u0131n\u0131n sadece y\u00fczde 11,54 olmas\u0131 utan\u00e7 verici bir durumdur\u201d denildi.<\/p>\n\n\n\n<p>&#8220;Insanca ya\u015fayacak \u00fccret talebi&#8221;<\/p>\n\n\n\n<p>A\u00e7\u0131klamada, emek\u00e7ilerin enflasyon kar\u015f\u0131s\u0131nda ezildi\u011fi, sermayeninse her ge\u00e7en g\u00fcn daha fazla k\u00e2r etti\u011fi ifade edilirken, \u015f\u00f6yle devam edildi:<\/p>\n\n\n\n<p>\u201cTemel t\u00fcketim maddelerine ve kiralara yap\u0131lan y\u00fcksek oranl\u0131 zamlar, kamu emek\u00e7ilerinin ge\u00e7im ko\u015fullar\u0131n\u0131 zorla\u015ft\u0131r\u0131rken, al\u0131m g\u00fcc\u00fcm\u00fcz\u00fcn her ge\u00e7en g\u00fcn biraz daha d\u00fc\u015fmesine neden oluyor. Bu nedenle, vergide adaletin sa\u011flanmas\u0131, ek \u00f6demelerin emeklili\u011fe yans\u0131t\u0131lmas\u0131, insanca ya\u015fayacak bir \u00fccret talebi bug\u00fcn t\u00fcm kamu emek\u00e7ilerinin ortak talebi haline gelmi\u015f durumdad\u0131r.\u201d<\/p>\n\n\n\n<p>&#8220;A\u00e7lik sinirina mahkum ediliyoruz&#8221;<\/p>\n\n\n\n<p>Y\u0131llarca kamu hizmetinde \u00e7al\u0131\u015fan emek\u00e7ilerin emeklilik d\u00f6nemlerinde a\u00e7l\u0131k s\u0131n\u0131r\u0131n\u0131n alt\u0131nda ya\u015famaya mahk\u00fbm edildi\u011fine dikkat \u00e7ekilen a\u00e7\u0131klamada, resmi enflasyon rakamlar\u0131 ile halk\u0131n hissetti\u011fi enflasyon aras\u0131nda b\u00fcy\u00fck bir fark oldu\u011fu da vurguland\u0131.<\/p>\n\n\n\n<p>&#8220;Ger\u00e7ek enflasyon dikkate alinmali&#8221;<\/p>\n\n\n\n<p>A\u00e7\u0131klamada, \u201cAsgari \u00fccret ve kamu emek\u00e7isi maa\u015flar\u0131 yoksulluk s\u0131n\u0131r\u0131n\u0131n \u00fczerinde belirlenmeli, maa\u015f art\u0131\u015flar\u0131 Erdo\u011fan-\u015eim\u015fek program\u0131na g\u00f6re de\u011fil ger\u00e7ek enflasyon oran\u0131na g\u00f6re yap\u0131lmal\u0131d\u0131r\u201d ifadeleri kullan\u0131ld\u0131.<\/p>\n\n\n\n<p>A\u00e7\u0131klamada, toplumsal bar\u0131\u015f\u0131n in\u015fas\u0131n\u0131n ekonomiye katk\u0131lar\u0131na da dikkat \u00e7ekilerek \u015f\u00f6yle devam edildi:<\/p>\n\n\n\n<p>\u201cBiliyoruz ki, ger\u00e7ek demokrasinin tesisi, insan haklar\u0131 ve \u00f6zg\u00fcrl\u00fcklerin istisnas\u0131z g\u00fcvence alt\u0131na al\u0131nmas\u0131 ve toplumsal bar\u0131\u015f\u0131n in\u015fas\u0131, mutlak olarak sofralar\u0131m\u0131z\u0131n b\u00fcy\u00fcmesine ve refah\u0131m\u0131z\u0131n artmas\u0131na yol a\u00e7acakt\u0131r. Bu do\u011frultuda kamu emek\u00e7ileri olarak bizleri yoksullu\u011fa ve g\u00fcvencesizli\u011fe s\u00fcr\u00fckleyen politikalara kar\u015f\u0131 g\u00fc\u00e7lerimizi birle\u015ftiriyor, sesimizi y\u00fckseltiyoruz. Eme\u011fimizin kar\u015f\u0131l\u0131\u011f\u0131n\u0131 almak, \u00e7ocuklar\u0131m\u0131za daha iyi bir gelecek b\u0131rakmak i\u00e7in bug\u00fcn t\u00fcm i\u015fyerlerimizde i\u015f b\u0131rak\u0131yor ve siyasi iktidar\u0131 uyar\u0131yoruz. \u00c7\u00fcnk\u00fc ge\u00e7inemiyoruz.\u201d<\/p>\n\n\n\n<p>Kamu emek\u00e7ilerinin talepleri<\/p>\n\n\n\n<p>KESK&#8217;in a\u00e7\u0131klamas\u0131nda kamu emek\u00e7ilerinin talepleri ise \u015f\u00f6yle s\u0131raland\u0131:<\/p>\n\n\n\n<p>T\u00fcm emek\u00e7iler i\u00e7in insanca ya\u015fanabilir bir \u00fccret ve adil bir gelir da\u011f\u0131l\u0131m\u0131 istiyoruz,<\/p>\n\n\n\n<p>E\u015fit i\u015fe ; e\u015fit \u00fccret talep ediyoruz,<\/p>\n\n\n\n<p>Bu sefalet zam aldatmacas\u0131na kar\u015f\u0131, en d\u00fc\u015f\u00fck memur maa\u015f\u0131n\u0131n acilen yoksulluk s\u0131n\u0131r\u0131n\u0131n \u00fczerine yani 79.000 TL\u2019ye \u00e7\u0131kart\u0131lmas\u0131n\u0131 talep ediyoruz,<\/p>\n\n\n\n<p>Ba\u015fta metropoller olmak \u00fczere bar\u0131nma ihtiyac\u0131m\u0131z\u0131 imkans\u0131z hale getiren kira fiyatlar\u0131na kar\u015f\u0131, g\u00fcncel verilere denk d\u00fc\u015fen kira yard\u0131m\u0131 talep ediyoruz,<\/p>\n\n\n\n<p>Asgari \u00fccretin, insan onuruna yara\u015f\u0131r bir \u00fccret d\u00fczeyine \u00e7\u0131kart\u0131lmas\u0131n\u0131 talep ediyoruz,<\/p>\n\n\n\n<p>\u0130\u015fyerlerinde \u00fccretsiz kre\u015f a\u00e7\u0131lmas\u0131n\u0131 talep ediyoruz,<\/p>\n\n\n\n<p>Kamuda m\u00fclakat de\u011fil, liyakat, yani kadrolu g\u00fcvenceli istihdam talep ediyoruz,<\/p>\n\n\n\n<p>Seyyanen zamlar\u0131n, ek \u00f6demelerin emeklili\u011fe yans\u0131t\u0131lmas\u0131n\u0131, insanca ya\u015fayabilece\u011fimiz bir emeklilik talep ediyoruz,<\/p>\n\n\n\n<p>Kamu kaynaklar\u0131n\u0131n \u201cm\u00fc\u015fteri garantili\u201d projeler i\u00e7in de\u011fil, halk i\u00e7in kullan\u0131lmas\u0131n\u0131 talep ediyoruz,<\/p>\n\n\n\n<p>Vergide adalet, az kazanandan az, \u00e7ok kazanandan \u00e7ok, yani adil bir vergi sistemi ve 1. Vergi diliminin %10\u2019a d\u00fc\u015f\u00fcr\u00fclmesi ve sabitlenmesini istiyoruz,<\/p>\n\n\n\n<p>Bizleri toplu s\u00f6zle\u015fme masas\u0131 ad\u0131 alt\u0131nda, siyasal iktidar\u0131n iki duda\u011f\u0131 aras\u0131na b\u0131rakan ve t\u00fcm yetki ve karar\u0131n h\u00fck\u00fcmete terk edildi\u011fi sahte sendika yasas\u0131na kar\u015f\u0131, ger\u00e7ek grevli bir toplu s\u00f6zle\u015fme d\u00fczenlemesi istiyoruz.<\/p>\n","protected":false},"excerpt":{"rendered":"<p>\u0130ktidar\u0131n emek\u00e7i ve emekliye lay\u0131k g\u00f6rd\u00fc\u011f\u00fc sefalet&#46;&#46;&#46;<\/p>\n","protected":false},"author":3,"featured_media":5754,"comment_status":"open","ping_status":"open","sticky":false,"template":"","format":"standard","meta":{"footnotes":""},"categories":[6,5],"tags":[],"manset":[],"class_list":["post-5753","post","type-post","status-publish","format-standard","has-post-thumbnail","hentry","category-emek","category-etkinlikler"],"amp_enabled":true,"_links":{"self":[{"href":"https:\/\/kolektifmucadele1.org\/index.php\/wp-json\/wp\/v2\/posts\/5753","targetHints":{"allow":["GET"]}}],"collection":[{"href":"https:\/\/kolektifmucadele1.org\/index.php\/wp-json\/wp\/v2\/posts"}],"about":[{"href":"https:\/\/kolektifmucadele1.org\/index.php\/wp-json\/wp\/v2\/types\/post"}],"author":[{"embeddable":true,"href":"https:\/\/kolektifmucadele1.org\/index.php\/wp-json\/wp\/v2\/users\/3"}],"replies":[{"embeddable":true,"href":"https:\/\/kolektifmucadele1.org\/index.php\/wp-json\/wp\/v2\/comments?post=5753"}],"version-history":[{"count":1,"href":"https:\/\/kolektifmucadele1.org\/index.php\/wp-json\/wp\/v2\/posts\/5753\/revisions"}],"predecessor-version":[{"id":5755,"href":"https:\/\/kolektifmucadele1.org\/index.php\/wp-json\/wp\/v2\/posts\/5753\/revisions\/5755"}],"wp:featuredmedia":[{"embeddable":true,"href":"https:\/\/kolektifmucadele1.org\/index.php\/wp-json\/wp\/v2\/media\/5754"}],"wp:attachment":[{"href":"https:\/\/kolektifmucadele1.org\/index.php\/wp-json\/wp\/v2\/media?parent=5753"}],"wp:term":[{"taxonomy":"category","embeddable":true,"href":"https:\/\/kolektifmucadele1.org\/index.php\/wp-json\/wp\/v2\/categories?post=5753"},{"taxonomy":"post_tag","embeddable":true,"href":"https:\/\/kolektifmucadele1.org\/index.php\/wp-json\/wp\/v2\/tags?post=5753"},{"taxonomy":"manset","embeddable":true,"href":"https:\/\/kolektifmucadele1.org\/index.php\/wp-json\/wp\/v2\/manset?post=5753"}],"curies":[{"name":"wp","href":"https:\/\/api.w.org\/{rel}","templated":true}]}}