{"id":5780,"date":"2025-01-14T22:48:48","date_gmt":"2025-01-14T19:48:48","guid":{"rendered":"https:\/\/kolektifmucadele1.org\/?p=5780"},"modified":"2025-01-14T22:48:48","modified_gmt":"2025-01-14T19:48:48","slug":"akdeniz-belediyesine-kayyim-protestolari-suruyor","status":"publish","type":"post","link":"https:\/\/kolektifmucadele1.org\/index.php\/2025\/01\/14\/akdeniz-belediyesine-kayyim-protestolari-suruyor\/","title":{"rendered":"Akdeniz Belediyesine kayy\u0131m protestolar\u0131 s\u00fcr\u00fcyor"},"content":{"rendered":"\n<p>Akdeniz Belediyesi e\u015f ba\u015fkanlar\u0131 Ho\u015fyar Sar\u0131y\u0131ld\u0131z ve Nuriye Arslan ile Belediye Meclis \u00fcyeleri \u00d6zg\u00fcr \u00c7a\u011flar, Neslihan Oru\u00e7 ve Hikmet Bak\u0131rhan&#8217;\u0131n tutuklanmas\u0131 ve belediyeye kayy\u0131m atanmas\u0131na kar\u015f\u0131 yap\u0131lan eylemler devam ediyor. Kayy\u0131ma kar\u015f\u0131 y\u00fcr\u00fcy\u00fc\u015fle esnaf ziyaret yapmak isteyen Halklar\u0131n E\u015fitlik ve Demokrasi Partisi (DEM Parti) yatkilileri, bar\u0131\u015f anneleri ve Akdenizliler DEM Parti \u0130l\u00e7e \u00d6rg\u00fct\u00fc binas\u0131 \u00f6n\u00fcnde ablukaya al\u0131narak engellendi. G\u00fcvenlik g\u00fc\u00e7leri, ge\u00e7ici g\u00fcvenlik tedbirleri al\u0131nd\u0131\u011f\u0131n\u0131 savunurken, DEM Parti yetkilileri s\u00f6z konusu karar\u0131n taraflar\u0131na iletilmedi\u011fini dile getirdi.<\/p>\n\n\n\n<p>Parti binas\u0131 \u00f6n\u00fcnde abluka devam ederken se\u00e7menler ve DEM Parti yetkilileri bina \u00f6n\u00fcnde oturma eylemi ba\u015flatt\u0131.<\/p>\n\n\n\n<p>Oturma eylemi \u201cKayyum talan\u00ea, berxwdan jiyane (kayyum s\u00f6m\u00fcr\u00fcd\u00fcr, m\u00fccadele ya\u015famd\u0131r), \u201cAkden\u00eez ya me ye, \u015faredar\u00ee ya meye (Akdeniz bizimdir, belediye bizimdir)\u201d, \u201cB\u00eej\u00ee berxwedana Akden\u00eez (Ya\u015fas\u0131n Akdeniz\u2019in direni\u015fi) sloganlar\u0131yla ve Dengb\u00eaj Ramazan Eren\u2019in \u015fark\u0131lar\u0131yla devam etti.<\/p>\n\n\n\n<p>DEM Parti\u2019nin oturma eylemini sonland\u0131rmas\u0131n\u0131n ard\u0131ndan Akdenizlilere da\u011f\u0131lma \u00e7a\u011fr\u0131s\u0131 yap\u0131ld\u0131. Eyleme kat\u0131lanlar\u0131n bir k\u0131sm\u0131 da\u011f\u0131l\u0131rken bir k\u0131sm\u0131 ise Yenipazar Caddesi\u2019ne ge\u00e7erek burada y\u00fcr\u00fcy\u00fc\u015f yapt\u0131. Polis, eylemcilere biber gaz\u0131 s\u0131karak m\u00fcdahale etti. Protestolar s\u00fcr\u00fcyor.<\/p>\n","protected":false},"excerpt":{"rendered":"<p>Akdeniz Belediyesi e\u015f ba\u015fkanlar\u0131 Ho\u015fyar Sar\u0131y\u0131ld\u0131z ve&#46;&#46;&#46;<\/p>\n","protected":false},"author":3,"featured_media":5781,"comment_status":"open","ping_status":"open","sticky":false,"template":"","format":"standard","meta":{"footnotes":""},"categories":[5],"tags":[],"manset":[],"class_list":["post-5780","post","type-post","status-publish","format-standard","has-post-thumbnail","hentry","category-etkinlikler"],"amp_enabled":true,"_links":{"self":[{"href":"https:\/\/kolektifmucadele1.org\/index.php\/wp-json\/wp\/v2\/posts\/5780","targetHints":{"allow":["GET"]}}],"collection":[{"href":"https:\/\/kolektifmucadele1.org\/index.php\/wp-json\/wp\/v2\/posts"}],"about":[{"href":"https:\/\/kolektifmucadele1.org\/index.php\/wp-json\/wp\/v2\/types\/post"}],"author":[{"embeddable":true,"href":"https:\/\/kolektifmucadele1.org\/index.php\/wp-json\/wp\/v2\/users\/3"}],"replies":[{"embeddable":true,"href":"https:\/\/kolektifmucadele1.org\/index.php\/wp-json\/wp\/v2\/comments?post=5780"}],"version-history":[{"count":1,"href":"https:\/\/kolektifmucadele1.org\/index.php\/wp-json\/wp\/v2\/posts\/5780\/revisions"}],"predecessor-version":[{"id":5782,"href":"https:\/\/kolektifmucadele1.org\/index.php\/wp-json\/wp\/v2\/posts\/5780\/revisions\/5782"}],"wp:featuredmedia":[{"embeddable":true,"href":"https:\/\/kolektifmucadele1.org\/index.php\/wp-json\/wp\/v2\/media\/5781"}],"wp:attachment":[{"href":"https:\/\/kolektifmucadele1.org\/index.php\/wp-json\/wp\/v2\/media?parent=5780"}],"wp:term":[{"taxonomy":"category","embeddable":true,"href":"https:\/\/kolektifmucadele1.org\/index.php\/wp-json\/wp\/v2\/categories?post=5780"},{"taxonomy":"post_tag","embeddable":true,"href":"https:\/\/kolektifmucadele1.org\/index.php\/wp-json\/wp\/v2\/tags?post=5780"},{"taxonomy":"manset","embeddable":true,"href":"https:\/\/kolektifmucadele1.org\/index.php\/wp-json\/wp\/v2\/manset?post=5780"}],"curies":[{"name":"wp","href":"https:\/\/api.w.org\/{rel}","templated":true}]}}