{"id":581,"date":"2023-01-25T23:09:39","date_gmt":"2023-01-25T20:09:39","guid":{"rendered":"https:\/\/kolektifmucadele.org\/2023\/01\/25\/muglada-deprem\/"},"modified":"2023-01-25T23:09:39","modified_gmt":"2023-01-25T20:09:39","slug":"muglada-deprem","status":"publish","type":"post","link":"https:\/\/kolektifmucadele1.org\/index.php\/2023\/01\/25\/muglada-deprem\/","title":{"rendered":"MU\u011eLA&#8217;DA DEPREM"},"content":{"rendered":"\n<p>Mu\u011fla Seydikemer il\u00e7esinde 5.4 b\u00fcy\u00fckl\u00fc\u011f\u00fcnde deprem meydana geldi.<\/p>\n\n\n\n<p>AFAD\u2019\u0131n verdi\u011fi bilgiye g\u00f6re Mu\u011fla\u2019n\u0131n Seydikemer il\u00e7esinde, 5,4 b\u00fcy\u00fckl\u00fcnde deprem meydana geldi.<\/p>\n\n\n\n<p>Kandilli Rasathanesi ise, depremin b\u00fcy\u00fckl\u00fc\u011f\u00fcn\u00fc 5.7 olarak duyurdu.<\/p>\n","protected":false},"excerpt":{"rendered":"<p>Mu\u011fla Seydikemer il\u00e7esinde 5.4 b\u00fcy\u00fckl\u00fc\u011f\u00fcnde deprem meydana&#46;&#46;&#46;<\/p>\n","protected":false},"author":1,"featured_media":582,"comment_status":"closed","ping_status":"open","sticky":false,"template":"","format":"standard","meta":{"footnotes":""},"categories":[5],"tags":[],"manset":[],"class_list":["post-581","post","type-post","status-publish","format-standard","has-post-thumbnail","hentry","category-etkinlikler"],"amp_enabled":true,"_links":{"self":[{"href":"https:\/\/kolektifmucadele1.org\/index.php\/wp-json\/wp\/v2\/posts\/581","targetHints":{"allow":["GET"]}}],"collection":[{"href":"https:\/\/kolektifmucadele1.org\/index.php\/wp-json\/wp\/v2\/posts"}],"about":[{"href":"https:\/\/kolektifmucadele1.org\/index.php\/wp-json\/wp\/v2\/types\/post"}],"author":[{"embeddable":true,"href":"https:\/\/kolektifmucadele1.org\/index.php\/wp-json\/wp\/v2\/users\/1"}],"replies":[{"embeddable":true,"href":"https:\/\/kolektifmucadele1.org\/index.php\/wp-json\/wp\/v2\/comments?post=581"}],"version-history":[{"count":0,"href":"https:\/\/kolektifmucadele1.org\/index.php\/wp-json\/wp\/v2\/posts\/581\/revisions"}],"wp:featuredmedia":[{"embeddable":true,"href":"https:\/\/kolektifmucadele1.org\/index.php\/wp-json\/wp\/v2\/media\/582"}],"wp:attachment":[{"href":"https:\/\/kolektifmucadele1.org\/index.php\/wp-json\/wp\/v2\/media?parent=581"}],"wp:term":[{"taxonomy":"category","embeddable":true,"href":"https:\/\/kolektifmucadele1.org\/index.php\/wp-json\/wp\/v2\/categories?post=581"},{"taxonomy":"post_tag","embeddable":true,"href":"https:\/\/kolektifmucadele1.org\/index.php\/wp-json\/wp\/v2\/tags?post=581"},{"taxonomy":"manset","embeddable":true,"href":"https:\/\/kolektifmucadele1.org\/index.php\/wp-json\/wp\/v2\/manset?post=581"}],"curies":[{"name":"wp","href":"https:\/\/api.w.org\/{rel}","templated":true}]}}