{"id":5813,"date":"2025-01-19T02:34:08","date_gmt":"2025-01-18T23:34:08","guid":{"rendered":"https:\/\/kolektifmucadele1.org\/?p=5813"},"modified":"2025-01-19T02:34:09","modified_gmt":"2025-01-18T23:34:09","slug":"cumartesi-anneleri-1034-haftada-gozaltinda-oldurulen-abdullah-cananin-faillerinin-yargilanmasini-istedi","status":"publish","type":"post","link":"https:\/\/kolektifmucadele1.org\/index.php\/2025\/01\/19\/cumartesi-anneleri-1034-haftada-gozaltinda-oldurulen-abdullah-cananin-faillerinin-yargilanmasini-istedi\/","title":{"rendered":"Cumartesi Anneleri 1034. haftada, g\u00f6zalt\u0131nda \u00f6ld\u00fcr\u00fclen Abdullah Canan\u2019\u0131n faillerinin yarg\u0131lanmas\u0131n\u0131 istedi"},"content":{"rendered":"\n<p>G\u00f6zalt\u0131nda kaybedilen yak\u0131nlar\u0131n\u0131n ak\u0131betini sormak ve faillerin yarg\u0131lanmas\u0131n\u0131 talep etmek i\u00e7in Galatasaray Meydan\u0131\u2019nda 1995 y\u0131l\u0131ndan beri oturma eylemi yapan Cumartesi Anneleri bu hafta da meydandayd\u0131.<\/p>\n\n\n\n<p>Kay\u0131p yak\u0131nlar\u0131 1034. haftada, 17 Ocak 1996\u2019da g\u00f6zalt\u0131nda i\u015fkenceyle \u00f6ld\u00fcr\u00fclen Abdullah Canan\u2019\u0131n faillerinin yarg\u0131lanmas\u0131n\u0131 istedi.<\/p>\n\n\n\n<p>Cumartesi Anneleri\u2019nin eylemine CHP Diyarbak\u0131r Milletvekili Sezgin Tanr\u0131kulu ile eski CHP \u0130stanbul \u0130l Ba\u015fkan\u0131 Canan Kaftanc\u0131o\u011flu da destek verdi.<\/p>\n\n\n\n<p>Cumartesi Anneleri\u2019nin bu haftaki a\u00e7\u0131klamas\u0131n\u0131 G\u00fclseren Yoleri okudu.<\/p>\n\n\n\n<p>Yap\u0131lan a\u00e7\u0131klamada:<\/p>\n\n\n\n<p>&#8220;\u0130nsan haklar\u0131 hukukuna g\u00f6re, hakikati bilme hakk\u0131 yaln\u0131zca kay\u0131p yak\u0131nlar\u0131n\u0131n sahip oldu\u011fu bir hak de\u011fil, ayn\u0131 zamanda kollektif bir hak olarak da kabul edilir. Buna g\u00f6re; herkesin, ge\u00e7mi\u015fte i\u015flenen a\u011f\u0131r insan haklar\u0131 ihlallerine yol a\u00e7an ko\u015fullar ve nedenlere ili\u015fkin hakikati bilmeye hakk\u0131 vard\u0131r. Ancak T\u00fcrkiye\u2019de bu hak, maddi ger\u00e7e\u011fi a\u00e7\u0131\u011fa \u00e7\u0131karmakla y\u00fck\u00fcml\u00fc olan yarg\u0131 makamlar\u0131 taraf\u0131ndan engellenmektedir. Tan\u0131klara ve su\u00e7a i\u015ftirak edenlerin itiraflar\u0131na, Avrupa \u0130nsan Haklar\u0131 Mahkemesi (A\u0130HM) ve Anayasa Mahkemesi (AYM) kararlar\u0131na ra\u011fmen, g\u00f6zalt\u0131nda kaybetme davalar\u0131n\u0131n beraatle sonu\u00e7lanmas\u0131, hesap verebilirlik ve toplumsal iyile\u015fmeyi imkans\u0131zla\u015ft\u0131rmaktad\u0131r.<\/p>\n\n\n\n<p>&#8216;HUKUKSUZLU\u011eUN G\u00d6LGES\u0130NDE DEMOKRAT\u0130K A\u00c7ILIM&#8217;<\/p>\n\n\n\n<p>Daha d\u00fcn, Anayasa Mahkemesi\u2019nin verdi\u011fi ihlal karar\u0131 sonras\u0131 Eski\u015fehir 1&#8217;inci A\u011f\u0131r Ceza Mahkemesi&#8217;nde g\u00f6r\u00fclen Nezir Tek\u00e7i davas\u0131nda, san\u0131klar hakk\u0131nda yeniden beraat karar\u0131 verildi. Oysa asker tan\u0131klar, Tek\u00e7i\u2019nin nas\u0131l infaz edildi\u011fini mahkemede anlatt\u0131lar. 14 tan\u0131k, su\u00e7un i\u015flendi\u011fine dair beyanlarda bulundu. Avrupa \u0130nsan Haklar\u0131 Mahkemesi bu davada T\u00fcrkiye\u2019yi mahkum etti ve Anayasa Mahkemesi ihlal karar\u0131 verdi. \u0130\u015fte tam da bu nedenle soruyoruz: hakikat ve adalet talep edenlere bu taleplerinin asla kar\u015f\u0131lanmayaca\u011f\u0131 duygusu ya\u015fat\u0131l\u0131rken, bar\u0131\u015f\u0131n ko\u015fullar\u0131ndan s\u00f6z edilebilir mi? \u0130nkar\u0131n, hukuksuzlu\u011fun ve adaletsizli\u011fin g\u00f6lgesinde demokratik a\u00e7\u0131l\u0131mdan bahsedilebilir mi?<\/p>\n\n\n\n<p>1034.haftam\u0131zda, hukukun hi\u00e7e say\u0131ld\u0131\u011f\u0131 Abdullah Canan dosyas\u0131n\u0131 bir kez daha kamuoyu ile payla\u015f\u0131yoruz. 43 ya\u015f\u0131ndaki Abdullah Canan, Y\u00fcksekova\u2019da ya\u015fayan bir i\u015f insan\u0131yd\u0131. B\u00f6lgede yayg\u0131n bir bi\u00e7imde i\u015flenen ve ailesini de hedef alan a\u011f\u0131r hak ihlalleri nedeniyle savc\u0131l\u0131\u011fa ba\u015fvurdu. Yedi akrabas\u0131 ile birlikte yapt\u0131klar\u0131 ba\u015fvuruda, Y\u00fcksekova Da\u011f Komando Tabur Komutan\u0131 Binba\u015f\u0131 Mehmet Emin Yurdakul hakk\u0131nda su\u00e7 duyurusunda bulundu. Bunun \u00fczerine, Yurdakul, Canan ve \u015fik\u00e2yet\u00e7ilerden 2 ki\u015fiyi taburdaki makam\u0131na \u00e7a\u011f\u0131rarak, kendisi hakk\u0131ndaki \u015fik\u00e2yetlerinden vazge\u00e7melerini istedi. Abdullah Canan, \u015fikayetinden vazge\u00e7meyece\u011fini s\u00f6yledi\u011finde, Binba\u015f\u0131 Yurdakul taraf\u0131ndan tan\u0131klar \u00f6n\u00fcnde tehdit edildi.<\/p>\n\n\n\n<p>&#8216;G\u00d6ZALTINA ALINDI, TABURA G\u00d6T\u00dcR\u00dcLD\u00dc&#8217;<\/p>\n\n\n\n<p>Bu olaydan birka\u00e7 g\u00fcn sonra, Abdullah Canan, 17 Ocak 1996 sabah\u0131 Hakkari\u2019ye gitmek \u00fczere Y\u00fcksekova\u2019daki evinden ayr\u0131ld\u0131. Tan\u0131k beyanlar\u0131na g\u00f6re, Y\u00fcksekova &#8211; Van karayolunda askerler taraf\u0131ndan otomobili durdurularak g\u00f6zalt\u0131na al\u0131nd\u0131 ve askeri bir ara\u00e7la Y\u00fcksekova Da\u011f Komando Taburu&#8217;na g\u00f6t\u00fcr\u00fcld\u00fc. Ailesi, yerel ve ulusal t\u00fcm makamlara ba\u015fvurarak Canan\u2019\u0131n bulunmas\u0131n\u0131 istedi, ancak onun g\u00f6zalt\u0131na al\u0131nd\u0131\u011f\u0131 ink\u00e2r edildi. 21 \u015eubat 1996 g\u00fcn\u00fc, Abdullah Canan\u2019\u0131n a\u011f\u0131r i\u015fkence g\u00f6rm\u00fc\u015f cans\u0131z bedeni k\u00f6yl\u00fcler taraf\u0131ndan bulundu. Canan, yak\u0131n mesafeden at\u0131lan 7 kur\u015funla \u00f6ld\u00fcr\u00fclm\u00fc\u015f, elleri, ayaklar\u0131 ve a\u011fz\u0131 ba\u011fl\u0131 olarak Y\u00fcksekova- Esendere Karayolu\u2019ndaki bir menfeze b\u0131rak\u0131lm\u0131\u015ft\u0131.<\/p>\n\n\n\n<p>&#8216;S\u0130LAHLA \u00d6LD\u00dcR\u00dcLD\u00dc&#8217;<\/p>\n\n\n\n<p>Canan Ailesi, Y\u00fcksekova Cumhuriyet Ba\u015fsavc\u0131l\u0131\u011f\u0131&#8217;na ba\u015fvurarak, Abdullah Canan\u2019\u0131n \u00f6ld\u00fcr\u00fclmesinden sorumlu oldu\u011fu gerek\u00e7esiyle Binba\u015f\u0131 Yurdakul aleyhinde su\u00e7 duyurusunda bulundu. Y\u00fcksekova taburunda g\u00f6rev yapan itiraf\u00e7\u0131 Kahraman Bilgi\u00e7, savc\u0131ya verdi\u011fi ifadede; Abdullah Canan&#8217;\u0131n taburda i\u015fkence ile sorguland\u0131\u011f\u0131n\u0131, Tabur Komutan\u0131 Binba\u015f\u0131 Mehmet Emin Yurdakul\u2019un talimat\u0131 ile B\u00f6l\u00fck Komutan\u0131 Y\u00fczba\u015f\u0131 Nihat Yi\u011fiter taraf\u0131ndan silahla \u00f6ld\u00fcr\u00fcld\u00fc\u011f\u00fcn\u00fc detaylar\u0131yla anlatt\u0131.<\/p>\n\n\n\n<p>&#8216;SORU\u015eTURMA A\u00c7ILDI&#8217;<\/p>\n\n\n\n<p>Albay Kamber O\u011fur, Y\u00fcksekova Savc\u0131l\u0131\u011f\u0131na ba\u015fvurarak, g\u00f6zalt\u0131na al\u0131nd\u0131\u011f\u0131 inkar edilen Abdullah Canan\u2019\u0131 \u015eubat ay\u0131nda tabur kararg\u00e2h\u0131ndaki revirde, ba\u015f\u0131 sar\u0131l\u0131 vaziyette g\u00f6rd\u00fc\u011f\u00fcn\u00fc s\u00f6yledi. Kahraman Bilgi\u00e7, Binba\u015f\u0131 Mehmet Emin Yurdakul, Y\u00fczba\u015f\u0131 Nihat Yi\u011fiter ve \u00dcste\u011fmen B\u00fclent Yet\u00fct hakk\u0131nda Diyarbak\u0131r DGM Savc\u0131l\u0131\u011f\u0131\u2019nca soru\u015fturma a\u00e7\u0131ld\u0131. Bu ki\u015filer, Abdullah Canan\u2019\u0131 tasarlayarak \u00f6ld\u00fcrmekle su\u00e7land\u0131. Ancak 12 Kas\u0131m 1999 tarihinde, Hakk\u00e2ri A\u011f\u0131r Ceza Mahkemesi&#8217;nde g\u00f6r\u00fclen davada san\u0131klar hakk\u0131nda beraat karar\u0131 verildi. 2 Nisan 2001 tarihinde de Yarg\u0131tay 1. Ceza Dairesi beraat karar\u0131n\u0131 onad\u0131.<\/p>\n\n\n\n<p>&#8216;YA\u015eAM HAKKI \u0130HLAL ED\u0130LD\u0130&#8217;<\/p>\n\n\n\n<p>Canan Ailesi\u2019nin 1997 y\u0131l\u0131nda ba\u015fvurdu\u011fu A\u0130HM, 26 Haziran 2007 tarihinde dava sonucunu a\u00e7\u0131klad\u0131. A\u0130HM 3. Dairesi, &#8220;Aralar\u0131nda askeri personelin de yer ald\u0131\u011f\u0131 tan\u0131k beyanlar\u0131ndan da anla\u015f\u0131laca\u011f\u0131 \u00fczere Abdullah Canan&#8217;\u0131n g\u00f6zalt\u0131nda \u00f6ld\u00fcr\u00fcld\u00fc\u011f\u00fc mahkememizce saptanm\u0131\u015ft\u0131r. Canan, \u00f6ld\u00fcr\u00fclmeden \u00f6nce a\u011f\u0131r i\u015fkence g\u00f6rm\u00fc\u015ft\u00fcr&#8221; tespitinde bulunarak, T\u00fcrkiye&#8217;nin i\u00e7 hukukundaki yakla\u015f\u0131m\u0131n\u0131 \u015fa\u015fk\u0131nl\u0131k verici olarak de\u011ferlendirdi ve oy birli\u011fi ile ya\u015fam hakk\u0131n\u0131n esas ve usul y\u00f6n\u00fcnden ihlal edildi\u011fine karar verdi.<\/p>\n\n\n\n<p>&#8216;BU DAVA B\u0130Z\u0130M \u0130\u00c7\u0130N KAPANMAYACAK&#8217;<\/p>\n\n\n\n<p>G\u00f6zalt\u0131nda kaybedili\u015finin 29. y\u0131l\u0131nda bir kez daha hat\u0131rlat\u0131yoruz: Savc\u0131l\u0131k ifadelerinde, mahkeme tutanaklar\u0131nda, TBMM Ara\u015ft\u0131rma Komisyonu Raporu\u2019nda, Yarg\u0131tay Ba\u015fsavc\u0131s\u0131\u2019n\u0131n Yarg\u0131tay Ceza Genel Kurulu\u2019na yapt\u0131\u011f\u0131 itiraz yaz\u0131s\u0131nda, A\u0130HM karar\u0131nda Abdullah Canan\u2019\u0131 g\u00f6zalt\u0131na alanlar\u0131n, i\u015fkence ile katledip bedenini kaybedenlerin isimleri yaz\u0131l\u0131d\u0131r. Abdullah Canan\u2019\u0131n faillerinin \u00fczerindeki koruma kalkan\u0131 kald\u0131r\u0131lana ve yeniden yarg\u0131lan\u0131p cezaland\u0131r\u0131lana kadar bu dava bizim i\u00e7in kapanmayacak. Ka\u00e7 y\u0131l ge\u00e7erse ge\u00e7sin Abdullah Canan i\u00e7in, t\u00fcm kay\u0131plar\u0131m\u0131z i\u00e7in adalet istemekten; devletin evrensel hukuk normlar\u0131 i\u00e7inde hareket etmek zorunda oldu\u011funu hat\u0131rlatmaktan vazge\u00e7meyece\u011fiz.&#8221;<\/p>\n","protected":false},"excerpt":{"rendered":"<p>G\u00f6zalt\u0131nda kaybedilen yak\u0131nlar\u0131n\u0131n ak\u0131betini sormak ve faillerin&#46;&#46;&#46;<\/p>\n","protected":false},"author":3,"featured_media":5814,"comment_status":"open","ping_status":"open","sticky":false,"template":"","format":"standard","meta":{"footnotes":""},"categories":[5],"tags":[],"manset":[],"class_list":["post-5813","post","type-post","status-publish","format-standard","has-post-thumbnail","hentry","category-etkinlikler"],"amp_enabled":true,"_links":{"self":[{"href":"https:\/\/kolektifmucadele1.org\/index.php\/wp-json\/wp\/v2\/posts\/5813","targetHints":{"allow":["GET"]}}],"collection":[{"href":"https:\/\/kolektifmucadele1.org\/index.php\/wp-json\/wp\/v2\/posts"}],"about":[{"href":"https:\/\/kolektifmucadele1.org\/index.php\/wp-json\/wp\/v2\/types\/post"}],"author":[{"embeddable":true,"href":"https:\/\/kolektifmucadele1.org\/index.php\/wp-json\/wp\/v2\/users\/3"}],"replies":[{"embeddable":true,"href":"https:\/\/kolektifmucadele1.org\/index.php\/wp-json\/wp\/v2\/comments?post=5813"}],"version-history":[{"count":1,"href":"https:\/\/kolektifmucadele1.org\/index.php\/wp-json\/wp\/v2\/posts\/5813\/revisions"}],"predecessor-version":[{"id":5815,"href":"https:\/\/kolektifmucadele1.org\/index.php\/wp-json\/wp\/v2\/posts\/5813\/revisions\/5815"}],"wp:featuredmedia":[{"embeddable":true,"href":"https:\/\/kolektifmucadele1.org\/index.php\/wp-json\/wp\/v2\/media\/5814"}],"wp:attachment":[{"href":"https:\/\/kolektifmucadele1.org\/index.php\/wp-json\/wp\/v2\/media?parent=5813"}],"wp:term":[{"taxonomy":"category","embeddable":true,"href":"https:\/\/kolektifmucadele1.org\/index.php\/wp-json\/wp\/v2\/categories?post=5813"},{"taxonomy":"post_tag","embeddable":true,"href":"https:\/\/kolektifmucadele1.org\/index.php\/wp-json\/wp\/v2\/tags?post=5813"},{"taxonomy":"manset","embeddable":true,"href":"https:\/\/kolektifmucadele1.org\/index.php\/wp-json\/wp\/v2\/manset?post=5813"}],"curies":[{"name":"wp","href":"https:\/\/api.w.org\/{rel}","templated":true}]}}