{"id":5832,"date":"2025-01-19T22:23:17","date_gmt":"2025-01-19T19:23:17","guid":{"rendered":"https:\/\/kolektifmucadele1.org\/?p=5832"},"modified":"2025-01-19T22:23:17","modified_gmt":"2025-01-19T19:23:17","slug":"filistin-halki-siyonizmin-ve-somurgeci-ortaklarinin-karsisinda-geri-adim-atmadi","status":"publish","type":"post","link":"https:\/\/kolektifmucadele1.org\/index.php\/2025\/01\/19\/filistin-halki-siyonizmin-ve-somurgeci-ortaklarinin-karsisinda-geri-adim-atmadi\/","title":{"rendered":"\u201cFilistin halk\u0131 Siyonizmin ve s\u00f6m\u00fcrgeci ortaklar\u0131n\u0131n kar\u015f\u0131s\u0131nda geri ad\u0131m atmad\u0131!\u201d"},"content":{"rendered":"\n<p>Filistin Eylem Komitesi\u2019nin \u00e7a\u011fr\u0131s\u0131yla Filistin halk\u0131n\u0131n onurlu m\u00fccadelesini selamlamak ve i\u015fgal devleti \u0130srail\u2019in tecrit edilmesi talebini y\u00fckseltmek i\u00e7in bug\u00fcn saat 18.30\u2019da T\u00fcnel Meydan\u0131\u2019nda bulu\u015fanlar, \u201cDirenen Filistin halk\u0131na bin selam, soyk\u0131r\u0131mc\u0131 \u0130srail\u2019e tam ambargo\u201d yaz\u0131l\u0131 pankart ta\u015f\u0131d\u0131.<\/p>\n\n\n\n<p>468 g\u00fcn s\u00fcren soyk\u0131r\u0131m sald\u0131r\u0131s\u0131n\u0131 direni\u015fle durduran Filistin halk\u0131 ile dayan\u0131\u015fanlar \u201c\u0130srail\u2019e tam ambargo\u201d talebini yineledi.<\/p>\n\n\n\n<p>Eylemde bir bas\u0131n a\u00e7\u0131klamas\u0131 yap\u0131ld\u0131. Bas\u0131n metnini Nihle Kalem okudu.<\/p>\n\n\n\n<p>Direnen Filistin Halk\u0131na Bin Selam! Soyk\u0131r\u0131mc\u0131ya Tam Ambargo!<\/p>\n\n\n\n<p>Filistin halk\u0131 Siyonizmin ve s\u00f6m\u00fcrgeci ortaklar\u0131n\u0131n kar\u015f\u0131s\u0131nda geri ad\u0131m atmad\u0131!<\/p>\n\n\n\n<p>Gazze\u2019ye y\u00f6nelik 470 g\u00fcnd\u00fcr devam eden soyk\u0131r\u0131m sald\u0131r\u0131s\u0131, Filistin halk\u0131n\u0131n direncine yenildi ve Siyonist rejim hi\u00e7bir hedefine ula\u015famadan geri \u00e7ekilmek zorunda kald\u0131.<\/p>\n\n\n\n<p>Filistin\u2019de tek bir Filistinli kalmamas\u0131 i\u00e7in on binlerce insan\u0131 yasakl\u0131 silahlarla katleden, 2 milyon insan\u0131 bar\u0131naks\u0131z, g\u0131das\u0131z, ila\u00e7s\u0131z b\u0131rakarak anayurdundan g\u00f6\u00e7e zorlayan, onlarca hastaneyi yerle bir eden Siyonist rejim Filistin halk\u0131n\u0131n iradesine ve direni\u015fin azmine yenildi. Bug\u00fcn Filistin halk\u0131 bir arada, ayakta ve topra\u011f\u0131na sahip \u00e7\u0131kman\u0131n gururunu ya\u015f\u0131yor. \u0130\u015fgal devleti \u0130srail ise son ana kadar ayak diredi\u011fi ate\u015fkesi kabul etmek zorunda kald\u0131. Ya\u015fad\u0131\u011f\u0131 askeri ba\u015far\u0131s\u0131zl\u0131\u011f\u0131n ard\u0131ndan Siyonist rejimden \u00e7\u00f6z\u00fclme i\u015faretleri geliyor.<\/p>\n\n\n\n<p>Y\u00fcz y\u0131ld\u0131r emperyalist ya\u011fmac\u0131l\u0131\u011fa, barbarca sald\u0131r\u0131lara ve i\u015flenen insanl\u0131k su\u00e7lar\u0131na kar\u015f\u0131 Filistin halk\u0131 elindeki her imk\u00e2n ve ara\u00e7la direnmeye, topra\u011f\u0131na daha s\u0131k\u0131 sar\u0131lmaya devam etti. Soyk\u0131r\u0131m s\u00fcrecindeki vah\u015fice sald\u0131r\u0131lara ra\u011fmen Filistin halk\u0131n\u0131n direni\u015f iradesi k\u0131r\u0131lamad\u0131. Direni\u015f liderlerinden Yahya Sinvar\u2019\u0131n hayat\u0131n\u0131n son anlar\u0131nda soyk\u0131r\u0131mc\u0131 \u0130srail ordusuna f\u0131rlatt\u0131\u011f\u0131 sopa, Filistin halk\u0131n\u0131n direngenli\u011finin sembol\u00fc olarak d\u00fcnya halklar\u0131n\u0131n haf\u0131zas\u0131na kaz\u0131nd\u0131. Filistin halk\u0131 zor \u015fartlar alt\u0131nda soyk\u0131r\u0131m sald\u0131r\u0131s\u0131n\u0131 durdurarak, bug\u00fcn s\u00f6m\u00fcrgecili\u011fe kar\u015f\u0131 d\u00fcnya direni\u015f tarihine yeni bir zafer arma\u011fan ediyor.<\/p>\n\n\n\n<p>Filistin direni\u015finin 7 Ekim 2023\u2019teki Aksa Tufan\u0131 hamlesi ve sonras\u0131nda ya\u015fananlar, s\u00f6m\u00fcrgeci egemen g\u00fc\u00e7lerle halklar aras\u0131ndaki \u00e7eli\u015fkiyi de keskinle\u015ftirdi ve t\u00fcm co\u011frafyalarda saflar\u0131 netle\u015ftirdi. S\u00f6m\u00fcrgeci devletler, \u0131rk\u00e7\u0131lar, k\u00fcresel sermaye gruplar\u0131 Siyonizmin arkas\u0131nda s\u0131ralan\u0131rken; d\u00fcnyan\u0131n her k\u00f6\u015fesindeki s\u00f6m\u00fcrge kar\u015f\u0131tlar\u0131, Filistin halk\u0131n\u0131n m\u00fccadelesinin etraf\u0131nda topland\u0131.<\/p>\n\n\n\n<p>76 y\u0131ld\u0131r Filistin\u2019de i\u015fledi\u011fi say\u0131s\u0131z insanl\u0131k su\u00e7una kar\u015f\u0131l\u0131k hi\u00e7bir yapt\u0131r\u0131ma u\u011framayan i\u015fgal devleti, bu cezas\u0131zl\u0131\u011fa dayanarak 7 Ekim 2023\u2019ten sonra Filistin\u2019de bir imha sava\u015f\u0131na giri\u015febildi. Ayr\u0131m g\u00f6zetmeksizin b\u00fct\u00fcn bir Gazze\u2019yi aral\u0131ks\u0131z bombalad\u0131, altyap\u0131s\u0131n\u0131 yok etti, temel ihtiya\u00e7lar\u0131n giri\u015fini engelleyerek Gazze\u2019deki 2 milyondan fazla insan\u0131 topra\u011f\u0131n\u0131 terk etmekle \u00f6l\u00fcm aras\u0131nda bir se\u00e7im yapmaya zorlad\u0131. Ancak Filistin halk\u0131n\u0131n kararl\u0131 direni\u015fi ve ba\u015fta L\u00fcbnan ve Yemen\u2019deki direni\u015f g\u00fc\u00e7lerinin Filistin\u2019le fedak\u00e2rca dayan\u0131\u015fmas\u0131, \u00fc\u00e7\u00fcnc\u00fc bir se\u00e7ene\u011fin oldu\u011funu Siyonizm\u2019e ve t\u00fcm s\u00f6m\u00fcrgecilere tekrar hat\u0131rlatt\u0131. Bu se\u00e7enek, Filistinlilerin Filistin\u2019de ve \u00f6zg\u00fcr bir halk olarak ya\u015famas\u0131d\u0131r. Bu se\u00e7enek Filistinlilerin tarihsel ve me\u015fru hakk\u0131d\u0131r.<\/p>\n\n\n\n<p>Soyk\u0131r\u0131mc\u0131lar ve Su\u00e7 Ortaklar\u0131 Yarg\u0131lanacak!<\/p>\n\n\n\n<p>Kendisi de on y\u0131llar boyunca \u0131rk-ayr\u0131mc\u0131 bir rejime kar\u015f\u0131 m\u00fccadele eden ve sonunda zafere ula\u015fan G\u00fcney Afrika, Filistin\u2019de ya\u015fanan soyk\u0131r\u0131ma sessiz kalmad\u0131 ve i\u015fgal devletinin Uluslararas\u0131 Adalet Divan\u0131\u2019nda yarg\u0131lanmas\u0131n\u0131 sa\u011flayarak \u0130srail\u2019in gayrime\u015fru bir rejim oldu\u011funu yeni kan\u0131tlarla ortaya serdi.&nbsp; Gelinen noktada, \u0130srail\u2019in i\u015fgalci ve soyk\u0131r\u0131mc\u0131 oldu\u011fu uluslararas\u0131 hukuk kurumlar\u0131nca da tescillenmi\u015f durumda. \u0130\u015fgal devleti h\u00fck\u00fcmetinin \u00fcst d\u00fczey yetkililerine, soyk\u0131r\u0131m su\u00e7lamas\u0131 nedeniyle d\u00fcnyan\u0131n pek \u00e7ok \u00fclkesinde tutuklama karar\u0131 \u00e7\u0131kar\u0131ld\u0131. Soyk\u0131r\u0131mda g\u00f6rev alm\u0131\u015f askerlere \u015fimdiden 10 \u00fclkede soru\u015fturma a\u00e7\u0131ld\u0131.<\/p>\n\n\n\n<p>Filistin halk\u0131n\u0131n dostlar\u0131 olarak biz de soyk\u0131r\u0131mc\u0131lar\u0131n ve su\u00e7 ortaklar\u0131n\u0131n pe\u015fini b\u0131rakmayaca\u011f\u0131z. T\u00fcrkiye\u2019den soyk\u0131r\u0131ma en k\u00fc\u00e7\u00fck dahli olan ki\u015filerin, kurumlar\u0131n ve \u015firketlerin yarg\u0131lanmas\u0131 i\u00e7in \u00e7aba g\u00f6sterece\u011fiz!<\/p>\n\n\n\n<p>M\u00fccadele S\u00fcrecek, Nehirden Denize Filistin \u00d6zg\u00fcr Olana Dek!<\/p>\n\n\n\n<p>Filistin halk\u0131na y\u00f6nelik imha sald\u0131r\u0131s\u0131n\u0131 m\u00fcmk\u00fcn ve s\u00fcre\u011fen k\u0131lan \u015feyin emperyalist g\u00fc\u00e7lerin \u0130srail\u2019e sundu\u011fu s\u0131n\u0131rs\u0131z destek oldu\u011funu biliyoruz. T\u00fcrkiye devleti de emperyalist g\u00fc\u00e7lerin m\u00fcttefiki olarak, soyk\u0131r\u0131m sald\u0131r\u0131s\u0131 boyunca \u0130srail\u2019in ihtiya\u00e7lar\u0131n\u0131 temin etmeyi s\u00fcrd\u00fcrd\u00fc ve i\u015fgal devletiyle ili\u015fkisi olan sermaye gruplar\u0131n\u0131 engellemedi. Filistin halk\u0131n\u0131n T\u00fcrkiye\u2019deki dostlar\u0131n\u0131n yo\u011fun bask\u0131s\u0131 sonucunda T\u00fcrkiye her ne kadar \u0130srail\u2019le ticareti ask\u0131ya ald\u0131\u011f\u0131n\u0131 a\u00e7\u0131klasa da ticaret dolayl\u0131 yollardan devam etti. Soyk\u0131r\u0131m\u0131n petrol\u00fc T\u00fcrkiye \u00fczerinden akt\u0131, T\u00fcrkiye limanlar\u0131 Siyonist \u015firketlere a\u00e7\u0131k tutuldu. T\u00fcrkiye\u2019deki askeri \u00fcsler i\u015fgal devletine istihbarat deste\u011fi sa\u011flad\u0131.<\/p>\n\n\n\n<p>\u0130srail\u2019le ticareti ask\u0131ya alma karar\u0131, Filistin\u2019le ilkeli bir dayan\u0131\u015fma talep eden kitlelerin kazan\u0131m\u0131d\u0131r. Ate\u015fkesten sonra, sald\u0131r\u0131lar\u0131n durmas\u0131n\u0131 gerek\u00e7e g\u00f6stererek bu karar\u0131n geri \u00e7ekilmesini kabul etmeyece\u011fimizi buradan duyuruyoruz. \u00c7\u00fcnk\u00fc bug\u00fcn Filistin\u2019de soyk\u0131r\u0131m sald\u0131r\u0131s\u0131 durmu\u015f olsa da bunun nihai bir durum olmad\u0131\u011f\u0131n\u0131 biliyoruz. \u0130\u015fgal devleti varolu\u015fu gere\u011fi s\u00fcrekli i\u015fgal, yay\u0131lma, ilhak ve katliamla beslenmek zorunda. Filistin halk\u0131n\u0131n \u00f6zg\u00fcrl\u00fc\u011f\u00fc hilaf\u0131na var olmaya devam bu \u0131rk\u00e7\u0131-i\u015fgalci rejim tarihin \u00e7\u00f6pl\u00fc\u011f\u00fcne g\u00f6nderilmelidir. Bunun yolu da bu gayrime\u015fru rejimin, s\u00fcrekli ve tam bir ambargoya u\u011frat\u0131larak yaln\u0131zla\u015ft\u0131r\u0131lmas\u0131 ve beslendi\u011fi t\u00fcm kaynaklar\u0131n kesilmesidir. Biz, Filistin halk\u0131n\u0131n dostlar\u0131 olarak, Filistin nehirden denize \u00f6zg\u00fcrle\u015fene dek, i\u015fgal devleti \u0130srail\u2019le t\u00fcm ili\u015fkilerin ko\u015fulsuz ve s\u00fcresiz kesilmesi i\u00e7in m\u00fccadelemizi s\u00fcrd\u00fcrece\u011fiz.<\/p>\n\n\n\n<p>T\u00fcrkiye\u2019deki siyasi otoriteye buradan sesleniyoruz: \u0130\u015fgalden nemalan\u0131p Filistin i\u00e7in timsah g\u00f6zya\u015flar\u0131 d\u00f6kmeyi b\u0131rak\u0131n! Filistin halk\u0131n\u0131n \u00f6zg\u00fcrl\u00fck m\u00fccadelesini ger\u00e7ekten desteklemek istiyorsan\u0131z;<\/p>\n\n\n\n<p>\u0130srail\u2019le t\u00fcm askeri anla\u015fmalar\u0131 derhal feshedin ve askeri ambargo karar\u0131 al\u0131n!<\/p>\n\n\n\n<p>\u0130\u015fgal devletini koruyan askeri \u00fcsleri kapat\u0131n!<\/p>\n\n\n\n<p>Soyk\u0131r\u0131ma petrol ak\u0131\u015f\u0131n\u0131 keserek enerji ambargosu ilan edin!<\/p>\n\n\n\n<p>Serbest Ticaret Anla\u015fmas\u0131\u2019n\u0131 iptal edin! Siyonistlerle ticareti engelleyin!<\/p>\n\n\n\n<p>\u0130\u015fgal devletiyle t\u00fcm diplomatik ili\u015fkileri kesin!<\/p>\n\n\n\n<p>\u0130srail\u2019de faaliyet y\u00fcr\u00fcten T\u00fcrk \u015firketlerini b\u00fct\u00fcn yat\u0131r\u0131mlar\u0131n\u0131 geri \u00e7ekmeye zorlay\u0131n!<\/p>\n\n\n\n<p>Bug\u00fcn itibariyle \u00fczerimizde yeni bir sorumluluk daha ta\u015f\u0131yoruz: Korkun\u00e7 bir y\u0131k\u0131ma u\u011frayan Gazze\u2019nin yeniden in\u015fas\u0131na katk\u0131 sunmak ve Filistin halk\u0131yla do\u011frudan dayan\u0131\u015fma a\u011flar\u0131 \u00f6rmek. Direngenli\u011fiyle soyk\u0131r\u0131mc\u0131lar\u0131 dize getiren Filistin halk\u0131na selam olsun! \u015eehitlere \u015fan, yaral\u0131lara \u015fifa, esirlere \u00f6zg\u00fcrl\u00fck, halka zafer!<\/p>\n","protected":false},"excerpt":{"rendered":"<p>Filistin Eylem Komitesi\u2019nin \u00e7a\u011fr\u0131s\u0131yla Filistin halk\u0131n\u0131n onurlu&#46;&#46;&#46;<\/p>\n","protected":false},"author":3,"featured_media":5833,"comment_status":"open","ping_status":"open","sticky":false,"template":"","format":"standard","meta":{"footnotes":""},"categories":[5],"tags":[],"manset":[],"class_list":["post-5832","post","type-post","status-publish","format-standard","has-post-thumbnail","hentry","category-etkinlikler"],"amp_enabled":true,"_links":{"self":[{"href":"https:\/\/kolektifmucadele1.org\/index.php\/wp-json\/wp\/v2\/posts\/5832","targetHints":{"allow":["GET"]}}],"collection":[{"href":"https:\/\/kolektifmucadele1.org\/index.php\/wp-json\/wp\/v2\/posts"}],"about":[{"href":"https:\/\/kolektifmucadele1.org\/index.php\/wp-json\/wp\/v2\/types\/post"}],"author":[{"embeddable":true,"href":"https:\/\/kolektifmucadele1.org\/index.php\/wp-json\/wp\/v2\/users\/3"}],"replies":[{"embeddable":true,"href":"https:\/\/kolektifmucadele1.org\/index.php\/wp-json\/wp\/v2\/comments?post=5832"}],"version-history":[{"count":1,"href":"https:\/\/kolektifmucadele1.org\/index.php\/wp-json\/wp\/v2\/posts\/5832\/revisions"}],"predecessor-version":[{"id":5834,"href":"https:\/\/kolektifmucadele1.org\/index.php\/wp-json\/wp\/v2\/posts\/5832\/revisions\/5834"}],"wp:featuredmedia":[{"embeddable":true,"href":"https:\/\/kolektifmucadele1.org\/index.php\/wp-json\/wp\/v2\/media\/5833"}],"wp:attachment":[{"href":"https:\/\/kolektifmucadele1.org\/index.php\/wp-json\/wp\/v2\/media?parent=5832"}],"wp:term":[{"taxonomy":"category","embeddable":true,"href":"https:\/\/kolektifmucadele1.org\/index.php\/wp-json\/wp\/v2\/categories?post=5832"},{"taxonomy":"post_tag","embeddable":true,"href":"https:\/\/kolektifmucadele1.org\/index.php\/wp-json\/wp\/v2\/tags?post=5832"},{"taxonomy":"manset","embeddable":true,"href":"https:\/\/kolektifmucadele1.org\/index.php\/wp-json\/wp\/v2\/manset?post=5832"}],"curies":[{"name":"wp","href":"https:\/\/api.w.org\/{rel}","templated":true}]}}