{"id":5926,"date":"2025-02-03T22:24:01","date_gmt":"2025-02-03T19:24:01","guid":{"rendered":"https:\/\/kolektifmucadele1.org\/?p=5926"},"modified":"2025-02-03T22:24:01","modified_gmt":"2025-02-03T19:24:01","slug":"berlinde-on-binlerce-kisi-asiri-saga-karsi-yurudu","status":"publish","type":"post","link":"https:\/\/kolektifmucadele1.org\/index.php\/2025\/02\/03\/berlinde-on-binlerce-kisi-asiri-saga-karsi-yurudu\/","title":{"rendered":"Berlin\u2019de on binlerce ki\u015fi a\u015f\u0131r\u0131 sa\u011fa kar\u015f\u0131 y\u00fcr\u00fcd\u00fc"},"content":{"rendered":"\n<p>Alman parlamentosu Bundestag\u2019\u0131n \u00f6n\u00fcnde ger\u00e7ekle\u015fen g\u00f6steriye polise g\u00f6re 160 bin, organizat\u00f6rlere g\u00f6re ise 250 bin ki\u015fi kat\u0131ld\u0131.<\/p>\n\n\n\n<p>Cumartesi g\u00fcn\u00fc de Hamburg, Leipzig, K\u00f6ln ve Stuttgart gibi b\u00fcy\u00fck \u015fehirlerde yap\u0131lan protestolara 220 binin \u00fczerinde ki\u015fi kat\u0131lm\u0131\u015ft\u0131.<\/p>\n\n\n\n<p>G\u00f6stericiler, Almanya\u2019n\u0131n sava\u015f sonras\u0131 demokrasi k\u00fclt\u00fcr\u00fcn\u00fc tehdit eden bu \u201c\u015feytanla anla\u015fma\u201dya kar\u015f\u0131 harekete ge\u00e7tiklerini dile getirdi.<\/p>\n\n\n\n<p>CDU \u00fcyesi Michel Friedman, Anayasa\u2019daki \u201c\u0130nsan onuru dokunulmazd\u0131r\u201d ifadesini hat\u0131rlatarak AfD ile i\u015fbirli\u011finin tehlikelerine dikkat \u00e7ekti.&nbsp;<\/p>\n\n\n\n<p>Ge\u00e7ti\u011fimiz hafta Merz, Meclis\u2019te s\u0131\u011f\u0131nmac\u0131lar\u0131n ve belgesiz yabanc\u0131lar\u0131n s\u0131n\u0131rda engellenmesini \u00f6ng\u00f6ren bir \u00f6nergeyi AfD deste\u011fiyle ge\u00e7irdi. Bu geli\u015fme Almanya\u2019da uzun s\u00fcredir uygulanan \u201cg\u00fcvenlik duvar\u0131\u201d politikas\u0131n\u0131 ihlal ederek, a\u015f\u0131r\u0131 sa\u011fla ilk ciddi yak\u0131nla\u015fma olarak yorumland\u0131.&nbsp;<\/p>\n\n\n\n<p>G\u00f6steriler, CDU\u2019nun g\u00f6\u00e7 politikalar\u0131nda sertle\u015fmesi ve k\u0131sa s\u00fcre \u00f6nce bir Afgan s\u0131\u011f\u0131nmac\u0131n\u0131n kar\u0131\u015ft\u0131\u011f\u0131 \u00f6l\u00fcmc\u00fcl b\u0131\u00e7aklama olay\u0131 sonras\u0131 ya\u015fanan toplumsal gerilimle de ba\u011flant\u0131l\u0131.<\/p>\n\n\n\n<p>Merz, bu sert tutumun AfD\u2019ye kayan se\u00e7menleri geri kazand\u0131raca\u011f\u0131n\u0131 umarken, muhalifleri bu stratejinin a\u015f\u0131r\u0131 sa\u011f\u0131n daha da g\u00fc\u00e7lenmesine yol a\u00e7aca\u011f\u0131n\u0131 savunuyor.&nbsp;<\/p>\n\n\n\n<p>Sosyal Demokrat Ba\u015fbakan Olaf Scholz, AfD ile CDU\u2019nun yak\u0131nla\u015fmas\u0131n\u0131n Almanya\u2019n\u0131n y\u00f6netiminde tehlikeli bir ortakl\u0131\u011fa d\u00f6n\u00fc\u015febilece\u011fi konusunda uyard\u0131.<\/p>\n","protected":false},"excerpt":{"rendered":"<p>Alman parlamentosu Bundestag\u2019\u0131n \u00f6n\u00fcnde ger\u00e7ekle\u015fen g\u00f6steriye polise&#46;&#46;&#46;<\/p>\n","protected":false},"author":3,"featured_media":5927,"comment_status":"open","ping_status":"open","sticky":false,"template":"","format":"standard","meta":{"footnotes":""},"categories":[11],"tags":[],"manset":[],"class_list":["post-5926","post","type-post","status-publish","format-standard","has-post-thumbnail","hentry","category-dunya"],"amp_enabled":true,"_links":{"self":[{"href":"https:\/\/kolektifmucadele1.org\/index.php\/wp-json\/wp\/v2\/posts\/5926","targetHints":{"allow":["GET"]}}],"collection":[{"href":"https:\/\/kolektifmucadele1.org\/index.php\/wp-json\/wp\/v2\/posts"}],"about":[{"href":"https:\/\/kolektifmucadele1.org\/index.php\/wp-json\/wp\/v2\/types\/post"}],"author":[{"embeddable":true,"href":"https:\/\/kolektifmucadele1.org\/index.php\/wp-json\/wp\/v2\/users\/3"}],"replies":[{"embeddable":true,"href":"https:\/\/kolektifmucadele1.org\/index.php\/wp-json\/wp\/v2\/comments?post=5926"}],"version-history":[{"count":1,"href":"https:\/\/kolektifmucadele1.org\/index.php\/wp-json\/wp\/v2\/posts\/5926\/revisions"}],"predecessor-version":[{"id":5928,"href":"https:\/\/kolektifmucadele1.org\/index.php\/wp-json\/wp\/v2\/posts\/5926\/revisions\/5928"}],"wp:featuredmedia":[{"embeddable":true,"href":"https:\/\/kolektifmucadele1.org\/index.php\/wp-json\/wp\/v2\/media\/5927"}],"wp:attachment":[{"href":"https:\/\/kolektifmucadele1.org\/index.php\/wp-json\/wp\/v2\/media?parent=5926"}],"wp:term":[{"taxonomy":"category","embeddable":true,"href":"https:\/\/kolektifmucadele1.org\/index.php\/wp-json\/wp\/v2\/categories?post=5926"},{"taxonomy":"post_tag","embeddable":true,"href":"https:\/\/kolektifmucadele1.org\/index.php\/wp-json\/wp\/v2\/tags?post=5926"},{"taxonomy":"manset","embeddable":true,"href":"https:\/\/kolektifmucadele1.org\/index.php\/wp-json\/wp\/v2\/manset?post=5926"}],"curies":[{"name":"wp","href":"https:\/\/api.w.org\/{rel}","templated":true}]}}