{"id":5978,"date":"2025-02-08T14:47:10","date_gmt":"2025-02-08T11:47:10","guid":{"rendered":"https:\/\/kolektifmucadele1.org\/?p=5978"},"modified":"2025-02-08T14:47:11","modified_gmt":"2025-02-08T11:47:11","slug":"yrd-gazeteci-aziz-koyluoglu-sehit-dustu","status":"publish","type":"post","link":"https:\/\/kolektifmucadele1.org\/index.php\/2025\/02\/08\/yrd-gazeteci-aziz-koyluoglu-sehit-dustu\/","title":{"rendered":"YRD: Gazeteci Aziz K\u00f6yl\u00fco\u011flu \u015fehit d\u00fc\u015ft\u00fc"},"content":{"rendered":"\n<p>YRD Genel Koordinasyonu a\u00e7\u0131klamas\u0131 \u015f\u00f6yle:<\/p>\n\n\n\n<p>\u201cT\u00fcrk devletinin 27 Ocak g\u00fcn\u00fc Ranya\u2019da ger\u00e7ekle\u015ftirdi\u011fi korkak\u00e7a sald\u0131r\u0131da \u00e7ok de\u011ferli arkada\u015f\u0131m\u0131z, can yolda\u015f\u0131m\u0131z Aziz K\u00f6yl\u00fco\u011flu \u015fehit d\u00fc\u015fm\u00fc\u015ft\u00fcr. \u00d6ncelikle, ba\u015fta de\u011ferli ailesi olmak \u00fczere, b\u00fct\u00fcn \u00f6zg\u00fcr bas\u0131n kadrolar\u0131n\u0131n, halk\u0131m\u0131z\u0131n ba\u015f\u0131 sa\u011f olsun diyor, Aziz arkada\u015f\u0131n b\u0131rakt\u0131\u011f\u0131 yerden m\u00fccadeleyi y\u00fckseltme ve mutlaka zaferle ta\u00e7land\u0131rma s\u00f6z\u00fcm\u00fcz\u00fc yineliyoruz.<\/p>\n\n\n\n<p>Ku\u015fkusuz, Aziz Arkada\u015f T\u00fcrk devletinin soyk\u0131r\u0131mc\u0131-s\u00f6m\u00fcrgeci, i\u015fgalci y\u00fcz\u00fcn\u00fc te\u015fhir etti\u011fi, bu kapsamda iyi bir gazeteci, yurt sevgisi ile dolu \u00f6zg\u00fcrl\u00fck militan\u0131 oldu\u011fu i\u00e7in hedeflenmi\u015f ve katledilmi\u015ftir. Aziz Arkada\u015f\u0131n kaleminden, s\u00f6z\u00fcnden rahats\u0131zl\u0131k duyanlar, korkak\u00e7a bir sald\u0131r\u0131 ile kendisine y\u00f6nelmi\u015f, bu bi\u00e7imde hakikatin sesini susturmak istemi\u015flerdir. Fakat bilinmeli ki, Aziz de kendisinden \u00f6ncekiler gibi bu kervana her bedeli g\u00f6ze alarak girmi\u015f, her an\u0131nda \u00f6zg\u00fcrl\u00fck davas\u0131n\u0131n y\u0131lmaz bir neferi olarak hareket etmi\u015f ve bizlere de bu bayra\u011f\u0131 en g\u00fc\u00e7l\u00fc \u015fekilde devretmi\u015ftir. Aziz Arkada\u015f\u0131n d\u00fc\u015fman kar\u015f\u0131s\u0131ndaki ba\u015fe\u011fmez duru\u015fu bug\u00fcn her bir gen\u00e7 yolda\u015f\u0131n\u0131n duru\u015fudur, tutumudur. Bu sald\u0131r\u0131lar Aziz\u2019e geri ad\u0131m att\u0131rmad\u0131\u011f\u0131 gibi bizlere de geri ad\u0131m att\u0131rmayacak, aksine m\u00fccadele azmimizi b\u00fcy\u00fctecektir.<\/p>\n\n\n\n<p><strong>AZ\u0130Z ARKADA\u015e HEP B\u0130R HALK SEVDALISI OLDU<\/strong><\/p>\n\n\n\n<p>Aziz Arkada\u015f, 1976 y\u0131l\u0131nda halk\u0131m\u0131z\u0131n \u00f6zg\u00fcrl\u00fck iradesinin sembol\u00fc olan Amed de d\u00fcnyaya gelmi\u015f, yurtseverlik de\u011ferlerinin g\u00fc\u00e7l\u00fc oldu\u011fu bir ailede yeti\u015fmi\u015f, erken ya\u015flarda fa\u015fist-soyk\u0131r\u0131mc\u0131-s\u00f6m\u00fcrgeci d\u00fc\u015fman ger\u00e7e\u011fi ile tan\u0131\u015fm\u0131\u015f ve buna kar\u015f\u0131 her anlamda direni\u015f ve m\u00fccadele i\u00e7inde olmu\u015ftur.<\/p>\n\n\n\n<p>2000\u2019lerin ba\u015f\u0131ndan itibaren \u00f6zg\u00fcr bas\u0131n gelene\u011finin i\u00e7erisinde yer alan, muhabir-kameramanl\u0131ktan tutal\u0131m edit\u00f6rl\u00fck, haber m\u00fcd\u00fcrl\u00fc\u011f\u00fc, genel yay\u0131n y\u00f6netmeli\u011fine kadar bas\u0131n\u0131n hemen her \u00e7al\u0131\u015fmas\u0131nda yer alan Aziz Arkada\u015f, t\u00fcm bu g\u00f6revlerinde \u00f6rnek bir duru\u015fun sahibi olmu\u015f, yolda\u015flar\u0131yla payla\u015fmay\u0131, onlar\u0131 e\u011fitmeyi ya\u015fam felsefesi haline getirmi\u015ftir.<\/p>\n\n\n\n<p>Ya\u015famdaki a\u011f\u0131rl\u0131\u011f\u0131, g\u00fcler y\u00fcz\u00fcyle her daim arkada\u015flar\u0131na yol g\u00f6steren, \u00f6nc\u00fcl\u00fck yapan Aziz yolda\u015f hep bir halk a\u015f\u0131\u011f\u0131, sevdal\u0131s\u0131 olmu\u015f, halk\u0131m\u0131z\u0131n kadim k\u00fclt\u00fcr\u00fcn\u00fcn ya\u015famas\u0131 i\u00e7in kavga vermi\u015ftir. \u0130nan\u0131yoruz ki, en az Aziz kadar Aziz\u2019in yeti\u015ftirdikleri de bu, her t\u00fcrl\u00fc ahlaktan, de\u011ferden yoksun d\u00fc\u015fmana gerekli cevab\u0131 verecek, \u00f6zg\u00fcr yar\u0131nlar\u0131m\u0131z\u0131 garanti alt\u0131na alacaklard\u0131r.<\/p>\n\n\n\n<p>Aziz yolda\u015f, Hewl\u00ear\u2019den S\u00fcleymaniye ve Kerk\u00fck\u2019e, oradan Maxmur\u2019a kadar Ba\u015fur Kurdistan\u2019\u0131n hemen her yerinde faaliyet y\u00fcr\u00fctm\u00fc\u015ft\u00fcr.&nbsp; Rojava K\u00fcrdistan\u2019\u0131n\u0131n Derik\u2019ten Efr\u00een\u2019e kadar her yerinde, her d\u00fczeyde bas\u0131n yay\u0131n faaliyetlerinin i\u00e7inde yer alm\u0131\u015ft\u0131r. Aziz Arkada\u015f sadece yazmam\u0131\u015f, en az bunun kadar konu\u015fmu\u015f, s\u00f6m\u00fcrgeci -soyk\u0131r\u0131mc\u0131 d\u00fc\u015fman\u0131 te\u015fhir etmek i\u00e7in elindeki t\u00fcm imkanlar\u0131 azami \u00f6l\u00e7\u00fcde kullanm\u0131\u015ft\u0131r. Gazete, ajans, televizyon ve en son dijital medya \u00e7al\u0131\u015fmalar\u0131nda aktif g\u00f6revler \u00fcstlenen yolda\u015f\u0131m\u0131z, her daim bas\u0131n yay\u0131n \u00e7al\u0131\u015fmalar\u0131n\u0131n \u00f6neminden s\u00f6z etmi\u015f, d\u00fc\u015fmanla m\u00fccadelede bu alan\u0131n belirleyici rol\u00fcne vurgu yapm\u0131\u015ft\u0131r.<\/p>\n\n\n\n<p>Elbette, Aziz yolda\u015f\u0131n kalemi yerde kalmayacak, sesi-s\u00f6z\u00fc daha g\u00fcr bi\u00e7imde yank\u0131lanacakt\u0131r. Aziz yolda\u015f\u0131n b\u0131rakt\u0131\u011f\u0131 m\u00fccadele de\u011ferleri, her bir \u00f6zg\u00fcr bas\u0131n kadrosu taraf\u0131ndan daha fazla b\u00fcy\u00fct\u00fclecek, halk\u0131m\u0131z\u0131n \u00f6zg\u00fcr gelece\u011finin mayas\u0131 haline getirilecektir. Yeni \u00f6zg\u00fcr ya\u015fam yolda\u015flar\u0131m\u0131z\u0131n ama\u00e7lar\u0131na ba\u011fl\u0131l\u0131k temelinde anlam bulacak, in\u015fa edilecektir.<\/p>\n\n\n\n<p><strong>\u00d6ZG\u00dcR BASIN GELENE\u011e\u0130N\u0130N YEN\u0130LMEZL\u0130\u011e\u0130 KANITLANMI\u015eTIR<\/strong><\/p>\n\n\n\n<p>Mazlumlardan, Gurbetellilerden, Ap\u00ea Musalardan kayna\u011f\u0131n\u0131 alan, Seyit, Karwan, Ros\u00eeda, Gulistan, Hero, Naz\u0131m ve Cihanlar ile yoluna kararl\u0131 bir bi\u00e7imde devam eden \u00f6zg\u00fcr bas\u0131n gelene\u011fi, Aziz yolda\u015f\u0131m\u0131z\u0131n \u015fehadeti ile daha da g\u00fc\u00e7lenmi\u015f, bu gelene\u011fin yenilmezli\u011fi, bir kez daha kan\u0131tlanm\u0131\u015ft\u0131r.<\/p>\n\n\n\n<p>Fa\u015fist d\u00fc\u015fman ne yaparsa yaps\u0131n, hangi insanl\u0131k d\u0131\u015f\u0131 y\u00f6nteme ba\u015fvurursa ba\u015fvursun sonu\u00e7 alamayacak, ger\u00e7eklerin karanl\u0131kta kalmas\u0131na g\u00fcc\u00fc yetmeyecektir. \u00d6zg\u00fcr bas\u0131n, d\u00fcn oldu\u011fu gibi bug\u00fcn de ayn\u0131 Aziz gibi, Aziz\u2019den ve bu gelene\u011fi yaratan \u015fehitlerden \u00f6\u011frenecek ve daha fazla \u00e7al\u0131\u015farak, daha fazla i\u015f yaparak bu gelene\u011fin zaferle bulu\u015fmas\u0131n\u0131 sa\u011flayacakt\u0131r.<\/p>\n\n\n\n<p>Bu vesileyle bir kez daha Aziz yolda\u015f\u0131n de\u011ferli ailesinin, t\u00fcm YRD \u00fcyelerinin, halk\u0131m\u0131z\u0131n ba\u015f\u0131 sa\u011f olsun diyor, m\u00fccadeleyi y\u00fckseltme s\u00f6z\u00fcm\u00fcz\u00fc tekrarl\u0131yoruz.\u201d ANF<\/p>\n","protected":false},"excerpt":{"rendered":"<p>YRD Genel Koordinasyonu a\u00e7\u0131klamas\u0131 \u015f\u00f6yle: \u201cT\u00fcrk devletinin&#46;&#46;&#46;<\/p>\n","protected":false},"author":3,"featured_media":5979,"comment_status":"open","ping_status":"open","sticky":false,"template":"","format":"standard","meta":{"footnotes":""},"categories":[5],"tags":[],"manset":[],"class_list":["post-5978","post","type-post","status-publish","format-standard","has-post-thumbnail","hentry","category-etkinlikler"],"amp_enabled":true,"_links":{"self":[{"href":"https:\/\/kolektifmucadele1.org\/index.php\/wp-json\/wp\/v2\/posts\/5978","targetHints":{"allow":["GET"]}}],"collection":[{"href":"https:\/\/kolektifmucadele1.org\/index.php\/wp-json\/wp\/v2\/posts"}],"about":[{"href":"https:\/\/kolektifmucadele1.org\/index.php\/wp-json\/wp\/v2\/types\/post"}],"author":[{"embeddable":true,"href":"https:\/\/kolektifmucadele1.org\/index.php\/wp-json\/wp\/v2\/users\/3"}],"replies":[{"embeddable":true,"href":"https:\/\/kolektifmucadele1.org\/index.php\/wp-json\/wp\/v2\/comments?post=5978"}],"version-history":[{"count":1,"href":"https:\/\/kolektifmucadele1.org\/index.php\/wp-json\/wp\/v2\/posts\/5978\/revisions"}],"predecessor-version":[{"id":5980,"href":"https:\/\/kolektifmucadele1.org\/index.php\/wp-json\/wp\/v2\/posts\/5978\/revisions\/5980"}],"wp:featuredmedia":[{"embeddable":true,"href":"https:\/\/kolektifmucadele1.org\/index.php\/wp-json\/wp\/v2\/media\/5979"}],"wp:attachment":[{"href":"https:\/\/kolektifmucadele1.org\/index.php\/wp-json\/wp\/v2\/media?parent=5978"}],"wp:term":[{"taxonomy":"category","embeddable":true,"href":"https:\/\/kolektifmucadele1.org\/index.php\/wp-json\/wp\/v2\/categories?post=5978"},{"taxonomy":"post_tag","embeddable":true,"href":"https:\/\/kolektifmucadele1.org\/index.php\/wp-json\/wp\/v2\/tags?post=5978"},{"taxonomy":"manset","embeddable":true,"href":"https:\/\/kolektifmucadele1.org\/index.php\/wp-json\/wp\/v2\/manset?post=5978"}],"curies":[{"name":"wp","href":"https:\/\/api.w.org\/{rel}","templated":true}]}}