{"id":598,"date":"2023-01-27T04:48:05","date_gmt":"2023-01-27T01:48:05","guid":{"rendered":"https:\/\/kolektifmucadele.org\/2023\/01\/27\/savasa-benzin-dokme-pervasizligi-suruyor\/"},"modified":"2023-01-27T04:48:05","modified_gmt":"2023-01-27T01:48:05","slug":"savasa-benzin-dokme-pervasizligi-suruyor","status":"publish","type":"post","link":"https:\/\/kolektifmucadele1.org\/index.php\/2023\/01\/27\/savasa-benzin-dokme-pervasizligi-suruyor\/","title":{"rendered":"SAVA\u015eA BENZ\u0130N D\u00d6KME PERVASIZLI\u011eI S\u00dcR\u00dcYOR"},"content":{"rendered":"\n<p>ABD-NATO cephesinin Ukrayna Sava\u015f\u0131\u2019na benzin d\u00f6kme politikas\u0131 g\u00fcnden g\u00fcne tehlikeli bir hal al\u0131yor. Belli aral\u0131klarla Ukrayna\u2019ya milyarlarca dolar de\u011ferinde silah transfer eden Joe Biden y\u00f6netimi, sava\u015f\u0131n cehennem ate\u015fini planl\u0131 bir \u015fekilde k\u00f6r\u00fckl\u00fcyor. Bu su\u00e7a ortak olan ABD\u2019nin i\u015fbirlik\u00e7ileri de ayn\u0131 pervas\u0131zl\u0131kla hareket ediyorlar.<\/p>\n\n\n\n<p>Son g\u00fcnlerde pe\u015f pe\u015fe ya\u015fanan geli\u015fmeler, \u201crutin\u201d seyreden sava\u015f\u0131 \u015fiddetlendirmek i\u00e7in \u00f6zel bir \u00e7aba harcand\u0131\u011f\u0131na i\u015faret ediyor. Dizi oyunculu\u011fundan al\u0131n\u0131p Ukrayna devlet ba\u015fkan\u0131 koltu\u011funa oturtulan Zelenski, bu makama oturtulduktan sonra Pentagon\u2019un yazd\u0131\u011f\u0131 senaryodaki rol\u00fcn\u00fc oynuyor. Sava\u015f\u0131n ba\u015flad\u0131\u011f\u0131 g\u00fcnden itibaren askeri k\u0131yafetle dola\u015fan Zelenski, sava\u015f\u0131 k\u00f6r\u00fckleme politikas\u0131n\u0131n \u2018ba\u015f akt\u00f6r\u00fc\u2019 olarak rol oynuyor.<\/p>\n\n\n\n<h3 class=\"wp-block-heading\"><strong>Kukla Zelenski Leopard 2 tanklar\u0131 istiyor<\/strong><\/h3>\n\n\n\n<p>Bat\u0131l\u0131 emperyalistlerin \u00e7\u0131karlar\u0131 i\u00e7in Ukrayna\u2019n\u0131n sava\u015f alan\u0131na \u00e7evrilmesine \u00e7anak tutan Zelenski ile Neonazi i\u015fbirlik\u00e7ileri, bu yetmiyormu\u015f gibi sava\u015f\u0131 \u015fiddetlendirmek i\u00e7in de adeta \u00e7\u0131rp\u0131n\u0131yorlar. \u2018Rol\u00fcne \u00e7al\u0131\u015farak\u2019 kameralar kar\u015f\u0131s\u0131na \u00e7\u0131kan Zelenski\u2019nin istedi\u011fi \u015fey daha \u00e7ok silah daha \u00e7ok para. Ukrayna\u2019ya silah akt\u0131k\u00e7a Rusya sald\u0131r\u0131lar\u0131n\u0131 \u015fiddetlendiriyor. Yani Ukrayna halklar\u0131n\u0131n \u00f6dedi\u011fi bedeller a\u011f\u0131rla\u015f\u0131yor. Hal b\u00f6yleyken Zelenski ABD-NATO cephesinin vermeyi g\u00f6ze alamayaca\u011f\u0131 a\u011f\u0131r silahlar bile talep ediyor. Son g\u00fcnlerde Almanya\u2019n\u0131n Leopard 2 tanklar\u0131na kafay\u0131 takm\u0131\u015f g\u00f6r\u00fcn\u00fcyor. Rusya bu konuda sert uyar\u0131lar yaparken, Zelenski, tanklar\u0131 vermedi diye Almanya Ba\u015fbakan\u0131 Olaf Scholz\u2019u hedef ald\u0131.<\/p>\n\n\n\n<p>&nbsp;Leopard 2 tanklar\u0131n\u0131n Ukrayna\u2019ya verilmesi konusunda yap\u0131lan tart\u0131\u015fmalara ra\u011fmen konu hen\u00fcz netle\u015fmedi. 19 Ocak g\u00fcn\u00fc \u0130svi\u00e7re\u2019nin Davos kentinde Ukrayna&#8217;ya Leopard 2 tanklar\u0131n\u0131n tedariki konusunda yap\u0131lan g\u00f6r\u00fc\u015fmelerde Scholz taahh\u00fctte bulunmaktan ka\u00e7\u0131nm\u0131\u015ft\u0131. Ukrayna ile Bat\u0131l\u0131 \u00fclkelerin savunma bakanlar\u0131, Almanya\u2019da ABD\u2019ye ait Ramstein Hava \u00dcss\u00fc\u2019nde yine ayn\u0131 g\u00fcndemle bir araya geldi. Ancak Leopard tanklar\u0131n\u0131n Ukrayna\u2019ya g\u00f6nderilmesi konusu netle\u015fmedi. Bu ise Biden y\u00f6netimini rahats\u0131z etti. Scholz\u2019a y\u00fcklenen Zelenski ise, Pentagon\u2019a s\u0131rt\u0131n\u0131 dayay\u0131p istedi\u011fi silahlar\u0131 vermeyenleri \u2018azarl\u0131yor.\u2019&nbsp;<\/p>\n\n\n\n<p>Bu tanklar\u0131n Ukrayna\u2019ya verilmesinin sembolik bir y\u00f6n\u00fc var. Zira b\u00f6yle bir durumda Nazilerin Sovyet i\u015fgalinden sonra ilk kez Rus-Alman tanklar\u0131 kar\u015f\u0131 kar\u015f\u0131ya gelmi\u015f olacak. Amerikanc\u0131 rejimler tanklar\u0131 vermek i\u00e7in s\u0131ra bekliyor. Ancak tanklar\u0131n verilmesi Alman h\u00fck\u00fcmetinin onay\u0131na ba\u011fl\u0131. Onay vermesi i\u00e7in Scholz\u2019a bask\u0131 yap\u0131lmaya devam ediliyor. Sava\u015fa benzin d\u00f6kenlerden biri olmas\u0131na ra\u011fmen Scholz\u2019un tanklar i\u00e7in onay vermesi kolay g\u00f6r\u00fcnm\u00fcyor.&nbsp;<\/p>\n\n\n\n<h3 class=\"wp-block-heading\"><strong>CIA \u015fefi Kiev\u2019de\u2026<\/strong><\/h3>\n\n\n\n<p>Rusya Ukrayna\u2019ya sald\u0131r\u0131 ba\u015flatt\u0131\u011f\u0131nda ABD istihbarat\u0131n\u0131n \u015fefi Kiev\u2019deydi. Son yans\u0131yan haberlere g\u00f6re ise CIA \u015fefi, k\u0131sa s\u00fcre \u00f6nce Kiev\u2019e \u2018gizli\u2019 tutulan bir ziyarette bulunmu\u015f.&nbsp;<strong><em>Euronews<\/em><\/strong>\u2019de yer alan haberde, Amerika Birle\u015fik Devletleri&#8217;nin (ABD) CIA Direkt\u00f6r\u00fc William J. Burns&#8217;\u00fcn ge\u00e7en hafta sonu Ukrayna&#8217;n\u0131n ba\u015fkentine gizlice giderek Devlet Ba\u015fkan\u0131 Zelenski ile g\u00f6r\u00fc\u015ft\u00fc\u011f\u00fc belirtildi.<\/p>\n\n\n\n<p>\u0130sminin a\u00e7\u0131klanmas\u0131n\u0131 istemeyen bir ABD&#8217;li bir yetkili ziyaretle ilgili \u015fu bilgileri veriyor:&nbsp;<em>\u201cDirekt\u00f6r Burns Kiev&#8217;e giderek Ukraynal\u0131 istihbarat yetkililerinin yan\u0131 s\u0131ra Devlet Ba\u015fkan\u0131 Zelenski ile de g\u00f6r\u00fc\u015ft\u00fc ve Rus sald\u0131rganl\u0131\u011f\u0131na kar\u015f\u0131 savunmas\u0131nda Ukrayna&#8217;ya verdi\u011fimiz deste\u011fi peki\u015ftirdi.\u201d<\/em><\/p>\n\n\n\n<p>CIA \u015fefinin \u2018gizli\u2019 ziyaretinin ard\u0131ndan 18 Ocak g\u00fcn\u00fc ABD Genelkurmay Ba\u015fkan\u0131 Orgeneral Mark A. Milley, sava\u015f\u0131n ba\u015flamas\u0131ndan bu yana ilk kez y\u00fcz y\u00fcze g\u00f6r\u00fc\u015fmek \u00fczere Ukraynal\u0131 mevkida\u015f\u0131yla Polonya&#8217;da bir araya geldi. Ukrayna\u2019daki kukla rejimin \u015fefleriyle pe\u015f pe\u015fe yap\u0131lan bu g\u00f6r\u00fc\u015fmeler hayra alamet de\u011fil. Belli ki Biden y\u00f6netimi Ukrayna\u2019da sava\u015f\u0131 daha da \u015fiddetlendirmek i\u00e7in haz\u0131rl\u0131k yap\u0131yor. Bu g\u00f6r\u00fc\u015fmelerin ard\u0131ndan Washington\u2019dan yap\u0131lan a\u00e7\u0131klamalar da bu u\u011fursuz haz\u0131rl\u0131\u011f\u0131 teyit ediyor.<\/p>\n\n\n\n<h3 class=\"wp-block-heading\"><strong>ABD\u2019den 30. kez silah sevkiyat\u0131<\/strong><\/h3>\n\n\n\n<p>&nbsp;CIA \u015fefinin Kiev ziyareti, hemen sonras\u0131nda ABD sava\u015f ayg\u0131t\u0131n\u0131n tepesindeki orgeneralin Ukrayna Genelkurmay Ba\u015fkan\u0131 ile g\u00f6r\u00fc\u015fmesi tesad\u00fcf de\u011fil. Nitekim bu g\u00f6r\u00fc\u015fmelerin ard\u0131ndan Washington\u2019dan yap\u0131lan a\u00e7\u0131klamada, Ukrayna\u2019ya y\u00fckl\u00fc bir silah sevkiyat\u0131 yap\u0131laca\u011f\u0131 ilan edildi. Biden y\u00f6netimi, ordu envanterinden Ukrayna&#8217;ya 2,5 milyar dolarl\u0131k ek askeri yard\u0131m yap\u0131laca\u011f\u0131n\u0131 a\u00e7\u0131klad\u0131. Bu silahlar\u0131n g\u00f6nderilmesiyle ABD\u2019den Ukrayna\u2019ya 30. kez silah sevk edilmi\u015f olacak. Bu ise ayda ortalama \u00fc\u00e7 kez silah sevkiyat\u0131 yap\u0131ld\u0131\u011f\u0131 anlam\u0131na geliyor.<\/p>\n\n\n\n<p>Son silah sevkiyat\u0131 ile ilgili yaz\u0131l\u0131 bir a\u00e7\u0131klama yapan ABD D\u0131\u015fi\u015fleri Bakan\u0131 Antony Blinken, \u015funlar\u0131 ifade etti:&nbsp;<em>\u201cBu yard\u0131m paketiyle Ukrayna&#8217;ya, aralar\u0131nda Stryker z\u0131rhl\u0131 personel ta\u015f\u0131y\u0131c\u0131lar\u0131, Bradley piyade muharebe ara\u00e7lar\u0131, may\u0131na dayan\u0131kl\u0131 pusu korumal\u0131 ara\u00e7lar ve y\u00fcksek hareket kabiliyetli \u00e7ok ama\u00e7l\u0131 tekerlekli ara\u00e7lar\u0131n bulundu\u011fu y\u00fczlerce z\u0131rhl\u0131 ara\u00e7 sa\u011flanacakt\u0131r.\u201d<\/em><\/p>\n\n\n\n<p>ABD ile su\u00e7 ortaklar\u0131 taraf\u0131ndan Ukrayna\u2019ya yap\u0131lan silah sevkiyatlar\u0131 ve Biden y\u00f6netiminin \u00fcst d\u00fczey \u015feflerinin sava\u015f alan\u0131na gitmeleri, sava\u015f\u0131 \u015fiddetlendirmek i\u00e7in dolu-dizgin bir \u00e7aba harcand\u0131\u011f\u0131na i\u015faret ediyor. Bu ise sava\u015f\u0131n hem \u015fiddetlenmesine neden olacak hem yeni cephelere s\u0131\u00e7rama riskini artt\u0131racakt\u0131r. Durum g\u00fcnden g\u00fcne daha vahim bir hal al\u0131rken, yaz\u0131k ki emperyalist sava\u015f kar\u015f\u0131t\u0131 m\u00fccadele halen s\u0131n\u0131rl\u0131. Oysa bu m\u00fccadelenin geli\u015fip kitlesel bir d\u00fczey kazanmas\u0131 insanl\u0131\u011f\u0131n gelece\u011fi a\u00e7\u0131s\u0131ndan kritik bir \u00f6nem ta\u015f\u0131yor.<\/p>\n","protected":false},"excerpt":{"rendered":"<p>ABD-NATO cephesinin Ukrayna Sava\u015f\u0131\u2019na benzin d\u00f6kme politikas\u0131&#46;&#46;&#46;<\/p>\n","protected":false},"author":1,"featured_media":597,"comment_status":"closed","ping_status":"open","sticky":false,"template":"","format":"standard","meta":{"footnotes":""},"categories":[11,5],"tags":[],"manset":[],"class_list":["post-598","post","type-post","status-publish","format-standard","has-post-thumbnail","hentry","category-dunya","category-etkinlikler"],"amp_enabled":true,"_links":{"self":[{"href":"https:\/\/kolektifmucadele1.org\/index.php\/wp-json\/wp\/v2\/posts\/598","targetHints":{"allow":["GET"]}}],"collection":[{"href":"https:\/\/kolektifmucadele1.org\/index.php\/wp-json\/wp\/v2\/posts"}],"about":[{"href":"https:\/\/kolektifmucadele1.org\/index.php\/wp-json\/wp\/v2\/types\/post"}],"author":[{"embeddable":true,"href":"https:\/\/kolektifmucadele1.org\/index.php\/wp-json\/wp\/v2\/users\/1"}],"replies":[{"embeddable":true,"href":"https:\/\/kolektifmucadele1.org\/index.php\/wp-json\/wp\/v2\/comments?post=598"}],"version-history":[{"count":0,"href":"https:\/\/kolektifmucadele1.org\/index.php\/wp-json\/wp\/v2\/posts\/598\/revisions"}],"wp:featuredmedia":[{"embeddable":true,"href":"https:\/\/kolektifmucadele1.org\/index.php\/wp-json\/wp\/v2\/media\/597"}],"wp:attachment":[{"href":"https:\/\/kolektifmucadele1.org\/index.php\/wp-json\/wp\/v2\/media?parent=598"}],"wp:term":[{"taxonomy":"category","embeddable":true,"href":"https:\/\/kolektifmucadele1.org\/index.php\/wp-json\/wp\/v2\/categories?post=598"},{"taxonomy":"post_tag","embeddable":true,"href":"https:\/\/kolektifmucadele1.org\/index.php\/wp-json\/wp\/v2\/tags?post=598"},{"taxonomy":"manset","embeddable":true,"href":"https:\/\/kolektifmucadele1.org\/index.php\/wp-json\/wp\/v2\/manset?post=598"}],"curies":[{"name":"wp","href":"https:\/\/api.w.org\/{rel}","templated":true}]}}