{"id":6020,"date":"2025-02-15T23:54:51","date_gmt":"2025-02-15T20:54:51","guid":{"rendered":"https:\/\/kolektifmucadele1.org\/?p=6020"},"modified":"2025-02-15T23:54:51","modified_gmt":"2025-02-15T20:54:51","slug":"munihte-nato-protesto-edildi","status":"publish","type":"post","link":"https:\/\/kolektifmucadele1.org\/index.php\/2025\/02\/15\/munihte-nato-protesto-edildi\/","title":{"rendered":"M\u00fcnih\u2019te NATO Protesto Edildi"},"content":{"rendered":"\n<p>M\u00fcnih ve \u00e7evresinde bulunan \u00e7ok say\u0131da sava\u015f kar\u015f\u0131t\u0131 antifa\u015fist, ilerici kurum, inisiyatif ve parti taraf\u0131ndan \u00e7a\u011fr\u0131s\u0131 yap\u0131lan g\u00f6steriye binlerce ki\u015fi kat\u0131ld\u0131. Bu y\u0131lki eylem \u201cHer \u015fey de\u011fi\u015fmeli \u2013 Sava\u015fa ve do\u011fa katliam\u0131na hay\u0131r\u201d ba\u015fl\u0131\u011f\u0131yla yap\u0131ld\u0131.<\/p>\n\n\n\n<p>Konu\u015fmalarda \u201cSava\u015f \u00f6rg\u00fct\u00fc NATO\u2019ya hay\u0131r! T\u00fcm uluslardan sava\u015f kar\u015f\u0131tlar\u0131n\u0131, NATO\u2019yu ve sald\u0131rgan politikalar\u0131n\u0131 protestoya \u00e7a\u011f\u0131r\u0131yoruz\u201d denildi. Sava\u015f ve ekoloji politikalar\u0131n \u00f6ne \u00e7\u0131kt\u0131\u011f\u0131 konu\u015fma, pankart ve d\u00f6vizlerin yan\u0131s\u0131ra \u201cNATO tamamen da\u011f\u0131t\u0131lmal\u0131d\u0131r\u201d denildi.<\/p>\n\n\n\n<p>Marien Meydan\u0131\u2019nda bir araya gelen sava\u015f kar\u015f\u0131tlar\u0131 yap\u0131lan konu\u015fmalar\u0131n ard\u0131ndan konferans\u0131n yap\u0131ld\u0131\u011f\u0131 otelin etraf\u0131ndaki g\u00fczergahta bir y\u00fcr\u00fcy\u00fc\u015f yapt\u0131. En \u00f6nde \u201cNATO yerine bar\u0131\u015f-Sava\u015fa Hay\u0131r\u201d pankart\u0131n\u0131 ta\u015f\u0131yan kitle, s\u0131k s\u0131k sava\u015fa ve \u0131rk\u00e7\u0131l\u0131\u011fa kar\u015f\u0131 sloganlar att\u0131.<\/p>\n\n\n\n<p>Eyleme Sol Parti Genel Ba\u015fkan Yard\u0131mc\u0131s\u0131&nbsp;Tobias Pfl\u00fcger, milletvekilleri&nbsp;Sevim Da\u011fdelen&nbsp;ve&nbsp;Nicole Gohlke&nbsp;de kat\u0131ld\u0131. Y\u00fcr\u00fcy\u00fc\u015ften sonra Marien Platz\u2019ta yap\u0131lan mitingde konu\u015fan Da\u011fdelen; \u201c<em>\u0130ki sene \u00f6nce parlamento se\u00e7imlerinden \u00f6nce T\u00fcrkiye\u2019ye giderek Erdo\u011fan\u2019a destek veren Merkel, bu sefer de referandum \u00f6ncesinde giderek Erdo\u011fan\u2019\u0131n bask\u0131c\u0131 politikas\u0131na destek verdi. Bu hamlelerle, T\u00fcrkiye\u2019de ya\u015fayanlara Erdo\u011fan\u2019\u0131n iyi uluslararas\u0131 ili\u015fkilere sahip oldu\u011fu yans\u0131t\u0131l\u0131yor<\/em>\u201d dedi.<\/p>\n","protected":false},"excerpt":{"rendered":"<p>M\u00fcnih ve \u00e7evresinde bulunan \u00e7ok say\u0131da sava\u015f&#46;&#46;&#46;<\/p>\n","protected":false},"author":3,"featured_media":6021,"comment_status":"open","ping_status":"open","sticky":false,"template":"","format":"standard","meta":{"footnotes":""},"categories":[11],"tags":[],"manset":[],"class_list":["post-6020","post","type-post","status-publish","format-standard","has-post-thumbnail","hentry","category-dunya"],"amp_enabled":true,"_links":{"self":[{"href":"https:\/\/kolektifmucadele1.org\/index.php\/wp-json\/wp\/v2\/posts\/6020","targetHints":{"allow":["GET"]}}],"collection":[{"href":"https:\/\/kolektifmucadele1.org\/index.php\/wp-json\/wp\/v2\/posts"}],"about":[{"href":"https:\/\/kolektifmucadele1.org\/index.php\/wp-json\/wp\/v2\/types\/post"}],"author":[{"embeddable":true,"href":"https:\/\/kolektifmucadele1.org\/index.php\/wp-json\/wp\/v2\/users\/3"}],"replies":[{"embeddable":true,"href":"https:\/\/kolektifmucadele1.org\/index.php\/wp-json\/wp\/v2\/comments?post=6020"}],"version-history":[{"count":1,"href":"https:\/\/kolektifmucadele1.org\/index.php\/wp-json\/wp\/v2\/posts\/6020\/revisions"}],"predecessor-version":[{"id":6022,"href":"https:\/\/kolektifmucadele1.org\/index.php\/wp-json\/wp\/v2\/posts\/6020\/revisions\/6022"}],"wp:featuredmedia":[{"embeddable":true,"href":"https:\/\/kolektifmucadele1.org\/index.php\/wp-json\/wp\/v2\/media\/6021"}],"wp:attachment":[{"href":"https:\/\/kolektifmucadele1.org\/index.php\/wp-json\/wp\/v2\/media?parent=6020"}],"wp:term":[{"taxonomy":"category","embeddable":true,"href":"https:\/\/kolektifmucadele1.org\/index.php\/wp-json\/wp\/v2\/categories?post=6020"},{"taxonomy":"post_tag","embeddable":true,"href":"https:\/\/kolektifmucadele1.org\/index.php\/wp-json\/wp\/v2\/tags?post=6020"},{"taxonomy":"manset","embeddable":true,"href":"https:\/\/kolektifmucadele1.org\/index.php\/wp-json\/wp\/v2\/manset?post=6020"}],"curies":[{"name":"wp","href":"https:\/\/api.w.org\/{rel}","templated":true}]}}