{"id":6084,"date":"2025-03-03T23:01:07","date_gmt":"2025-03-03T20:01:07","guid":{"rendered":"https:\/\/kolektifmucadele1.org\/?p=6084"},"modified":"2025-03-03T23:01:08","modified_gmt":"2025-03-03T20:01:08","slug":"almanyada-aracla-saldiri-2-olu-25-yarali","status":"publish","type":"post","link":"https:\/\/kolektifmucadele1.org\/index.php\/2025\/03\/03\/almanyada-aracla-saldiri-2-olu-25-yarali\/","title":{"rendered":"Almanya&#8217;da ara\u00e7la sald\u0131r\u0131: 2 \u00f6l\u00fc, 25 yaral\u0131"},"content":{"rendered":"\n<p>Almanya&#8217;n\u0131n Mannheim kentinde bir arac\u0131n kalabal\u0131\u011f\u0131n i\u00e7ine dalmas\u0131 sonucu ilk belirlemelere g\u00f6re 2 ki\u015fi \u00f6ld\u00fc, 25 ki\u015fi yaraland\u0131.<\/p>\n\n\n\n<p>Bild gazetesinde yer alan habere g\u00f6re, bir ara\u00e7 hen\u00fcz bilinmeyen nedenle kalabal\u0131\u011f\u0131n aras\u0131na dald\u0131.<\/p>\n\n\n\n<p>Arac\u0131n s\u00fcr\u00fcc\u00fcs\u00fc polis taraf\u0131ndan g\u00f6zalt\u0131na al\u0131nd\u0131.<\/p>\n\n\n\n<p>S\u00fcr\u00fcc\u00fc g\u00f6zaltina alindi<\/p>\n\n\n\n<p>Arac\u0131n kalabal\u0131\u011fa dalmas\u0131 sonucu 2 ki\u015fi hayat\u0131n\u0131 kaybederken, 15\u2019i a\u011f\u0131r 25 ki\u015fi yaraland\u0131. B\u00f6lgeye \u00e7ok say\u0131da ambulans ve polis ekibi sevk edildi.<\/p>\n\n\n\n<p>S\u00fcr\u00fcc\u00fcn\u00fcn k\u0131sa s\u00fcrede g\u00f6zalt\u0131na al\u0131nd\u0131\u011f\u0131 bildirildi. Yaral\u0131lar ilk m\u00fcdahalelerinin ard\u0131ndan hastaneye kald\u0131r\u0131ld\u0131.<\/p>\n\n\n\n<p>Manheim polisi olayla ilgili geni\u015f \u00e7apl\u0131 operasyon ba\u015flat\u0131rken, vatanda\u015flardan olay yerinden uzak durmalar\u0131 istendi.<\/p>\n\n\n\n<p>Olay yeri &#8220;tehlikeli b\u00f6lge&#8221; ilan edildi<\/p>\n\n\n\n<p>Olay\u0131n kaza m\u0131 yoksa kas\u0131tl\u0131 bir sald\u0131r\u0131 m\u0131 oldu\u011fu hen\u00fcz bilinmezken, polis olayla ilgili soru\u015fturma ba\u015flatt\u0131.<\/p>\n\n\n\n<p>Olay yerinin &#8220;tehlikeli b\u00f6lge&#8221; ilan edildi\u011fi vurguland\u0131.<\/p>\n\n\n\n<p>Polis s\u00f6zc\u00fcs\u00fcnden a\u00e7iklama<\/p>\n\n\n\n<p>\u00d6te yandan polis s\u00f6zc\u00fcs\u00fc taraf\u0131ndan yap\u0131lan a\u00e7\u0131klamada, &#8220;Olayda bir ki\u015finin \u00f6ld\u00fc\u011f\u00fcn\u00fc teyit edebiliriz, hen\u00fcz ka\u00e7 ki\u015finin a\u011f\u0131r yaraland\u0131\u011f\u0131n\u0131 ya da yaralanmalar\u0131n ne kadar ciddi oldu\u011funu s\u00f6yleyemiyoruz. Bir failin tutukland\u0131\u011f\u0131n\u0131 teyit edebiliriz. \u015eu anda ba\u015fka faillerin olup olmad\u0131\u011f\u0131n\u0131 s\u00f6yleyemiyoruz&#8221; ifadeleri kullan\u0131ld\u0131.<\/p>\n","protected":false},"excerpt":{"rendered":"<p>Almanya&#8217;n\u0131n Mannheim kentinde bir arac\u0131n kalabal\u0131\u011f\u0131n i\u00e7ine&#46;&#46;&#46;<\/p>\n","protected":false},"author":3,"featured_media":6085,"comment_status":"open","ping_status":"open","sticky":false,"template":"","format":"standard","meta":{"footnotes":""},"categories":[11,5],"tags":[],"manset":[],"class_list":["post-6084","post","type-post","status-publish","format-standard","has-post-thumbnail","hentry","category-dunya","category-etkinlikler"],"amp_enabled":true,"_links":{"self":[{"href":"https:\/\/kolektifmucadele1.org\/index.php\/wp-json\/wp\/v2\/posts\/6084","targetHints":{"allow":["GET"]}}],"collection":[{"href":"https:\/\/kolektifmucadele1.org\/index.php\/wp-json\/wp\/v2\/posts"}],"about":[{"href":"https:\/\/kolektifmucadele1.org\/index.php\/wp-json\/wp\/v2\/types\/post"}],"author":[{"embeddable":true,"href":"https:\/\/kolektifmucadele1.org\/index.php\/wp-json\/wp\/v2\/users\/3"}],"replies":[{"embeddable":true,"href":"https:\/\/kolektifmucadele1.org\/index.php\/wp-json\/wp\/v2\/comments?post=6084"}],"version-history":[{"count":1,"href":"https:\/\/kolektifmucadele1.org\/index.php\/wp-json\/wp\/v2\/posts\/6084\/revisions"}],"predecessor-version":[{"id":6086,"href":"https:\/\/kolektifmucadele1.org\/index.php\/wp-json\/wp\/v2\/posts\/6084\/revisions\/6086"}],"wp:featuredmedia":[{"embeddable":true,"href":"https:\/\/kolektifmucadele1.org\/index.php\/wp-json\/wp\/v2\/media\/6085"}],"wp:attachment":[{"href":"https:\/\/kolektifmucadele1.org\/index.php\/wp-json\/wp\/v2\/media?parent=6084"}],"wp:term":[{"taxonomy":"category","embeddable":true,"href":"https:\/\/kolektifmucadele1.org\/index.php\/wp-json\/wp\/v2\/categories?post=6084"},{"taxonomy":"post_tag","embeddable":true,"href":"https:\/\/kolektifmucadele1.org\/index.php\/wp-json\/wp\/v2\/tags?post=6084"},{"taxonomy":"manset","embeddable":true,"href":"https:\/\/kolektifmucadele1.org\/index.php\/wp-json\/wp\/v2\/manset?post=6084"}],"curies":[{"name":"wp","href":"https:\/\/api.w.org\/{rel}","templated":true}]}}