{"id":6090,"date":"2025-03-03T23:18:44","date_gmt":"2025-03-03T20:18:44","guid":{"rendered":"https:\/\/kolektifmucadele1.org\/?p=6090"},"modified":"2025-03-03T23:18:45","modified_gmt":"2025-03-03T20:18:45","slug":"istanbulda-anne-ve-3-cocugu-katledildi","status":"publish","type":"post","link":"https:\/\/kolektifmucadele1.org\/index.php\/2025\/03\/03\/istanbulda-anne-ve-3-cocugu-katledildi\/","title":{"rendered":"\u0130stanbul\u2019da anne ve 3 \u00e7ocu\u011fu katledildi"},"content":{"rendered":"\n<p>\u0130stanbul Avc\u0131lar il\u00e7esine ba\u011fl\u0131 Denizk\u00f6\u015fkler Mahallesi\u2019nde ya\u015fayan Velican Al\u0131c\u0131 isimli erkek, evli oldu\u011fu Fikriye Al\u0131c\u0131 (35) ve \u00e7ocuklar\u0131 R.E.A.(12), R.A.(7), K.C.A.&#8217;y\u0131 (6) katletti. Al\u0131c\u0131, daha sonra intihar etti.<\/p>\n\n\n\n<p>Fikriye Al\u0131c\u0131\u2019n\u0131n annesi Ay\u015fe Akyol Tarhan, d\u00fcn gece yar\u0131s\u0131ndan bu yana k\u0131z\u0131ndan haber alamad\u0131\u011f\u0131n\u0131 s\u00f6yledi. Olay yerine gelen sa\u011fl\u0131k ekipleri, anne, \u00e7ocuklar\u0131 ve fail Al\u0131c\u0131\u2019n\u0131n hayat\u0131n\u0131 kaybetti\u011fini belirledi. Cenazeler, Adli T\u0131p Kurumu&#8217;na kald\u0131r\u0131ld\u0131.<\/p>\n","protected":false},"excerpt":{"rendered":"<p>\u0130stanbul Avc\u0131lar il\u00e7esine ba\u011fl\u0131 Denizk\u00f6\u015fkler Mahallesi\u2019nde ya\u015fayan&#46;&#46;&#46;<\/p>\n","protected":false},"author":3,"featured_media":6091,"comment_status":"open","ping_status":"open","sticky":false,"template":"","format":"standard","meta":{"footnotes":""},"categories":[5,10],"tags":[],"manset":[],"class_list":["post-6090","post","type-post","status-publish","format-standard","has-post-thumbnail","hentry","category-etkinlikler","category-kadin"],"amp_enabled":true,"_links":{"self":[{"href":"https:\/\/kolektifmucadele1.org\/index.php\/wp-json\/wp\/v2\/posts\/6090","targetHints":{"allow":["GET"]}}],"collection":[{"href":"https:\/\/kolektifmucadele1.org\/index.php\/wp-json\/wp\/v2\/posts"}],"about":[{"href":"https:\/\/kolektifmucadele1.org\/index.php\/wp-json\/wp\/v2\/types\/post"}],"author":[{"embeddable":true,"href":"https:\/\/kolektifmucadele1.org\/index.php\/wp-json\/wp\/v2\/users\/3"}],"replies":[{"embeddable":true,"href":"https:\/\/kolektifmucadele1.org\/index.php\/wp-json\/wp\/v2\/comments?post=6090"}],"version-history":[{"count":1,"href":"https:\/\/kolektifmucadele1.org\/index.php\/wp-json\/wp\/v2\/posts\/6090\/revisions"}],"predecessor-version":[{"id":6092,"href":"https:\/\/kolektifmucadele1.org\/index.php\/wp-json\/wp\/v2\/posts\/6090\/revisions\/6092"}],"wp:featuredmedia":[{"embeddable":true,"href":"https:\/\/kolektifmucadele1.org\/index.php\/wp-json\/wp\/v2\/media\/6091"}],"wp:attachment":[{"href":"https:\/\/kolektifmucadele1.org\/index.php\/wp-json\/wp\/v2\/media?parent=6090"}],"wp:term":[{"taxonomy":"category","embeddable":true,"href":"https:\/\/kolektifmucadele1.org\/index.php\/wp-json\/wp\/v2\/categories?post=6090"},{"taxonomy":"post_tag","embeddable":true,"href":"https:\/\/kolektifmucadele1.org\/index.php\/wp-json\/wp\/v2\/tags?post=6090"},{"taxonomy":"manset","embeddable":true,"href":"https:\/\/kolektifmucadele1.org\/index.php\/wp-json\/wp\/v2\/manset?post=6090"}],"curies":[{"name":"wp","href":"https:\/\/api.w.org\/{rel}","templated":true}]}}