{"id":6102,"date":"2025-03-05T00:26:55","date_gmt":"2025-03-04T21:26:55","guid":{"rendered":"https:\/\/kolektifmucadele1.org\/?p=6102"},"modified":"2025-03-05T00:26:56","modified_gmt":"2025-03-04T21:26:56","slug":"isig-meclisi-subat-ayinda-en-az-121-2-ayda-ise-299-isci-calisirken-oldu","status":"publish","type":"post","link":"https:\/\/kolektifmucadele1.org\/index.php\/2025\/03\/05\/isig-meclisi-subat-ayinda-en-az-121-2-ayda-ise-299-isci-calisirken-oldu\/","title":{"rendered":"\u0130S\u0130G Meclisi: \u015eubat Ay\u0131nda En Az 121, 2 Ayda ise 299 \u0130\u015f\u00e7i \u00c7al\u0131\u015f\u0131rken \u00d6ld\u00fc!"},"content":{"rendered":"\n<p>\u0130\u015f\u00e7i Sa\u011fl\u0131\u011f\u0131 ve \u0130\u015f G\u00fcvenli\u011fi (\u0130S\u0130G) Meclisi, y\u00fczde 74\u2019\u00fcn\u00fc ulusal bas\u0131ndan; y\u00fczde 26\u2019s\u0131n\u0131 ise i\u015f\u00e7ilerin mesai arkada\u015flar\u0131, aileleri, i\u015f g\u00fcvenli\u011fi uzmanlar\u0131, i\u015fyeri hekimleri, sendikalar ve yerel bas\u0131ndan \u00f6\u011frendi\u011fi bilgilere dayanarak tespit etti\u011fi kadar\u0131yla 2025 \u015eubat ay\u0131nda en az 121 i\u015f\u00e7inin hayat\u0131n\u0131 kaybetti\u011fini a\u00e7\u0131klad\u0131. B\u00f6ylece 2025 y\u0131l\u0131n\u0131n ilk iki ay\u0131nda i\u015f cinayeti say\u0131s\u0131 (Ocak 178, \u015eubat 121) 299\u2019a ula\u015ft\u0131.<\/p>\n\n\n\n<p>Raporda son 10 y\u0131lda tespit edilebildi\u011fi kadar\u0131yla her ay ortalama 145 ile 165 i\u015f\u00e7inin i\u015f cinayetlerinde hayat\u0131n\u0131 kaybetti\u011fi belirterek, \u015fubat ay\u0131nda bu rakam\u0131n d\u00fc\u015f\u00fck olmas\u0131n\u0131n nedeninin a\u011f\u0131r k\u0131\u015f ko\u015fullar\u0131nda in\u015faat-tar\u0131m gibi i\u015fkollar\u0131nda i\u015fin belirli s\u00fcrelerle yap\u0131lamamas\u0131 oldu\u011fu belirtildi. \u0130kinci neden olarak ise sanayi ve fabrikalardaki i\u015f\u00e7ilerin bilgilerine ula\u015f\u0131lamad\u0131\u011f\u0131 kaydedildi.<\/p>\n\n\n\n<p><strong>Raporda \u015fubat ay\u0131nda ya\u015fanan i\u015f cinayetlerine dair \u015fu bilgiler verildi:<\/strong><\/p>\n\n\n\n<p><em>\u2022 \u015eubat ay\u0131nda ta\u015f\u0131mac\u0131l\u0131k, in\u015faat, ticaret, metal, tar\u0131m i\u015fkollar\u0131ndaki \u00f6l\u00fcmler ilk s\u0131ralarda yer al\u0131yor. \u0130\u015f cinayetlerine sekt\u00f6rel olarak bakt\u0131\u011f\u0131m\u0131zda ise sanayide 55 i\u015f\u00e7i, hizmette 34 i\u015f\u00e7i, in\u015faatta 19 i\u015f\u00e7i ve tar\u0131mda 13 i\u015f\u00e7i hayat\u0131n\u0131 kaybetti.<\/em><\/p>\n\n\n\n<p><em>\u2022 \u0130\u015f cinayetlerinin nedenlerinde ilk s\u0131rada trafik, servis kazalar\u0131 var. Bu \u00f6l\u00fcmlerin yar\u0131s\u0131n\u0131 ta\u015f\u0131mac\u0131l\u0131k i\u015fkolundaki \u015fof\u00f6rler; di\u011fer yar\u0131s\u0131n\u0131 ise fabrikalara, in\u015faatlara ve i\u015fyerlerine giderken devrilen servislerdeki i\u015f\u00e7iler olu\u015fturuyor. \u0130kinci s\u0131rada her i\u015fkoluna yay\u0131lan bir \u015fekilde ezilme, g\u00f6\u00e7\u00fck ve \u00fc\u00e7\u00fcnc\u00fc s\u0131rada ise esas olarak in\u015faatlarda g\u00f6r\u00fclen y\u00fcksekten d\u00fc\u015fmeler yer al\u0131yor.<\/em><\/p>\n\n\n\n<p><em>\u2022 \u0130\u015f cinayetlerinde \u00f6lenlerin 7\u2019si kad\u0131n i\u015f\u00e7iydi. Kad\u0131nlar\u0131n \u00fc\u00e7\u00fc hizmet, ikisi tar\u0131m, biri sanayi ve biri in\u015faat sekt\u00f6r\u00fcnde \u00e7al\u0131\u015f\u0131yordu.<\/em><\/p>\n\n\n\n<p><em>\u2022 \u015eubat ay\u0131nda 4 \u00e7ocuk i\u015f\u00e7i hayat\u0131n\u0131 kaybetti. \u00c7ocuk i\u015f\u00e7iler ticaret, metal, in\u015faat ve konaklama i\u015fkollar\u0131nda \u00e7al\u0131\u015f\u0131yordu. Bu noktada \u201c\u00e7ocuk i\u015f\u00e7ili\u011fi ile m\u00fccadele\u201d i\u00e7in rapor, a\u00e7\u0131klama, etkinlik vb. ad\u0131mlar\u0131 atmaya ba\u015flad\u0131\u011f\u0131m\u0131z\u0131, \u00f6n\u00fcm\u00fczdeki g\u00fcnlerde \u00e7al\u0131\u015fmay\u0131 yo\u011funla\u015ft\u0131r\u0131p yayg\u0131nla\u015ft\u0131raca\u011f\u0131m\u0131z\u0131 belirtelim.<\/em><\/p>\n\n\n\n<p><em>\u2022 Bu ay 50 ya\u015f ve \u00fczeri \u00f6len i\u015f\u00e7ilerin oran\u0131 t\u00fcm i\u015f cinayetlerinde y\u00fczde 43\u2019e ula\u015ft\u0131. Emekli olamama, emeklilik s\u00fcresini bekleme ya da emekli olup 15 bin TL gibi d\u00fc\u015f\u00fck bir \u00fccret alma\u2026 yani genel anlamda yoksullu\u011fa itilen bir ya\u015fl\u0131 i\u015f\u00e7i kitlesi, g\u00fcvencesiz ve ya\u015f\u0131na uygun olmayan i\u015flerde \u00e7al\u0131\u015fmaya zorlan\u0131yor ve bu da i\u015f cinayetleri ile sonu\u00e7lan\u0131yor.<\/em><\/p>\n\n\n\n<p><em>\u2022 \u015eubat ay\u0131nda 4 g\u00f6\u00e7men i\u015f\u00e7i (ikisi Suriyeli, biri Irakl\u0131, biri \u00d6zbekistanl\u0131) hayat\u0131n\u0131 kaybetti. G\u00f6\u00e7men i\u015f\u00e7iler tar\u0131m, ticaret ve genel i\u015fler i\u015fkollar\u0131nda \u00e7al\u0131\u015f\u0131yordu.<\/em><\/p>\n\n\n\n<p><em>\u2022 \u00d6len i\u015f\u00e7ilerin 4\u2019\u00fc (y\u00fczde 3,3) sendika \u00fcyesi, 117\u2019si (y\u00fczde 96,7) sendikas\u0131z. Sendikal\u0131 i\u015f\u00e7ilerin ikisi enerji, biri \u00e7imento ve biri belediye i\u015fkollar\u0131nda \u00e7al\u0131\u015f\u0131yordu.<\/em><\/p>\n\n\n\n<p><em>\u2022 \u0130\u015f cinayetleri yine B\u00fcy\u00fck\u015fehirlerde ya da sanayile\u015fen Orta Anadolu \u015fehirlerinde yo\u011funla\u015f\u0131yor. \u0130stanbul, Antalya, Bursa, Gaziantep, Kocaeli ve \u0130zmir\u2019de i\u015f cinayetleri yo\u011funla\u015f\u0131yor. Tabi sendikas\u0131zla\u015ft\u0131rma, \u00f6rg\u00fcts\u00fczle\u015ftirme sermaye i\u00e7in birincil hedef. Bu noktada i\u015f\u00e7i eylemleri polis m\u00fcdahalesi ve ekonomik bask\u0131lar gibi bir\u00e7ok zorlukla kar\u015f\u0131la\u015f\u0131yor. \u015eubat ay\u0131nda bunun en \u00f6nemli \u00f6rne\u011fini Gaziantep\u2019te ya\u015fad\u0131k. Ba\u015fp\u0131nar tekstil i\u015f\u00e7ilerinin eylemi bir yandan polis zoru ve patronlar\u0131n bask\u0131lar\u0131yla bo\u011fulmaya \u00e7al\u0131\u015f\u0131l\u0131rken di\u011fer yandan da BirTek-Sen Genel Ba\u015fkan\u0131 Mehmet T\u00fcrkmen m\u00fccadeleye \u00f6nderlik etti\u011fi i\u00e7in tutukland\u0131. Ancak bu tabloyu de\u011fi\u015ftirmek i\u00e7in \u0130SPER\u2019deki enerji i\u015f\u00e7ilerinden TTL T\u00fct\u00fcn\u2019deki g\u0131da i\u015f\u00e7ilerine, Ba\u015fp\u0131nar\u2019daki tekstil i\u015f\u00e7ilerinden \u00c7ay\u0131rhan\u2019daki maden i\u015f\u00e7ilerine m\u00fccadele de s\u00fcr\u00fcyor\u2026<\/em><\/p>\n\n\n\n<p><strong>\u015eubat ay\u0131nda i\u015f cinayetlerinin i\u015fkollar\u0131na g\u00f6re da\u011f\u0131l\u0131m\u0131 \u015f\u00f6yle:<\/strong><\/p>\n\n\n\n<p><em>Ta\u015f\u0131mac\u0131l\u0131k i\u015fkolunda 22 i\u015f\u00e7i; \u0130n\u015faat, Yol i\u015fkolunda 17 i\u015f\u00e7i; Tar\u0131m, Orman i\u015fkolunda 13 emek\u00e7i (4 i\u015f\u00e7i ve 9 \u00e7ift\u00e7i); Ticaret, B\u00fcro, E\u011fitim, Sinema i\u015fkolunda 12 i\u015f\u00e7i; Metal i\u015fkolunda 10 i\u015f\u00e7i; Belediye, Genel \u0130\u015fler i\u015fkolunda 9 i\u015f\u00e7i; Konaklama, E\u011flence i\u015fkolunda 6 i\u015f\u00e7i; Madencilik i\u015fkolunda 4 i\u015f\u00e7i; \u00c7imento, Toprak, Cam i\u015fkolunda 4 i\u015f\u00e7i; Enerji i\u015fkolunda 4 i\u015f\u00e7i; Savunma, G\u00fcvenlik i\u015fkolunda 4 i\u015f\u00e7i; G\u0131da, \u015eeker i\u015fkolunda 3 i\u015f\u00e7i; Petro-Kimya, Lastik i\u015fkolunda 2 i\u015f\u00e7i; Tekstil, Deri i\u015fkolunda 2 i\u015f\u00e7i; A\u011fa\u00e7, K\u00e2\u011f\u0131t i\u015fkolunda 2 i\u015f\u00e7i; Banka, Finans, Sigorta i\u015fkolunda 1 i\u015f\u00e7i; Gemi, Tersane, Deniz, Liman i\u015fkolunda 1 i\u015f\u00e7i; Sa\u011fl\u0131k, Sosyal Hizmetler i\u015fkolunda 1 i\u015f\u00e7i; Elimizdeki veriler \u0131\u015f\u0131\u011f\u0131nda \u00e7al\u0131\u015ft\u0131\u011f\u0131 i\u015fkolunu belirleyemedi\u011fimiz 4 i\u015f\u00e7i hayat\u0131n\u0131 kaybetti\u2026<\/em><\/p>\n\n\n\n<p><strong>\u015eubat ay\u0131nda i\u015f cinayetlerinin nedenlerine g\u00f6re da\u011f\u0131l\u0131m\u0131 \u015f\u00f6yle:<\/strong><\/p>\n\n\n\n<p><em>Trafik, Servis Kazas\u0131 nedeniyle 31 i\u015f\u00e7i; Kalp Krizi, Beyin Kanamas\u0131 nedeniyle 23 i\u015f\u00e7i; Ezilme, G\u00f6\u00e7\u00fck nedeniyle 16 i\u015f\u00e7i; Y\u00fcksekten D\u00fc\u015fme nedeniyle 15 i\u015f\u00e7i; \u0130ntihar nedeniyle 6 i\u015f\u00e7i; \u015eiddet nedeniyle 6 i\u015f\u00e7i; Zehirlenme, Bo\u011fulma nedeniyle 5 i\u015f\u00e7i; Patlama, Yanma nedeniyle 4 i\u015f\u00e7i; Elektrik \u00c7arpmas\u0131 nedeniyle 3 i\u015f\u00e7i; Nesne \u00c7arpmas\u0131, D\u00fc\u015fmesi nedeniyle 3 i\u015f\u00e7i; Kesilme, Kopma nedeniyle 1 i\u015f\u00e7i; Di\u011fer nedenlerden dolay\u0131 8 i\u015f\u00e7i hayat\u0131n\u0131 kaybetti\u2026<\/em><\/p>\n\n\n\n<p><strong>\u015eubat ay\u0131nda i\u015f cinayetlerinin ya\u015f gruplar\u0131na g\u00f6re da\u011f\u0131l\u0131m\u0131 \u015f\u00f6yle:<\/strong><\/p>\n\n\n\n<p><em>14 ya\u015f ve alt\u0131 1 \u00e7ocuk i\u015f\u00e7i,<\/em><br><em>15-17 ya\u015f aras\u0131 3 \u00e7ocuk\/gen\u00e7 i\u015f\u00e7i,<\/em><br><em>18-29 ya\u015f aras\u0131 15 i\u015f\u00e7i,<\/em><br><em>30-49 ya\u015f aras\u0131 48 i\u015f\u00e7i,<\/em><br><em>50-64 ya\u015f aras\u0131 42 i\u015f\u00e7i,<\/em><br><em>65 ya\u015f ve \u00fcst\u00fc 7 i\u015f\u00e7i,<\/em><br><em>Ya\u015f\u0131n\u0131 bilmedi\u011fimiz 5 i\u015f\u00e7i hayat\u0131n\u0131 kaybetti\u2026<\/em><\/p>\n\n\n\n<p><strong>\u015eubat ay\u0131nda T\u00fcrkiye\u2019nin 45 \u015fehrinde ve yurtd\u0131\u015f\u0131nda \u00fc\u00e7 \u00fclkede (k\u0131sa vadeli \u00e7al\u0131\u015fmak i\u00e7in gidilen veya T\u00fcrkiye men\u015feili \u015firketlerde \u00e7al\u0131\u015fan) i\u015f cinayeti ger\u00e7ekle\u015fti\u011fini tespit ettik:<\/strong><\/p>\n\n\n\n<p><em>16 \u00f6l\u00fcm \u0130stanbul\u2019da; 7\u2019\u015fer \u00f6l\u00fcm Antalya, Bursa ve Gaziantep\u2019te; 6 \u00f6l\u00fcm Kocaeli\u2019nde; 5 \u00f6l\u00fcm \u0130zmir\u2019de; 4\u2019er \u00f6l\u00fcm Batman, Burdur, Sakarya ve Samsun\u2019da; 3\u2019er \u00f6l\u00fcm Ankara, Denizli, D\u00fczce, Mersin, Mu\u011fla ve \u015eanl\u0131urfa\u2019da; 2\u2019\u015fer \u00f6l\u00fcm Adana, Ayd\u0131n, Bilecik, Eski\u015fehir, Konya, K\u00fctahya ve Zonguldak\u2019ta; 1\u2019er \u00f6l\u00fcm Ad\u0131yaman, Afyon, Bal\u0131kesir, Bart\u0131n, \u00c7orum, Diyarbak\u0131r, Edirne, Giresun, Hatay, Isparta, Kahramanmara\u015f, Karaman, Kayseri, K\u0131r\u015fehir, Malatya, Manisa, Sinop, Sivas, Tekirda\u011f, Tokat, U\u015fak, Yozgat, G\u00fcrcistan, Irak ve Rusya\u2019da meydana geldi\u2026<\/em><\/p>\n","protected":false},"excerpt":{"rendered":"<p>\u0130\u015f\u00e7i Sa\u011fl\u0131\u011f\u0131 ve \u0130\u015f G\u00fcvenli\u011fi (\u0130S\u0130G) Meclisi,&#46;&#46;&#46;<\/p>\n","protected":false},"author":3,"featured_media":6103,"comment_status":"open","ping_status":"open","sticky":false,"template":"","format":"standard","meta":{"footnotes":""},"categories":[6],"tags":[],"manset":[],"class_list":["post-6102","post","type-post","status-publish","format-standard","has-post-thumbnail","hentry","category-emek"],"amp_enabled":true,"_links":{"self":[{"href":"https:\/\/kolektifmucadele1.org\/index.php\/wp-json\/wp\/v2\/posts\/6102","targetHints":{"allow":["GET"]}}],"collection":[{"href":"https:\/\/kolektifmucadele1.org\/index.php\/wp-json\/wp\/v2\/posts"}],"about":[{"href":"https:\/\/kolektifmucadele1.org\/index.php\/wp-json\/wp\/v2\/types\/post"}],"author":[{"embeddable":true,"href":"https:\/\/kolektifmucadele1.org\/index.php\/wp-json\/wp\/v2\/users\/3"}],"replies":[{"embeddable":true,"href":"https:\/\/kolektifmucadele1.org\/index.php\/wp-json\/wp\/v2\/comments?post=6102"}],"version-history":[{"count":1,"href":"https:\/\/kolektifmucadele1.org\/index.php\/wp-json\/wp\/v2\/posts\/6102\/revisions"}],"predecessor-version":[{"id":6104,"href":"https:\/\/kolektifmucadele1.org\/index.php\/wp-json\/wp\/v2\/posts\/6102\/revisions\/6104"}],"wp:featuredmedia":[{"embeddable":true,"href":"https:\/\/kolektifmucadele1.org\/index.php\/wp-json\/wp\/v2\/media\/6103"}],"wp:attachment":[{"href":"https:\/\/kolektifmucadele1.org\/index.php\/wp-json\/wp\/v2\/media?parent=6102"}],"wp:term":[{"taxonomy":"category","embeddable":true,"href":"https:\/\/kolektifmucadele1.org\/index.php\/wp-json\/wp\/v2\/categories?post=6102"},{"taxonomy":"post_tag","embeddable":true,"href":"https:\/\/kolektifmucadele1.org\/index.php\/wp-json\/wp\/v2\/tags?post=6102"},{"taxonomy":"manset","embeddable":true,"href":"https:\/\/kolektifmucadele1.org\/index.php\/wp-json\/wp\/v2\/manset?post=6102"}],"curies":[{"name":"wp","href":"https:\/\/api.w.org\/{rel}","templated":true}]}}