{"id":6182,"date":"2025-03-11T01:07:37","date_gmt":"2025-03-10T22:07:37","guid":{"rendered":"https:\/\/kolektifmucadele1.org\/?p=6182"},"modified":"2025-03-11T03:01:50","modified_gmt":"2025-03-11T00:01:50","slug":"suriyede-katliam-var-hesabini-soracagiz","status":"publish","type":"post","link":"https:\/\/kolektifmucadele1.org\/index.php\/2025\/03\/11\/suriyede-katliam-var-hesabini-soracagiz\/","title":{"rendered":"Suriye\u2019de katliam var, hesab\u0131n\u0131 soraca\u011f\u0131z"},"content":{"rendered":"\n<p>Suriye\u2019yi y\u0131lard\u0131r kan g\u00f6l\u00fcne \u00e7eviren emperyalist haydutlar ve onlar\u0131n i\u015fbirlik\u00e7isi \u015feriat\u00e7\u0131 fa\u015fist T\u00fcrkiye \u0130dlip\u2019te kontrolunda olan, El Nusra, El-Kaide ve DA\u0130\u015e art\u0131klar\u0131 HT\u015e\u2019y\u0131 \u015eam\u2019a yerle\u015ftirerek Esad y\u00f6netimine son verdiler. \u0130nsanl\u0131k d\u00fc\u015fman\u0131 bu \u00e7eteler \u015eam\u2019a oturur oturmaz az\u0131nl\u0131klara ve farkl\u0131 inan\u00e7larda halklara kar\u015f\u0131 katliam, talana ba\u015flad\u0131lar.<\/p>\n\n\n\n<p>Emperyalist efendileri ve akil hocas\u0131 \u015feriat\u00e7\u0131 fa\u015fist T\u00fcrkiye\u2019nin kravat takt\u0131rarak \u015firin g\u00f6stermeye \u00e7al\u0131\u015ft\u0131klar\u0131 \u00e7etelere \u00f6vg\u00fcler dizerken onlar katliamlar\u0131na devam ettiler. Ba\u015flatt\u0131klar\u0131 ac\u0131mas\u0131z katliamlarda ba\u015fta Alevilere y\u00f6nelik katliamlar\u0131 soyk\u0131r\u0131ma d\u00f6n\u00fc\u015ft\u00fc. \u201cEsad kal\u0131nt\u0131lar\u0131n\u0131 temizliyoruz\u201d ad\u0131 alt\u0131nda kad\u0131n, \u00e7ocuk demeden Alevi halk\u0131n\u0131 yok ediyorlar.<\/p>\n\n\n\n<p>HT\u015e \u015eam\u2019a oturul oturmaz gerek fa\u015fist iktidar \u00e7evresi gerekse onun besleme medyas\u0131 Alevi halkina y\u00f6nelik katliam \u00e7a\u011fr\u0131lar\u0131 yapmakta gecikmediler. Tarihte en b\u00fcy\u00fck Alevi katliam\u0131 d\u00fczenlemi\u015f olan Yavuz Sultan Selim\u2019\u0131n foto\u011fraflar\u0131n\u0131 payla\u015farak ba\u015fta Hatay Alevileri olmak \u00fczere \u00fclkede ya\u015fayan Alevi halk\u0131m\u0131zda tehdide ba\u015flad\u0131lar.<\/p>\n\n\n\n<p>Hem \u015eam\u2019a oturan HT\u015e \u00e7eteleri hem de \u00fclkemizdeki \u015feriat\u00e7\u0131 Alevi d\u00fc\u015fmanlar\u0131n\u0131n Alevilerin katliam\u0131 \u00e7a\u011fr\u0131lar\u0131 devam etti. \u0130\u015fte bu \u00e7a\u011fr\u0131larla birlikte Suriye\u2019de Alevilerin ya\u015fad\u0131\u011f\u0131 b\u00f6lgelere y\u00f6nelik b\u00fcy\u00fck bir soyk\u0131r\u0131m, katliam ba\u015flat\u0131ld\u0131.<\/p>\n\n\n\n<p>Katliamc\u0131, insanl\u0131k d\u00fc\u015fman\u0131 katilere tak\u0131m elbise giydirilerek, bu katilerin ne insanl\u0131k d\u00fc\u015fman\u0131 d\u00fc\u015f\u00fcnceleri nede katil ruh halleri tabi ki de\u011fi\u015fmezdi, de\u011fi\u015fmezde. Kanda, ya\u011fmada beslenen bu d\u00fcnyan\u0131n farkl\u0131 \u00fclkelerinde toplanan katil s\u00fcr\u00fcs\u00fc kans\u0131z ya\u015fayamaz.<\/p>\n\n\n\n<p>\u00dclkede her f\u0131rsata Alevilere y\u00f6nelik katliamlar d\u00fczenleyenler bu durumda \u00e7ok memnunlar. Bu \u00c7eteleri ve Alevi katliam\u0131n\u0131 destekleyen ve te\u015fvik edenler d\u00fcn Mara\u015f\u2019ta, \u00c7orum\u2019da, Sivas\u2019ta, Gazi\u2019de yapt\u0131klar\u0131n\u0131 \u015fimdi destekleyip besledikleri \u00e7eteleri yapiyor. Bunun i\u00e7in fa\u015fist \u015feriat\u00e7\u0131 AKP-MHP ve yanda\u015flar\u0131 katliam\u0131 yok say\u0131p HT\u015e\u2019nin katliam\u0131n\u0131 sevin\u00e7 \u00e7\u0131\u011fl\u0131klar\u0131 atanlar me\u015frula\u015ft\u0131rma \u00e7abas\u0131ndalar.<\/p>\n\n\n\n<p>Bu insanl\u0131k d\u00fc\u015fman\u0131 \u015feriat\u00e7\u0131 \u00e7eteler ve onlar\u0131n destek\u00e7isi, finans\u00f6r\u00fc emperyalist g\u00fc\u00e7ler ve \u015feriat\u00e7\u0131 fa\u015fist T\u00fcrk devleti bu \u00e7eteler kadar bu Alevi katliam\u0131nda sorumlu ve su\u00e7ludur.<\/p>\n\n\n\n<p>Bu e\u015fk\u0131yalar\u0131n Alevi halkina kar\u015f\u0131 s\u00fcrd\u00fcrd\u00fc\u011f\u00fc katliam, soyk\u0131r\u0131m kar\u015fisinda Alevi halk\u0131n\u0131n yaninda olmak, onlar\u0131n sesi olmal\u0131y\u0131z. Bug\u00fcn Suriye\u2019de bu katliam\u0131 yapanlar ilk f\u0131rsata \u00fclkede ki Alevi halk\u0131m\u0131za y\u00f6nelmekte ka\u00e7\u0131nmayacaklard\u0131r.<\/p>\n\n\n\n<p>Ba\u015fta Alevi halk\u0131m\u0131z bu geli\u015fmeler kar\u015f\u0131s\u0131nda kendi \u00f6z savunma \u00f6rg\u00fctlemelerini olu\u015fturmak zorunda.<\/p>\n\n\n\n<p>Bu arada Alevi katliam\u0131, soyk\u0131r\u0131m\u0131n\u0131n artarak s\u00fcrd\u00fc\u011f\u00fc ko\u015fularda Suriye Demokratik G\u00fc\u00e7leri (QSD)\u2019nin \u015eam\u2019ada katil, \u015feriat\u00e7\u0131 Colani\u2019nin elini s\u0131k\u0131p anla\u015fmalar\u0131 manidar oldu\u011fu kadar bug\u00fcne kadar K\u00fcrt halk\u0131n\u0131n katliam ve soyk\u0131r\u0131ma tabi tutulmas\u0131 kar\u015f\u0131s\u0131nda onun yan\u0131nda mevzilerde yer alanlarda, halklarda bir k\u0131r\u0131lma ve burukluk yarat\u0131\u011f\u0131n\u0131 da belirtmeliyiz.<\/p>\n\n\n\n<p>Emperyalist haydutlar ve yerel i\u015fbirlik\u00e7i hain iktidarlar ve ba\u015fta da \u015feriat\u00e7\u0131 fa\u015fist AKP- MHP iktidar\u0131 y\u0131llard\u0131r bu \u00e7eteleri besleyerek, destekleyerek b\u00f6lgeyi kan g\u00f6l\u00fcne \u00e7evirdiler.<\/p>\n\n\n\n<p>Bu katliam ve soyk\u0131r\u0131m kar\u015f\u0131s\u0131nda Alevi halk\u0131n\u0131n sesi olmak ve katliam kar\u015f\u0131s\u0131nda Alevi halk\u0131m\u0131zla dayan\u0131\u015fmay\u0131 b\u00fcy\u00fctmek zorunday\u0131z. m\u00fccadelemizle katilerde hesap soraca\u011f\u0131z<\/p>\n\n\n\n<p>Alevi halk\u0131 yaln\u0131z de\u011fildir!<\/p>\n\n\n\n<p>Katiler d\u00f6kt\u00fckleri kanda bo\u011fulacaklar.<\/p>\n\n\n\n<p>Ya\u015fas\u0131n halklar\u0131n karde\u015fli\u011fi, dayan\u0131\u015fmas\u0131<\/p>\n","protected":false},"excerpt":{"rendered":"<p>Suriye\u2019yi y\u0131lard\u0131r kan g\u00f6l\u00fcne \u00e7eviren emperyalist haydutlar&#46;&#46;&#46;<\/p>\n","protected":false},"author":3,"featured_media":6183,"comment_status":"open","ping_status":"open","sticky":false,"template":"","format":"standard","meta":{"footnotes":""},"categories":[2,29],"tags":[],"manset":[],"class_list":["post-6182","post","type-post","status-publish","format-standard","has-post-thumbnail","hentry","category-basin-aciklamalari","category-manset"],"amp_enabled":true,"_links":{"self":[{"href":"https:\/\/kolektifmucadele1.org\/index.php\/wp-json\/wp\/v2\/posts\/6182","targetHints":{"allow":["GET"]}}],"collection":[{"href":"https:\/\/kolektifmucadele1.org\/index.php\/wp-json\/wp\/v2\/posts"}],"about":[{"href":"https:\/\/kolektifmucadele1.org\/index.php\/wp-json\/wp\/v2\/types\/post"}],"author":[{"embeddable":true,"href":"https:\/\/kolektifmucadele1.org\/index.php\/wp-json\/wp\/v2\/users\/3"}],"replies":[{"embeddable":true,"href":"https:\/\/kolektifmucadele1.org\/index.php\/wp-json\/wp\/v2\/comments?post=6182"}],"version-history":[{"count":2,"href":"https:\/\/kolektifmucadele1.org\/index.php\/wp-json\/wp\/v2\/posts\/6182\/revisions"}],"predecessor-version":[{"id":6188,"href":"https:\/\/kolektifmucadele1.org\/index.php\/wp-json\/wp\/v2\/posts\/6182\/revisions\/6188"}],"wp:featuredmedia":[{"embeddable":true,"href":"https:\/\/kolektifmucadele1.org\/index.php\/wp-json\/wp\/v2\/media\/6183"}],"wp:attachment":[{"href":"https:\/\/kolektifmucadele1.org\/index.php\/wp-json\/wp\/v2\/media?parent=6182"}],"wp:term":[{"taxonomy":"category","embeddable":true,"href":"https:\/\/kolektifmucadele1.org\/index.php\/wp-json\/wp\/v2\/categories?post=6182"},{"taxonomy":"post_tag","embeddable":true,"href":"https:\/\/kolektifmucadele1.org\/index.php\/wp-json\/wp\/v2\/tags?post=6182"},{"taxonomy":"manset","embeddable":true,"href":"https:\/\/kolektifmucadele1.org\/index.php\/wp-json\/wp\/v2\/manset?post=6182"}],"curies":[{"name":"wp","href":"https:\/\/api.w.org\/{rel}","templated":true}]}}