{"id":6237,"date":"2025-03-15T22:37:23","date_gmt":"2025-03-15T19:37:23","guid":{"rendered":"https:\/\/kolektifmucadele1.org\/?p=6237"},"modified":"2025-03-15T22:41:09","modified_gmt":"2025-03-15T19:41:09","slug":"yasasin-ozgur-filistin","status":"publish","type":"post","link":"https:\/\/kolektifmucadele1.org\/index.php\/2025\/03\/15\/yasasin-ozgur-filistin\/","title":{"rendered":"Ya\u015fas\u0131n \u00f6zg\u00fcr Filistin"},"content":{"rendered":"\n<p>Siyonist \u0130srail\u2019in Filistin halk\u0131na Kara\u015f\u0131 y\u00fcr\u00fctt\u00fc\u011f\u00fc soyk\u0131r\u0131m yok etme sald\u0131r\u0131lar\u0131 s\u00fcr\u00fcyor. ABD destekli Siyonist s\u00f6m\u00fcrge projesini ve Filistin, Suriye\u2019de i\u015fgalci ilhak politikas\u0131 t\u00fcm h\u0131z\u0131yla devam ediyor.<\/p>\n\n\n\n<p>Gazze \u015eeridi&#8217;ndeki ate\u015fkes anla\u015fmas\u0131 Siyonistler taraf\u0131ndan s\u00fcrekli ihlal ediliyor. Gazze&#8217;ye yap\u0131lan insani yard\u0131mlar engellenerek halk a\u00e7l\u0131\u011fa mahk\u00fbm ediliyor. Gazellerin yerinden edilmesi tehlikesi devam ediyor.<\/p>\n\n\n\n<p>Filistin, L\u00fcbnan ve Suriye halklar\u0131yla dayan\u0131\u015fma, Siyonistlerin katliam ve i\u015fgalci politikalar\u0131 \u0130svi\u00e7re\u2019nin Z\u00fcrich \u015fehrinde d\u00fczenlenen y\u00fcr\u00fcy\u00fc\u015fle protesto edildi.<\/p>\n","protected":false},"excerpt":{"rendered":"<p>Siyonist \u0130srail\u2019in Filistin halk\u0131na Kara\u015f\u0131 y\u00fcr\u00fctt\u00fc\u011f\u00fc soyk\u0131r\u0131m&#46;&#46;&#46;<\/p>\n","protected":false},"author":3,"featured_media":6238,"comment_status":"open","ping_status":"open","sticky":false,"template":"","format":"standard","meta":{"footnotes":""},"categories":[5],"tags":[],"manset":[],"class_list":["post-6237","post","type-post","status-publish","format-standard","has-post-thumbnail","hentry","category-etkinlikler"],"amp_enabled":true,"_links":{"self":[{"href":"https:\/\/kolektifmucadele1.org\/index.php\/wp-json\/wp\/v2\/posts\/6237","targetHints":{"allow":["GET"]}}],"collection":[{"href":"https:\/\/kolektifmucadele1.org\/index.php\/wp-json\/wp\/v2\/posts"}],"about":[{"href":"https:\/\/kolektifmucadele1.org\/index.php\/wp-json\/wp\/v2\/types\/post"}],"author":[{"embeddable":true,"href":"https:\/\/kolektifmucadele1.org\/index.php\/wp-json\/wp\/v2\/users\/3"}],"replies":[{"embeddable":true,"href":"https:\/\/kolektifmucadele1.org\/index.php\/wp-json\/wp\/v2\/comments?post=6237"}],"version-history":[{"count":2,"href":"https:\/\/kolektifmucadele1.org\/index.php\/wp-json\/wp\/v2\/posts\/6237\/revisions"}],"predecessor-version":[{"id":6240,"href":"https:\/\/kolektifmucadele1.org\/index.php\/wp-json\/wp\/v2\/posts\/6237\/revisions\/6240"}],"wp:featuredmedia":[{"embeddable":true,"href":"https:\/\/kolektifmucadele1.org\/index.php\/wp-json\/wp\/v2\/media\/6238"}],"wp:attachment":[{"href":"https:\/\/kolektifmucadele1.org\/index.php\/wp-json\/wp\/v2\/media?parent=6237"}],"wp:term":[{"taxonomy":"category","embeddable":true,"href":"https:\/\/kolektifmucadele1.org\/index.php\/wp-json\/wp\/v2\/categories?post=6237"},{"taxonomy":"post_tag","embeddable":true,"href":"https:\/\/kolektifmucadele1.org\/index.php\/wp-json\/wp\/v2\/tags?post=6237"},{"taxonomy":"manset","embeddable":true,"href":"https:\/\/kolektifmucadele1.org\/index.php\/wp-json\/wp\/v2\/manset?post=6237"}],"curies":[{"name":"wp","href":"https:\/\/api.w.org\/{rel}","templated":true}]}}