{"id":625,"date":"2023-01-31T07:02:00","date_gmt":"2023-01-31T04:02:00","guid":{"rendered":"https:\/\/kolektifmucadele.org\/?p=625"},"modified":"2023-01-31T07:02:00","modified_gmt":"2023-01-31T04:02:00","slug":"altili-masa-ortak-politikalar-mutabakat-metnini-acikladi","status":"publish","type":"post","link":"https:\/\/kolektifmucadele1.org\/index.php\/2023\/01\/31\/altili-masa-ortak-politikalar-mutabakat-metnini-acikladi\/","title":{"rendered":"Alt\u0131l\u0131 masa, Ortak Politikalar Mutabakat Metni&#8217;ni a\u00e7\u0131klad\u0131"},"content":{"rendered":"\n<p><\/p>\n\n\n\n<p>Art\u0131k, Alt\u0131l\u0131 Masa yerine Millet \u0130ttifak\u0131 ad\u0131n\u0131 da kullanmaya ba\u015flayan CHP, \u0130yi Parti, Saadet Partisi, Deva Partisi, Gelecek Partisi ve Demokrat Parti\u2019nin olu\u015fturdu\u011fu muhalefet bloku \u201cOrtak Politikalar Mutabakat Metni\u201dni kamuoyu ile payla\u015ft\u0131.<\/p>\n\n\n\n<p>Alt\u0131l\u0131 masa bu metinle de bir kez daha g\u00f6sterdi ki bu masa i\u015f\u00e7ilerin -emek\u00e7ilerin de\u011fil. Metinde 9 ba\u015fl\u0131k alt\u0131nda 71 alt ba\u015fl\u0131k ve 230 madde olarak sunulan ortak mutabakat ta bol miktarda vaatler yer al\u0131yor. Ancak t\u00fcm vaatler \u00e7\u00f6kmekte olan sistemin restorasyonu projesini olu\u015fturuyor demek yerinde olacak.<\/p>\n\n\n\n<p>M\u00fccadeleyi salt AKP-MHP kar\u015f\u0131tl\u0131\u011f\u0131na indirgeyenler, ya da \u00fclkemizde fa\u015fizmi bir sitem de\u011fil de salt AKP-MHP de ibret ele alanlar a\u00e7\u0131s\u0131nda bu metin san\u0131r\u0131z biraz i\u015flerini zorla\u015ft\u0131racak. Her ko\u015fulda parlamentoyu, se\u00e7imlere ve AKP-MHP\u2019nin devrilmesiyle sorunlar\u0131n \u00e7\u00f6z\u00fclece\u011fini, demokrasinin \u00f6n\u00fcn\u00fcn a\u00e7\u0131laca\u011f\u0131n\u0131 empoze edenler c\u0131mb\u0131zlayarak bu mutabakat metininde kendilerince olumlu y\u00f6nler bula bilirler. Ki b\u00f6ylesine bir aymazl\u0131kta \u015fi\u015firtici olmayacakt\u0131r bizler a\u00e7\u0131s\u0131nda.<\/p>\n\n\n\n<p>Mutabakat metni \u00f6z\u00fc itibar\u0131yla Millet \u0130ttifak\u0131 \u00e7\u00f6kme a\u015famas\u0131na gelen sistemin krizi kar\u015f\u0131s\u0131nda sermaye s\u0131n\u0131f\u0131na kendisini \u00e7\u00f6z\u00fcm olarak sunmakta. T\u00dcS\u0130AD\u2019\u0131n haz\u0131rlad\u0131\u011f\u0131 program\u0131nda gerisine d\u00fc\u015ferek efendilerini ikna \u00e7abas\u0131ndalar.<\/p>\n\n\n\n<p>Mutabakat sisteme y\u00f6nelik vaatleri d\u0131\u015f\u0131nda, i\u015f\u00e7i s\u0131n\u0131f\u0131na, emek\u00e7ilere, kad\u0131nlara, K\u00fcrt halk\u0131na, kayyumlara kar\u015f\u0131, gen\u00e7li\u011fe, \u00e7evre ve do\u011fay\u0131 korumaya, k\u00f6yl\u00fcye, ifade \u00f6zg\u00fcrl\u00fc\u011f\u00fcne, sermaye talan\u0131 kar\u015f\u0131s\u0131nda kamula\u015ft\u0131rma, laiklik vb vb taleplerine dair herhangi bir somut \u00e7\u00f6z\u00fcm vaadi yer alm\u0131yor. K\u0131sacas\u0131 \u00f6yle ki metinde emek, grev, K\u00fcrt, kamula\u015ft\u0131rma, laiklik, LGBT\u0130+ s\u00f6zc\u00fcklerine rastlamak dahi m\u00fcmk\u00fcn de\u011fil. Bug\u00fcne kadar CHP ve \u0130yi Parti\u2019nin pek \u00e7ok kez dile getirdi\u011fi \u0130stanbul S\u00f6zle\u015fmesi\u2019ne geri d\u00f6nme vaadi de yoklar ars\u0131nda. \u00d6zcesi \u201cMillet \u0130ttifak\u0131n\u0131n program\u0131n\u0131n\u201d sistem i\u00e7in bir restorasyon program\u0131 oldu\u011fudur.<\/p>\n\n\n\n<p>Onlar\u0131n derdi ve \u00e7abalar\u0131 sistemin i\u00e7ine girdi\u011fi kriz ve halklar nezlinde y\u0131pranan sistemi g\u00fc\u00e7lendirerek toparlamaya aday olduklar\u0131n\u0131n a\u00e7\u0131klamas\u0131d\u0131r. T\u00fcm s\u00fcslemelerine ra\u011fmen haklar a\u00e7\u0131s\u0131nda, gelecek g\u00fcvencesi bak\u0131m\u0131ndan bir \u015fey yok. \u00d6zcesi yine her \u015fey sermaye i\u00e7in\u2026<br>Bir kez daha halklar\u0131n \u00f6n\u00fcne \u201cdemokrasi\u201d denerek, tarih boyunca se\u00e7im maskesi alt\u0131nda yap\u0131lan\u0131n tekrarlanmas\u0131nda \u00f6te bir \u015fey yok. Emek\u00e7i s\u0131n\u0131flara, K\u00fcrt halk\u0131na, Alevilere, kad\u0131nlara, gen\u00e7li\u011fe kendilerini kimin ezece\u011fini onaylatmaktan ba\u015fka \u015fey de\u011fildir bu.<\/p>\n\n\n\n<p>Liberal ve sosyal reformistlerin haklar\u0131m\u0131za umut olarak sunduklar\u0131 parlamento, se\u00e7im ve AKP-MHP\u2019nin iktidarda edilmesi i\u00e7in bu ittifak\u0131n (Millet \u0130ttifak\u0131) cumhurba\u015fkan\u0131 aday\u0131n\u0131n desteklenmesi tutumluda yukarda ifade eti\u011fimiz gibi \u201ciyi patron, k\u00f6t\u00fc patron\u201d tercihinden ba\u015fka \u015fey de\u011fil.<\/p>\n\n\n\n<p>Halklar\u0131m\u0131z\u0131n, kad\u0131nlar\u0131n, gen\u00e7li\u011fin, K\u00fcrt halk\u0131, Alevilerin ve bir b\u00fct\u00fcn olarak t\u00fcm ezilen ve yok say\u0131lanlar\u0131n bu hokkabazlar\u0131n olu\u015fturdu\u011fu hi\u00e7bir masada \u00e7\u0131kar\u0131 yoktur. K\u00fcrt halk\u0131na s\u00f6ylenen, sava\u015f ve soyk\u0131r\u0131m\u0131n aynen devem edece\u011fidir. Bu hokkabazlar\u0131n kurdu\u011fu masalarda d\u00fcn oldu\u011fu gibi bug\u00fcnde haklara daha \u00e7ok s\u00f6m\u00fcr\u00fc, bask\u0131, yokluk yoksulluktan ba\u015fka getirece\u011fi bir \u015fey yok, olmazda. Onlar\u0131n t\u00fcm \u00e7\u0131rp\u0131n\u0131\u015flar\u0131 egemen s\u0131n\u0131flara kendilerini kabul ettirmek ve onlar\u0131n ad\u0131na iktidar\u0131 en iyi kendisini y\u00f6netece\u011fidir.<br>Bug\u00fcn bizlere d\u00fc\u015fen g\u00f6rev oynanan bu tiyatroya ortak olmak de\u011fil. Onlar\u0131 te\u015fhir etmek ve halklarimizi soka\u011fa, sokakta \u00f6rg\u00fctlenmeye, m\u00fccadeleye \u00e7ekmek ve kendi taleplerini kendi m\u00fccadelesiyle elde edebilece\u011fidir.<\/p>\n\n\n\n<p>30 Ocak 2023<\/p>\n","protected":false},"excerpt":{"rendered":"<p>Art\u0131k, Alt\u0131l\u0131 Masa yerine Millet \u0130ttifak\u0131 ad\u0131n\u0131&#46;&#46;&#46;<\/p>\n","protected":false},"author":1,"featured_media":627,"comment_status":"closed","ping_status":"open","sticky":false,"template":"","format":"standard","meta":{"footnotes":""},"categories":[7],"tags":[],"manset":[],"class_list":["post-625","post","type-post","status-publish","format-standard","has-post-thumbnail","hentry","category-makaleler"],"amp_enabled":true,"_links":{"self":[{"href":"https:\/\/kolektifmucadele1.org\/index.php\/wp-json\/wp\/v2\/posts\/625","targetHints":{"allow":["GET"]}}],"collection":[{"href":"https:\/\/kolektifmucadele1.org\/index.php\/wp-json\/wp\/v2\/posts"}],"about":[{"href":"https:\/\/kolektifmucadele1.org\/index.php\/wp-json\/wp\/v2\/types\/post"}],"author":[{"embeddable":true,"href":"https:\/\/kolektifmucadele1.org\/index.php\/wp-json\/wp\/v2\/users\/1"}],"replies":[{"embeddable":true,"href":"https:\/\/kolektifmucadele1.org\/index.php\/wp-json\/wp\/v2\/comments?post=625"}],"version-history":[{"count":0,"href":"https:\/\/kolektifmucadele1.org\/index.php\/wp-json\/wp\/v2\/posts\/625\/revisions"}],"wp:featuredmedia":[{"embeddable":true,"href":"https:\/\/kolektifmucadele1.org\/index.php\/wp-json\/wp\/v2\/media\/627"}],"wp:attachment":[{"href":"https:\/\/kolektifmucadele1.org\/index.php\/wp-json\/wp\/v2\/media?parent=625"}],"wp:term":[{"taxonomy":"category","embeddable":true,"href":"https:\/\/kolektifmucadele1.org\/index.php\/wp-json\/wp\/v2\/categories?post=625"},{"taxonomy":"post_tag","embeddable":true,"href":"https:\/\/kolektifmucadele1.org\/index.php\/wp-json\/wp\/v2\/tags?post=625"},{"taxonomy":"manset","embeddable":true,"href":"https:\/\/kolektifmucadele1.org\/index.php\/wp-json\/wp\/v2\/manset?post=625"}],"curies":[{"name":"wp","href":"https:\/\/api.w.org\/{rel}","templated":true}]}}