{"id":6317,"date":"2025-03-20T01:42:15","date_gmt":"2025-03-19T22:42:15","guid":{"rendered":"https:\/\/kolektifmucadele1.org\/?p=6317"},"modified":"2025-03-20T01:42:16","modified_gmt":"2025-03-19T22:42:16","slug":"odtululer-gozaltina-tepki-gosterdi-odtu-ayakta-direniyor","status":"publish","type":"post","link":"https:\/\/kolektifmucadele1.org\/index.php\/2025\/03\/20\/odtululer-gozaltina-tepki-gosterdi-odtu-ayakta-direniyor\/","title":{"rendered":"ODT\u00dc\u2019l\u00fcler g\u00f6zalt\u0131na tepki g\u00f6sterdi: ODT\u00dc ayakta direniyor"},"content":{"rendered":"\n<p>\u0130BB Ba\u015fkan\u0131 Ekrem \u0130mamo\u011flu\u2019nun diplomas\u0131n\u0131n iptali ard\u0131ndan ya\u015fanan g\u00f6zalt\u0131 s\u00fcrecine dair eylem \u00e7a\u011fr\u0131s\u0131 yapan ODT\u00dc \u00f6\u011frencileri, binleri bulan kat\u0131l\u0131mla y\u00fcr\u00fcd\u00fc.<\/p>\n\n\n\n<p>ODT\u00dc Do\u011fu Yurtlar\u0131 \u00f6n\u00fcnde bir araya gelen \u00f6\u011frenciler, y\u00fcr\u00fcyerek \u00f6nce 100. Y\u0131l\u2019a ard\u0131ndan \u00c7ukurambar\u2019a ula\u015ft\u0131. \u201cODT\u00dc ayakta direniyor, \u201cH\u00fck\u00fcmet istifa\u201d sloganlar\u0131 e\u015fli\u011finde y\u00fcr\u00fcyen \u00f6\u011frencilerin G\u00fcvenpark\u2019a y\u00fcr\u00fcy\u00fc\u015f\u00fc devam ediyor.<\/p>\n\n\n\n<p>\u201cODT\u00dc ayakta direniyor\u201d, \u201cH\u00fck\u00fcmet istifa\u201d, \u201cFa\u015fizme kar\u015f\u0131 omuz omuza\u201d, \u201cDikdat\u00f6r Erdo\u011fan\u201d sloganlar\u0131yla y\u00fcr\u00fcyen ODT\u00dc \u00f6\u011frencileri, Do\u011fu Yurtlar\u0131 \u00f6n\u00fcnden ba\u015flatt\u0131klar\u0131 y\u00fcr\u00fcy\u00fc\u015f devam ettiler. \u0130mamo\u011flu\u2019nun g\u00f6zalt\u0131na al\u0131nmas\u0131n\u0131 protesto eden ODT\u00dc \u00f6\u011frencilerinin y\u00fcr\u00fcy\u00fc\u015f\u00fcne, 100. Y\u0131l. sakinleri de kat\u0131ld\u0131. \u00c7ukurambar\u2019da \u00e7ok say\u0131da polis ve TOMA\u2019n\u0131n g\u00fcvenlik \u00f6nelmine ra\u011fmen \u00f6\u011frenciler y\u00fcr\u00fcy\u00fc\u015fe devam etti. \u00d6\u011frencilerin \u00f6n\u00fc bu kez S\u00f6\u011f\u00fct\u00f6z\u00fc Metro K\u00f6pr\u00fcalt\u0131&#8217;nda yeniden polis barikat\u0131yla kesildi. Polis ODT\u00dc&#8217;l\u00fclere burada m\u00fcdahalede bulundu.<\/p>\n\n\n\n<p>\u201cM\u00fccadeleyi ilmek ilmek \u00f6rece\u011fiz\u201d<\/p>\n\n\n\n<p>Uzun s\u00fcren eylemin ard\u0131ndan ODT\u00dc \u00f6\u011frencileri yapt\u0131klar\u0131 bas\u0131n a\u00e7\u0131klamas\u0131yla eylemi sonland\u0131rd\u0131. A\u00e7\u0131klamada, \u201cBizler m\u00fccadelenin yaln\u0131zca bir g\u00fcnle olmad\u0131\u011f\u0131n\u0131 bilmiyoruz. \u0130ktidar\u0131n \u00f6n\u00fcm\u00fcze koydu\u011fu her t\u00fcrl\u00fc sald\u0131r\u0131ya kar\u015f\u0131, atanm\u0131\u015f rekt\u00f6rlerine kar\u015f\u0131da m\u00fccadeleyi ilmek ilmek \u00f6rmeye devam ettik. Bug\u00fcnden sonra da bu hukuksuzlu\u011fa, darbe giri\u015fimine kar\u015f\u0131 m\u00fccadele etmeye devam edece\u011fiz. M\u00fccadelemizi nas\u0131l b\u00fcy\u00fctece\u011fimize kar\u015f\u0131 tart\u0131\u015fma ortamlar\u0131n\u0131 yurtta, s\u0131n\u0131fta, fak\u00fcltelerimizde \u00f6rg\u00fctlemeye devam edece\u011fiz. Bug\u00fcn de y\u0131lmad\u0131\u011f\u0131m\u0131z\u0131 g\u00f6sterdik ve g\u00f6stermeye devam edece\u011fiz\u201d denildi.<\/p>\n\n\n\n<p>ODT\u00dc \u00f6\u011frencileri eylemi \u00fczerine \u00fcniversiteye sevk edilen binlerce takviye polis &nbsp;protesto eden \u00f6\u011frencilere gaz bombalar\u0131 ve tazyikli su ile sert bir \u015fekilde m\u00fcdahalede bulunarak g\u00f6zalti yapti. ODT\u00dc&#8217;de d\u00fczenlenen g\u00f6sterilere polisin sert m\u00fcdahalesi \u00fcniversitede protesto edildi. Protestoya CHP milet vekileride destek verdi.<\/p>\n","protected":false},"excerpt":{"rendered":"<p>\u0130BB Ba\u015fkan\u0131 Ekrem \u0130mamo\u011flu\u2019nun diplomas\u0131n\u0131n iptali ard\u0131ndan&#46;&#46;&#46;<\/p>\n","protected":false},"author":3,"featured_media":6318,"comment_status":"open","ping_status":"open","sticky":false,"template":"","format":"standard","meta":{"footnotes":""},"categories":[5],"tags":[],"manset":[],"class_list":["post-6317","post","type-post","status-publish","format-standard","has-post-thumbnail","hentry","category-etkinlikler"],"amp_enabled":true,"_links":{"self":[{"href":"https:\/\/kolektifmucadele1.org\/index.php\/wp-json\/wp\/v2\/posts\/6317","targetHints":{"allow":["GET"]}}],"collection":[{"href":"https:\/\/kolektifmucadele1.org\/index.php\/wp-json\/wp\/v2\/posts"}],"about":[{"href":"https:\/\/kolektifmucadele1.org\/index.php\/wp-json\/wp\/v2\/types\/post"}],"author":[{"embeddable":true,"href":"https:\/\/kolektifmucadele1.org\/index.php\/wp-json\/wp\/v2\/users\/3"}],"replies":[{"embeddable":true,"href":"https:\/\/kolektifmucadele1.org\/index.php\/wp-json\/wp\/v2\/comments?post=6317"}],"version-history":[{"count":1,"href":"https:\/\/kolektifmucadele1.org\/index.php\/wp-json\/wp\/v2\/posts\/6317\/revisions"}],"predecessor-version":[{"id":6319,"href":"https:\/\/kolektifmucadele1.org\/index.php\/wp-json\/wp\/v2\/posts\/6317\/revisions\/6319"}],"wp:featuredmedia":[{"embeddable":true,"href":"https:\/\/kolektifmucadele1.org\/index.php\/wp-json\/wp\/v2\/media\/6318"}],"wp:attachment":[{"href":"https:\/\/kolektifmucadele1.org\/index.php\/wp-json\/wp\/v2\/media?parent=6317"}],"wp:term":[{"taxonomy":"category","embeddable":true,"href":"https:\/\/kolektifmucadele1.org\/index.php\/wp-json\/wp\/v2\/categories?post=6317"},{"taxonomy":"post_tag","embeddable":true,"href":"https:\/\/kolektifmucadele1.org\/index.php\/wp-json\/wp\/v2\/tags?post=6317"},{"taxonomy":"manset","embeddable":true,"href":"https:\/\/kolektifmucadele1.org\/index.php\/wp-json\/wp\/v2\/manset?post=6317"}],"curies":[{"name":"wp","href":"https:\/\/api.w.org\/{rel}","templated":true}]}}