{"id":6329,"date":"2025-03-21T00:37:26","date_gmt":"2025-03-20T21:37:26","guid":{"rendered":"https:\/\/kolektifmucadele1.org\/?p=6329"},"modified":"2025-03-21T00:37:27","modified_gmt":"2025-03-20T21:37:27","slug":"ankaralilar-irade-gaspina-karsi-sokakta-odtude-polis-saldirisina-ragmen-direnis-suruyor","status":"publish","type":"post","link":"https:\/\/kolektifmucadele1.org\/index.php\/2025\/03\/21\/ankaralilar-irade-gaspina-karsi-sokakta-odtude-polis-saldirisina-ragmen-direnis-suruyor\/","title":{"rendered":"Ankaral\u0131lar irade gasp\u0131na kar\u015f\u0131 sokakta: ODT\u00dc\u2019de polis sald\u0131r\u0131s\u0131na ra\u011fmen direni\u015f s\u00fcr\u00fcyor"},"content":{"rendered":"\n<p>\u0130stanbul B\u00fcy\u00fck\u015fehir Belediye Ba\u015fkan\u0131 Ekrem \u0130mamo\u011flu\u2019nun \u00f6nce diplomas\u0131n\u0131n iptal edilmesi, ard\u0131ndan da g\u00f6zalt\u0131na al\u0131nmas\u0131na kar\u015f\u0131 Ankara\u2019da eylemler ikinci g\u00fcn\u00fcnde s\u00fcr\u00fcyor. \u00dcniversite kamp\u00fcslerindeki eylemlerin yan\u0131 s\u0131ra G\u00fcvenpark\u2019ta, Bat\u0131kent\u2019te, Dikmen\u2019de ve Mamak\u2019ta da halk soka\u011fa \u00e7\u0131karak irade gasp\u0131na kar\u015f\u0131 eski Meclis \u00f6n\u00fcne y\u00fcr\u00fcd\u00fc.<\/p>\n\n\n\n<p>Dikmenliler Dikmen Caddesi ve K\u0131z\u0131lay \u00fczerinden; Mamakl\u0131lar Tuzlu\u00e7ay\u0131r\u2019dan T\u0131p Fak\u00fcltesi Caddesi \u00fczerinden; G\u00fcvenpark\u2019ta toplananlar da S\u0131hhiye \u00fczerinden eski Meclis \u00f6n\u00fcne y\u00fcr\u00fcd\u00fc.<\/p>\n\n\n\n<p>Ankara\u2019da Mamakl\u0131lar Ekrem \u0130mamo\u011flu\u2019nun g\u00f6zalt\u0131na al\u0131nmas\u0131na kar\u015f\u0131 Tuzlu\u00e7ay\u0131r\u2019dan G\u00fcvenpark\u2019a do\u011fru y\u00fcr\u00fcy\u00fc\u015fe ge\u00e7ti<\/p>\n\n\n\n<p><strong>ODT\u00dc\u2019de direni\u015f<\/strong><\/p>\n\n\n\n<p>Eski Meclis \u00f6n\u00fcnde toplanan Ankaral\u0131lar, sonras\u0131nda ODT\u00dc\u2019deki eyleme ge\u00e7ti. Hacettepe \u00dcniversitesi, Bilkent \u00dcniversitesi \u00f6\u011frencileri de ODT\u00dc\u2019deki eyleme kat\u0131ld\u0131. ODT\u00dc metro dura\u011f\u0131 kapat\u0131ld\u0131. ODT\u00dc\u2019ye ula\u015fmak isteyenler MTA dura\u011f\u0131nda inip kamp\u00fcse y\u00fcr\u00fcd\u00fc. Kamp\u00fcs giri\u015fine barikat kuruldu ve bir s\u00fcre Ankaral\u0131lar\u0131n kamp\u00fcse girmesi engellendiyse de barikatlar a\u00e7\u0131ld\u0131.<\/p>\n\n\n\n<p>\u0130\u00e7eri girenlerle birlikte eylem devam etti.&nbsp;Eski\u015fehir yoluna a\u00e7\u0131lan A1 kap\u0131s\u0131nda polis biber gazlar\u0131 ve plastik mermilerle sald\u0131rd\u0131. Ankaral\u0131lar, polisin sald\u0131r\u0131s\u0131na ra\u011fmen direni\u015fe devam etti.<\/p>\n","protected":false},"excerpt":{"rendered":"<p>\u0130stanbul B\u00fcy\u00fck\u015fehir Belediye Ba\u015fkan\u0131 Ekrem \u0130mamo\u011flu\u2019nun \u00f6nce&#46;&#46;&#46;<\/p>\n","protected":false},"author":3,"featured_media":6330,"comment_status":"open","ping_status":"open","sticky":false,"template":"","format":"standard","meta":{"footnotes":""},"categories":[5],"tags":[],"manset":[],"class_list":["post-6329","post","type-post","status-publish","format-standard","has-post-thumbnail","hentry","category-etkinlikler"],"amp_enabled":true,"_links":{"self":[{"href":"https:\/\/kolektifmucadele1.org\/index.php\/wp-json\/wp\/v2\/posts\/6329","targetHints":{"allow":["GET"]}}],"collection":[{"href":"https:\/\/kolektifmucadele1.org\/index.php\/wp-json\/wp\/v2\/posts"}],"about":[{"href":"https:\/\/kolektifmucadele1.org\/index.php\/wp-json\/wp\/v2\/types\/post"}],"author":[{"embeddable":true,"href":"https:\/\/kolektifmucadele1.org\/index.php\/wp-json\/wp\/v2\/users\/3"}],"replies":[{"embeddable":true,"href":"https:\/\/kolektifmucadele1.org\/index.php\/wp-json\/wp\/v2\/comments?post=6329"}],"version-history":[{"count":1,"href":"https:\/\/kolektifmucadele1.org\/index.php\/wp-json\/wp\/v2\/posts\/6329\/revisions"}],"predecessor-version":[{"id":6331,"href":"https:\/\/kolektifmucadele1.org\/index.php\/wp-json\/wp\/v2\/posts\/6329\/revisions\/6331"}],"wp:featuredmedia":[{"embeddable":true,"href":"https:\/\/kolektifmucadele1.org\/index.php\/wp-json\/wp\/v2\/media\/6330"}],"wp:attachment":[{"href":"https:\/\/kolektifmucadele1.org\/index.php\/wp-json\/wp\/v2\/media?parent=6329"}],"wp:term":[{"taxonomy":"category","embeddable":true,"href":"https:\/\/kolektifmucadele1.org\/index.php\/wp-json\/wp\/v2\/categories?post=6329"},{"taxonomy":"post_tag","embeddable":true,"href":"https:\/\/kolektifmucadele1.org\/index.php\/wp-json\/wp\/v2\/tags?post=6329"},{"taxonomy":"manset","embeddable":true,"href":"https:\/\/kolektifmucadele1.org\/index.php\/wp-json\/wp\/v2\/manset?post=6329"}],"curies":[{"name":"wp","href":"https:\/\/api.w.org\/{rel}","templated":true}]}}