{"id":6351,"date":"2025-03-21T20:13:40","date_gmt":"2025-03-21T17:13:40","guid":{"rendered":"https:\/\/kolektifmucadele1.org\/?p=6351"},"modified":"2025-03-21T20:13:41","modified_gmt":"2025-03-21T17:13:41","slug":"emek-baris-ve-demokrasi-guclerinden-sarachane-cagrisi","status":"publish","type":"post","link":"https:\/\/kolektifmucadele1.org\/index.php\/2025\/03\/21\/emek-baris-ve-demokrasi-guclerinden-sarachane-cagrisi\/","title":{"rendered":"Emek Bar\u0131\u015f ve Demokrasi G\u00fc\u00e7leri&#8217;nden Sara\u00e7hane \u00e7a\u011fr\u0131s\u0131"},"content":{"rendered":"\n<p>\u0130stanbul Emek Bar\u0131\u015f ve Demokrasi G\u00fc\u00e7leri, saat 19.30&#8217;da Sara\u00e7hane&#8217;de toplanacaklar\u0131n\u0131 a\u00e7\u0131klad\u0131.<\/p>\n\n\n\n<p>\u0130stanbul Emek Bar\u0131\u015f ve Demokrasi G\u00fc\u00e7leri, \u0130stanbul B\u00fcy\u00fck\u015fehir Belediyesi&#8217;ne (\u0130BB) y\u00f6nelik operasyonu protesto etmek amac\u0131yla saat 19.30&#8217;da Sara\u00e7hane&#8217;de bulunan \u0130BB binas\u0131 \u00f6n\u00fcnde toplanacaklar\u0131n\u0131 a\u00e7\u0131klad\u0131.<\/p>\n\n\n\n<p>Halklar\u0131n E\u015fitlik ve Demokrasi Partisi (DEM Parti) \u0130stanbul \u0130l \u00d6rg\u00fct\u00fc de sanal medya hesab\u0131ndan yapt\u0131\u011f\u0131 payla\u015f\u0131m\u0131nda, &#8220;\u0130stanbul Emek, Bar\u0131\u015f ve Demokrasi G\u00fc\u00e7leri&#8217;nin \u00e7a\u011fr\u0131s\u0131 \u00fczerine bu ak\u015fam saat 19.30&#8217;da Sara\u00e7hane&#8217;de bulu\u015faca\u011f\u0131z. Halk\u0131n iradesine sahip \u00e7\u0131kacak, gasp edilmesine izin vermeyece\u011fi&#8221; ifadeleri yer ald\u0131.&nbsp;<\/p>\n","protected":false},"excerpt":{"rendered":"<p>\u0130stanbul Emek Bar\u0131\u015f ve Demokrasi G\u00fc\u00e7leri, saat&#46;&#46;&#46;<\/p>\n","protected":false},"author":3,"featured_media":6352,"comment_status":"open","ping_status":"open","sticky":false,"template":"","format":"standard","meta":{"footnotes":""},"categories":[5],"tags":[],"manset":[],"class_list":["post-6351","post","type-post","status-publish","format-standard","has-post-thumbnail","hentry","category-etkinlikler"],"amp_enabled":true,"_links":{"self":[{"href":"https:\/\/kolektifmucadele1.org\/index.php\/wp-json\/wp\/v2\/posts\/6351","targetHints":{"allow":["GET"]}}],"collection":[{"href":"https:\/\/kolektifmucadele1.org\/index.php\/wp-json\/wp\/v2\/posts"}],"about":[{"href":"https:\/\/kolektifmucadele1.org\/index.php\/wp-json\/wp\/v2\/types\/post"}],"author":[{"embeddable":true,"href":"https:\/\/kolektifmucadele1.org\/index.php\/wp-json\/wp\/v2\/users\/3"}],"replies":[{"embeddable":true,"href":"https:\/\/kolektifmucadele1.org\/index.php\/wp-json\/wp\/v2\/comments?post=6351"}],"version-history":[{"count":1,"href":"https:\/\/kolektifmucadele1.org\/index.php\/wp-json\/wp\/v2\/posts\/6351\/revisions"}],"predecessor-version":[{"id":6353,"href":"https:\/\/kolektifmucadele1.org\/index.php\/wp-json\/wp\/v2\/posts\/6351\/revisions\/6353"}],"wp:featuredmedia":[{"embeddable":true,"href":"https:\/\/kolektifmucadele1.org\/index.php\/wp-json\/wp\/v2\/media\/6352"}],"wp:attachment":[{"href":"https:\/\/kolektifmucadele1.org\/index.php\/wp-json\/wp\/v2\/media?parent=6351"}],"wp:term":[{"taxonomy":"category","embeddable":true,"href":"https:\/\/kolektifmucadele1.org\/index.php\/wp-json\/wp\/v2\/categories?post=6351"},{"taxonomy":"post_tag","embeddable":true,"href":"https:\/\/kolektifmucadele1.org\/index.php\/wp-json\/wp\/v2\/tags?post=6351"},{"taxonomy":"manset","embeddable":true,"href":"https:\/\/kolektifmucadele1.org\/index.php\/wp-json\/wp\/v2\/manset?post=6351"}],"curies":[{"name":"wp","href":"https:\/\/api.w.org\/{rel}","templated":true}]}}