{"id":6511,"date":"2025-03-30T20:37:39","date_gmt":"2025-03-30T17:37:39","guid":{"rendered":"https:\/\/kolektifmucadele1.org\/?p=6511"},"modified":"2025-03-30T20:37:40","modified_gmt":"2025-03-30T17:37:40","slug":"izmir-barosu-darp-ve-cebir-izine-rastlanmis-iskence-ve-kotu-muamele-raporlanmistir","status":"publish","type":"post","link":"https:\/\/kolektifmucadele1.org\/index.php\/2025\/03\/30\/izmir-barosu-darp-ve-cebir-izine-rastlanmis-iskence-ve-kotu-muamele-raporlanmistir\/","title":{"rendered":"\u0130zmir Barosu: &#8220;Darp ve cebir izine rastlanm\u0131\u015f, i\u015fkence ve k\u00f6t\u00fc muamele raporlanm\u0131\u015ft\u0131r&#8221;"},"content":{"rendered":"\n<p>\u0130zmir BarosuBa\u015fkan\u0131 Sefa Y\u0131lmaz ve \u0130zmir Barosu Cezaevi Komisyonundan Sorumlu Y\u00f6netim Kurulu \u00dcyesi Ceren \u015een Tosun, \u0130stanbul B\u00fcy\u00fck\u015fehir Belediye (\u0130BB) Ba\u015fkan\u0131 Ekrem \u0130mamo\u011flu\u2019nun g\u00f6zalt\u0131na al\u0131nmas\u0131n\u0131n ard\u0131ndan \u0130zmir\u2019de ba\u015flayan protesto g\u00f6sterilerinde g\u00f6zalt\u0131na al\u0131n\u0131p tutuklanan gen\u00e7lerle Menemen Cezaevi\u2019nde g\u00f6r\u00fc\u015ft\u00fc.<\/p>\n\n\n\n<p>Baro, g\u00f6r\u00fc\u015fmenin ard\u0131ndan &#8220;Tutuklu \u00f6\u011frencilerde g\u00f6zle g\u00f6r\u00fcl\u00fcr \u015fekilde darp ve cebir izine rastlanm\u0131\u015f, i\u015fkence\u00a0ve k\u00f6t\u00fc muameleye ili\u015fkin raporlama yap\u0131lm\u0131\u015ft\u0131r. \u0130zmir Barosu olarak insan\u0131 yok sayan hi\u00e7bir anlay\u0131\u015f ve eylemi kabul etmiyoruz. Temel hak ve \u00f6zg\u00fcrl\u00fcklerden yana duru\u015fumuzla s\u00fcreci titizlikle takip etti\u011fimizi, t\u00fcm sorumlular hakk\u0131nda su\u00e7 duyurusunda bulunaca\u011f\u0131m\u0131z\u0131 kamuoyuna duyururuz&#8221; a\u00e7\u0131klamas\u0131n\u0131 yapt\u0131.<\/p>\n\n\n\n<p>\u0130zmir Barosu&#8217;nun, g\u00f6r\u00fc\u015fmenin ard\u0131ndan yapt\u0131\u011f\u0131 \u201c\u0130nsanl\u0131k onuru i\u015fkenceyi yenecek\u201d ba\u015fl\u0131kl\u0131 a\u00e7\u0131klamas\u0131nda, \u015fu ifadelere yer verildi:<\/p>\n\n\n\n<p>\u201c\u0130zmir\u2019de ger\u00e7ekle\u015fen protestolar gerek\u00e7e g\u00f6sterilerek hukuksuz \u015fekilde g\u00f6zalt\u0131na al\u0131n\u0131p tutuklanan gen\u00e7leri ziyaret ettik. \u0130zmir Barosu Ba\u015fkan\u0131 Av. Sefa Y\u0131lmaz ve Cezaevi Komisyonundan sorumlu Y\u00f6netim Kurulu \u00fcyesi Av. Ceren \u015een Tosun taraf\u0131ndan Menemen Cezaevi\u2019nde tutuklularla yap\u0131lan g\u00f6r\u00fc\u015fmelerde tutuklular\u0131n infaz koruma memurlar\u0131 taraf\u0131ndan s\u00f6zl\u00fc ve fiziki sald\u0131r\u0131ya u\u011frad\u0131klar\u0131, cezaevi idaresi ve cezaevi doktoru taraf\u0131ndan durumun g\u00f6z ard\u0131 edildi\u011fi \u00f6\u011frenilmi\u015ftir. Yap\u0131lan g\u00f6r\u00fc\u015fmelerde, tutuklu \u00f6\u011frencilerde g\u00f6zle g\u00f6r\u00fcl\u00fcr \u015fekilde darp ve cebir izine rastlanm\u0131\u015f, i\u015fkence ve k\u00f6t\u00fc muameleye ili\u015fkin raporlama yap\u0131lm\u0131\u015ft\u0131r. \u0130zmir Barosu Ba\u015fkan\u0131 Av. Sefa Y\u0131lmaz t\u00fcm \u015fikayetleri do\u011frudan Cezaevi Savc\u0131s\u0131 ve M\u00fcd\u00fcr\u00fcne iletmi\u015f ve mevcut kamera kay\u0131tlar\u0131n\u0131n muhafaza edilmesini talep etmi\u015ftir. \u0130zmir Barosu olarak insan\u0131 yok sayan hi\u00e7bir anlay\u0131\u015f ve eylemi kabul etmiyoruz. Temel hak ve \u00f6zg\u00fcrl\u00fcklerden yana duru\u015fumuzla s\u00fcreci titizlikle takip etti\u011fimizi, t\u00fcm sorumlular hakk\u0131nda su\u00e7 duyurusunda bulunaca\u011f\u0131m\u0131z\u0131 kamuoyuna duyururuz.\u201d<\/p>\n","protected":false},"excerpt":{"rendered":"<p>\u0130zmir BarosuBa\u015fkan\u0131 Sefa Y\u0131lmaz ve \u0130zmir Barosu&#46;&#46;&#46;<\/p>\n","protected":false},"author":3,"featured_media":6512,"comment_status":"open","ping_status":"open","sticky":false,"template":"","format":"standard","meta":{"footnotes":""},"categories":[5],"tags":[],"manset":[],"class_list":["post-6511","post","type-post","status-publish","format-standard","has-post-thumbnail","hentry","category-etkinlikler"],"amp_enabled":true,"_links":{"self":[{"href":"https:\/\/kolektifmucadele1.org\/index.php\/wp-json\/wp\/v2\/posts\/6511","targetHints":{"allow":["GET"]}}],"collection":[{"href":"https:\/\/kolektifmucadele1.org\/index.php\/wp-json\/wp\/v2\/posts"}],"about":[{"href":"https:\/\/kolektifmucadele1.org\/index.php\/wp-json\/wp\/v2\/types\/post"}],"author":[{"embeddable":true,"href":"https:\/\/kolektifmucadele1.org\/index.php\/wp-json\/wp\/v2\/users\/3"}],"replies":[{"embeddable":true,"href":"https:\/\/kolektifmucadele1.org\/index.php\/wp-json\/wp\/v2\/comments?post=6511"}],"version-history":[{"count":1,"href":"https:\/\/kolektifmucadele1.org\/index.php\/wp-json\/wp\/v2\/posts\/6511\/revisions"}],"predecessor-version":[{"id":6513,"href":"https:\/\/kolektifmucadele1.org\/index.php\/wp-json\/wp\/v2\/posts\/6511\/revisions\/6513"}],"wp:featuredmedia":[{"embeddable":true,"href":"https:\/\/kolektifmucadele1.org\/index.php\/wp-json\/wp\/v2\/media\/6512"}],"wp:attachment":[{"href":"https:\/\/kolektifmucadele1.org\/index.php\/wp-json\/wp\/v2\/media?parent=6511"}],"wp:term":[{"taxonomy":"category","embeddable":true,"href":"https:\/\/kolektifmucadele1.org\/index.php\/wp-json\/wp\/v2\/categories?post=6511"},{"taxonomy":"post_tag","embeddable":true,"href":"https:\/\/kolektifmucadele1.org\/index.php\/wp-json\/wp\/v2\/tags?post=6511"},{"taxonomy":"manset","embeddable":true,"href":"https:\/\/kolektifmucadele1.org\/index.php\/wp-json\/wp\/v2\/manset?post=6511"}],"curies":[{"name":"wp","href":"https:\/\/api.w.org\/{rel}","templated":true}]}}