{"id":6566,"date":"2025-04-03T11:20:24","date_gmt":"2025-04-03T08:20:24","guid":{"rendered":"https:\/\/kolektifmucadele1.org\/?p=6566"},"modified":"2025-04-03T11:20:25","modified_gmt":"2025-04-03T08:20:25","slug":"milyonlar-cihatci-fasist-rejimi-boykot-etti","status":"publish","type":"post","link":"https:\/\/kolektifmucadele1.org\/index.php\/2025\/04\/03\/milyonlar-cihatci-fasist-rejimi-boykot-etti\/","title":{"rendered":"Milyonlar cihat\u00e7\u0131 fa\u015fist rejimi boykot etti"},"content":{"rendered":"\n<p>19 Mart darbe giri\u015fimiyle ba\u015flayan ku\u015fatma milyonlar\u0131n direni\u015fine sahne oldu. \u0130lk g\u00fcnden bu yana \u00fcniversitelerde, sokaklarda, meydanlarda tepkisini dile getiren halk m\u00fccadeleden vazge\u00e7meyece\u011fini boykotla g\u00f6sterdi. \u00d6nce iktidarla ili\u015fkisi bilinen belli markalar\u0131 boykot eden milyonlar d\u00fcn \u00fclke genelinde bir g\u00fcnl\u00fck genel boykot ger\u00e7ekle\u015ftirdi. Pek \u00e7ok il ve il\u00e7ede marketler, ma\u011fazalar bo\u015f kal\u0131rken e\u011flence mekanlar\u0131 ise a\u00e7\u0131lmad\u0131.<\/p>\n\n\n\n<p>Panikleyen iktidar ise t\u00fcm g\u00fcc\u00fcyle boykotu bast\u0131rmaya, halka g\u00f6zda\u011f\u0131 vermeye \u00e7al\u0131\u015ft\u0131. AKP\u2019li Milletvekilleri, bakanlar, yanda\u015flar solu\u011fu bulduklar\u0131 ma\u011faza, market ve d\u00fckkanlarda ald\u0131. RT\u00dcK boykot \u00e7a\u011fr\u0131lar\u0131 \u00fczerinden televizyon kanallar\u0131n\u0131 tehdit etti. Sosyal medyadan boykot \u00e7a\u011fr\u0131s\u0131 yapanlar hakk\u0131nda soru\u015fturma tehditleri havada u\u00e7u\u015furken milyonlar\u0131n karar\u0131ndan vazge\u00e7medi.<\/p>\n\n\n\n<p>Boykot, yaln\u0131zca hukuksuzluklara kar\u015f\u0131 \u00f6rg\u00fctlenmedi. Ekonomik krizin y\u00fck\u00fcnden bunalan milyonlar, gelece\u011fi \u00e7al\u0131nan gen\u00e7ler, kad\u0131nlar, sefalet \u00fccretine mahkum olan emekliler rejimin t\u00fcm yoksulla\u015ft\u0131rma, bask\u0131 ve gerici politikalar\u0131na kar\u015f\u0131 \u00e7\u0131kt\u0131\u011f\u0131n\u0131 g\u00f6sterdi. \u0130ktidar\u0131n boykot korkusunun ar\u0131nda ise hem ekonomik hem de siyasi nedenler var.<\/p>\n\n\n\n<p>HALKIN \u00d6ZNE OLMASI G\u00d6ZLER\u0130N\u0130 KORKUTTU<\/p>\n\n\n\n<p>\u0130ktidar\u0131 tedirgin ederek pani\u011fe s\u00fcr\u00fckleyen nedenlerden birisi ku\u015fkusuz boykotun s\u00fcrekli hale gelmesi. Pek \u00e7ok Balkan \u00fclkesinde haftada iki kez yap\u0131lan t\u00fcketim boykotu ses getirmeyi ba\u015fard\u0131. T\u00fcrkiye\u2019de de uzun s\u00fcreci kapsayabilecek geni\u015f ve kitlesel bir boykot hamlesinden korkan iktidar, boykotu bast\u0131rmak i\u00e7in elindeki b\u00fct\u00fcn imkanlar\u0131 seferber etti. Uzun s\u00fcreye yay\u0131lacak boykotun ekonomik kar\u015f\u0131l\u0131\u011f\u0131 da rejimi endi\u015feye sevk ediyor. Boykot konusunda en kritik konu ise \u015f\u00fcphesiz halk\u0131n siyasetin \u00f6znesi haline gelmesi. \u0130ktidar, 19 Mart\u2019tan bu yana kar\u015f\u0131s\u0131nda hi\u00e7 beklemedi\u011fi bir halk muhalefetiyle kar\u015f\u0131 kar\u015f\u0131ya kald\u0131.<\/p>\n\n\n\n<p>\u0130BB Ba\u015fkan\u0131 Ekrem \u0130mamo\u011flu, yak\u0131n \u00e7al\u0131\u015fma ekibi ve belediye ba\u015fkanlar\u0131n\u0131 hukuksuz bi\u00e7imde cezaevine at\u0131lmas\u0131, milyonlar\u0131n rejime kar\u015f\u0131 biriktirdi\u011fi \u00f6fkenin d\u0131\u015fa vurumu oldu. Tabanda biriken enerji, sars\u0131c\u0131 bir itiraz depremine d\u00f6n\u00fc\u015ft\u00fc. Ana muhalefet partisi ba\u015fta olmak \u00fczere Meclis muhalefetini de ard\u0131na alan toplumsal muhalefet r\u00fczgar\u0131 ba\u015fka bir siyaset yapma bi\u00e7imini g\u00f6zler \u00f6n\u00fcne serdi. Siyaseti temsil d\u00fczeyine indirgeyen, grup toplant\u0131lar\u0131na s\u0131k\u0131\u015ft\u0131ran, bir grup az\u0131nl\u0131\u011f\u0131n adeta sahne performans\u0131na d\u00f6n\u00fc\u015ft\u00fcren ezberler y\u0131k\u0131ld\u0131. Kendi iradesiyle t\u00fcketimden gelen g\u00fcc\u00fcn\u00fc harekete ge\u00e7iren milyonlar rejimin korkulu r\u00fcyas\u0131 haline geldi.<\/p>\n\n\n\n<p>\u0130ktidar\u0131n s\u0131n k\u0131rk sekiz saatte ya\u015fad\u0131\u011f\u0131 pani\u011fi hat\u0131rlayal\u0131m:<\/p>\n\n\n\n<p>\u2022 \u0130stanbul Cumhuriyet Ba\u015fsavc\u0131l\u0131\u011f\u0131, boykot \u00e7a\u011fr\u0131s\u0131 yapanlar hakk\u0131nda re\u2019sen soru\u015fturma ba\u015flatt\u0131. Ba\u015fsavc\u0131l\u0131ktan yap\u0131lan a\u00e7\u0131klamada \u015f\u00f6yle denildi: \u201cGeleneksel ve sosyal medya yay\u0131n organlar\u0131nda halk\u0131n bir kesiminin ekonomik etkinlikte bulunmas\u0131n\u0131 engellemeye y\u00f6nelik, kamuoyunda \u2018boykot\u2019 \u00e7a\u011fr\u0131lar\u0131 olarak bilinen ayr\u0131\u015ft\u0131r\u0131c\u0131 s\u00f6ylemler ve bu s\u00f6ylemleri yayan \u015fah\u0131slara y\u00f6nelik re\u2019sen \u2018nefret ve ayr\u0131mc\u0131l\u0131k ile halk\u0131 kin ve d\u00fc\u015fmanl\u0131\u011fa tahrik\u2019 su\u00e7lar\u0131ndan soru\u015fturma ba\u015flat\u0131ld\u0131.\u201d Savc\u0131l\u0131\u011f\u0131n a\u00e7\u0131klamas\u0131ndan k\u0131sa bir s\u00fcre sonra a\u00e7\u0131klama yapan Ticaret Bakan\u0131 \u00d6mer Bolat, \u201cBoykot \u00e7a\u011fr\u0131s\u0131 yapanlara kar\u015f\u0131 ticaretinde maddi kayb\u0131 olan tazminat davas\u0131 a\u00e7abilir\u201d dedi.<\/p>\n\n\n\n<p>\u2022 AKP\u2019li kurmaylar\u0131 TV yay\u0131nlar\u0131nda toplad\u0131. Sadece bir saat i\u00e7inde A Haber\u2019e 5 ayr\u0131 AKP\u2019li \u00fcst d\u00fczey isim ba\u011fland\u0131. Cumhurba\u015fkan\u0131 Yard\u0131mc\u0131s\u0131 Cevdet Y\u0131lmaz, AKP S\u00f6zc\u00fcs\u00fc \u00d6mer \u00c7elik, Ticaret Bakan\u0131 \u00d6mer Bolat, Adalet Bakan\u0131 Y\u0131lmaz Tun\u00e7, Sanayi Bakan\u0131 Fatih Kac\u0131r, A Haber yay\u0131n\u0131na ba\u011flanarak boykot \u00e7a\u011fr\u0131lar\u0131na kar\u015f\u0131l\u0131k vermeye \u00e7al\u0131\u015ft\u0131.<\/p>\n\n\n\n<p>\u2022 \u00dclke genelinde uygulanan ekonomik boykotu delmek i\u00e7in al\u0131\u015fveri\u015fe \u00e7\u0131kan Ticaret Bakan\u0131 \u00d6mer Bolat, sosyal medya hesab\u0131ndan po\u015fetlerle foto\u011fraflar payla\u015ft\u0131. Bolat, &#8220;Bug\u00fcn, mill\u00ee ekonomiye sahip \u00e7\u0131kma g\u00fcn\u00fc&#8221; dedi.<\/p>\n\n\n\n<p>\u2022 AKP&#8217;ye yak\u0131n E\u011fitim-Bir-Sen, \u00fcyelerine g\u00f6nderdi\u011fi mesajda \u00fclke genelinde uygulanacak boykot \u00e7a\u011fr\u0131s\u0131n\u0131 yayan ki\u015fileri ihbar etmelerini istedi. E\u011fitim-Bir-Sen mesaj\u0131nda, ihbarc\u0131l\u0131k \u00e7a\u011fr\u0131s\u0131 da yapt\u0131. Sosyal medya hesaplar\u0131ndan boykot payla\u015f\u0131m\u0131 yapanlar\u0131n isim ve soy isimleriyle birlikte ekran g\u00f6r\u00fcnt\u00fclerinin al\u0131n\u0131p kendilerine mail olarak iletilmesini istedi.<\/p>\n\n\n\n<p>\u2022 Radyo ve Televizyon \u00dcst Kurulu (RT\u00dcK) Ba\u015fkan\u0131 Ebubekir \u015eahin, sosyal medya hesab\u0131ndan yapt\u0131\u011f\u0131 payla\u015f\u0131mda boykot \u00e7a\u011fr\u0131lar\u0131n\u0131 hedef ald\u0131. \u015eahin, &#8220;Boykot \u00e7a\u011fr\u0131s\u0131nda bulunan, boykota destek veren kanallar ve yay\u0131nlar izleme de\u011ferlendirme uzmanlar\u0131m\u0131zca takip edilmekte olup, gere\u011fi yap\u0131lacakt\u0131r&#8221; dedi.<\/p>\n\n\n\n<p>\u2022 G\u00fcnlerdir s\u00fcren protestolar\u0131 \u201cemperyalizm\u201d \u00fczerinden su\u00e7lamaya \u00e7al\u0131\u015fan Cumhurba\u015fkan\u0131 Ba\u015fdan\u0131\u015fman\u0131 Mehmet U\u00e7um, bug\u00fcn yap\u0131lan t\u00fcketim boykotunda da ayn\u0131 s\u00f6ylemlerde bulundu. Sosyal medya platformu X hesab\u0131ndan yapt\u0131\u011f\u0131 payla\u015f\u0131mda \u201cT\u00fcrkiye&#8217;de eylemi k\u0131\u015fk\u0131rtan merkezler 5 Nisan g\u00fcn\u00fc ABD&#8217;de eylem organize ediyor\u201d diyen U\u00e7um, \u015fu ifadeleri kulland\u0131: \u201cT\u00fcketiciyi al\u0131\u015fveri\u015f boykotuna yani t\u00fcketim boykotuna \u00e7a\u011f\u0131rma fikri k\u00fcresel emperyalizmin milli devletlere ve milli tutumlara kar\u015f\u0131 yapt\u0131\u011f\u0131 operasyonlar\u0131n bir par\u00e7as\u0131d\u0131r ve hukuk ihlaline dayanan yeni nesil bir eylemdir. Hukuk ihlali yap\u0131larak uygulanmas\u0131 planlanan yeni nesil eylemlerin tamam\u0131 k\u00fcresel emperyalizmin projeleridir.\u201d<\/p>\n\n\n\n<p>\u2022 \u0130ktidar propagandas\u0131 yapmakla ele\u015ftirilen TRT\u2019de yay\u0131nlanan Te\u015fkilat dizisinde Neslihan karakterini canland\u0131ran Ayb\u00fcke Pusat, Instagram hesab\u0131ndan boykot \u00e7a\u011fr\u0131s\u0131nda bulundu. Payla\u015f\u0131m\u0131 sonras\u0131 k\u0131sa s\u00fcrede iktidara yak\u0131n isimler taraf\u0131ndan hedef g\u00f6sterilen oyuncu, son olarak, Te\u015fkilat dizisinin oyuncu kadrosundan \u00e7\u0131kar\u0131ld\u0131. Geli\u015fmeyi, TRT Genel M\u00fcd\u00fcr\u00fc Zahid Sobac\u0131 duyurdu. X&#8217;ten bir a\u00e7\u0131klama yay\u0131mlayan Sobac\u0131, &#8220;Kamuoyuna sayg\u0131yla duyurulur: \u201cTe\u015fkilat dizisinde rol alan bir oyuncunun payla\u015f\u0131mlar\u0131 TRT\u2019nin kurumsal ilkeleri ile asla ba\u011fda\u015fmamaktad\u0131r. Te\u015fkilat dizisi izleyicilerini de hayal k\u0131r\u0131kl\u0131\u011f\u0131na u\u011fratan payla\u015f\u0131mlar nedeniyle s\u00f6z konusu ki\u015fi diziden \u00e7\u0131kar\u0131lm\u0131\u015ft\u0131r\u201d dedi. Pusat&#8217;\u0131n payla\u015f\u0131m\u0131na destek, TRT&#8217;nin Tabii platformu dizilerinden &#8220;Mevlana Celaleddin-i R\u00fbmi&#8221;nin senaristi Ali Ayd\u0131n&#8217;dan gelmi\u015fti. S\u00f6z konusu dizinin de Tabii platformundan kald\u0131r\u0131ld\u0131\u011f\u0131 duyuruldu.<\/p>\n","protected":false},"excerpt":{"rendered":"<p>19 Mart darbe giri\u015fimiyle ba\u015flayan ku\u015fatma milyonlar\u0131n&#46;&#46;&#46;<\/p>\n","protected":false},"author":3,"featured_media":6567,"comment_status":"open","ping_status":"open","sticky":false,"template":"","format":"standard","meta":{"footnotes":""},"categories":[5],"tags":[],"manset":[],"class_list":["post-6566","post","type-post","status-publish","format-standard","has-post-thumbnail","hentry","category-etkinlikler"],"amp_enabled":true,"_links":{"self":[{"href":"https:\/\/kolektifmucadele1.org\/index.php\/wp-json\/wp\/v2\/posts\/6566","targetHints":{"allow":["GET"]}}],"collection":[{"href":"https:\/\/kolektifmucadele1.org\/index.php\/wp-json\/wp\/v2\/posts"}],"about":[{"href":"https:\/\/kolektifmucadele1.org\/index.php\/wp-json\/wp\/v2\/types\/post"}],"author":[{"embeddable":true,"href":"https:\/\/kolektifmucadele1.org\/index.php\/wp-json\/wp\/v2\/users\/3"}],"replies":[{"embeddable":true,"href":"https:\/\/kolektifmucadele1.org\/index.php\/wp-json\/wp\/v2\/comments?post=6566"}],"version-history":[{"count":1,"href":"https:\/\/kolektifmucadele1.org\/index.php\/wp-json\/wp\/v2\/posts\/6566\/revisions"}],"predecessor-version":[{"id":6568,"href":"https:\/\/kolektifmucadele1.org\/index.php\/wp-json\/wp\/v2\/posts\/6566\/revisions\/6568"}],"wp:featuredmedia":[{"embeddable":true,"href":"https:\/\/kolektifmucadele1.org\/index.php\/wp-json\/wp\/v2\/media\/6567"}],"wp:attachment":[{"href":"https:\/\/kolektifmucadele1.org\/index.php\/wp-json\/wp\/v2\/media?parent=6566"}],"wp:term":[{"taxonomy":"category","embeddable":true,"href":"https:\/\/kolektifmucadele1.org\/index.php\/wp-json\/wp\/v2\/categories?post=6566"},{"taxonomy":"post_tag","embeddable":true,"href":"https:\/\/kolektifmucadele1.org\/index.php\/wp-json\/wp\/v2\/tags?post=6566"},{"taxonomy":"manset","embeddable":true,"href":"https:\/\/kolektifmucadele1.org\/index.php\/wp-json\/wp\/v2\/manset?post=6566"}],"curies":[{"name":"wp","href":"https:\/\/api.w.org\/{rel}","templated":true}]}}