{"id":666,"date":"2023-02-07T03:49:16","date_gmt":"2023-02-07T00:49:16","guid":{"rendered":"https:\/\/kolektifmucadele.org\/2023\/02\/07\/depremin-adi-sistemin-katliami\/"},"modified":"2023-02-07T03:49:16","modified_gmt":"2023-02-07T00:49:16","slug":"depremin-adi-sistemin-katliami","status":"publish","type":"post","link":"https:\/\/kolektifmucadele1.org\/index.php\/2023\/02\/07\/depremin-adi-sistemin-katliami\/","title":{"rendered":"DEPREM\u0130N ADI , S\u0130STEM\u0130N KATL\u0130AMI"},"content":{"rendered":"\n<p>T\u00fcrkiye K\u00fcrdistan merkezli ya\u015fanan ve Suriye\u2019yi de kapsayan depremde binlerce insan\u0131m\u0131z ya\u015fam\u0131n\u0131 yitirdi. Her ge\u00e7en saatte de \u00f6l\u00fcmler artmaktad\u0131r&nbsp;&nbsp;<\/p>\n\n\n\n<p>Her zaman oldu\u011fu gibi bu sonu\u00e7lar\u0131 yaratan fa\u015fist sistem ve onun temsilcileridir. Haklara yard\u0131m yeti\u015ftirme yerine yalana dayanan a\u00e7\u0131klamalar yapmaktalar. Utanmazca&nbsp;AFAD ad\u0131na&nbsp;iban numaras\u0131 verilerek halklardan para yard\u0131m\u0131 talep ediyorlar. \u00dclkeyi talan edenler, deprem alanlar\u0131n\u0131 ranta \u00e7evirenler, afet b\u00fct\u00e7esinde var olan b\u00fct\u00e7eyi talan edenler \u015fimdi utanmadan yard\u0131m istiyor. \u00c7ok \u00f6v\u00fcnd\u00fckleri yollar\u0131, hastaneleri yerle bir olmas\u0131na ra\u011fmen utanmadan yapt\u0131klar\u0131yla \u00f6v\u00fcn\u00fcyorlar.&nbsp;Onlar tv&#8217;lerde nutuk atarken, her yere ula\u015ft\u0131klar\u0131 palavralar\u0131 atarken enkaz alt\u0131nda y\u00fczlerce insan yard\u0131m bekliyor, betonlar aras\u0131nda ya\u015fam m\u00fccadelesi veriyor.&nbsp;&nbsp;<\/p>\n\n\n\n<p>Bu fa\u015fist iktidar ve sisteminin haklar\u0131m\u0131za sa\u011flayaca\u011f\u0131 hi\u00e7bir katk\u0131 yok. Bug\u00fcne kadar ya\u015fanan felaketlerde de bu somut olarak ortada ki, bu do\u011fal bir felaket de\u011fil, g\u00f6r\u00fcne g\u00f6r\u00fcne gelen ve daha \u00e7ok rant ve talan h\u0131rs\u0131n\u0131n yaratt\u0131\u011f\u0131 sonu\u00e7tur. Onlar bu ac\u0131lardan da rant \u00e7\u0131karma pe\u015findeler.&nbsp;&nbsp;<\/p>\n\n\n\n<p>Bu nedenle halklar\u0131n ac\u0131s\u0131n\u0131 payla\u015fmak ve birlikte tek y\u00fcrek olmak bizlerin g\u00f6rev ve sorumlu\u011fudur. Bu sistem katlediyor ama bizlerin birli\u011fi ve dayan\u0131\u015fmas\u0131 ya\u015fat\u0131yor, ya\u015fatacak.&nbsp;&nbsp;<\/p>\n\n\n\n<p>Birbirimizin ya\u015fam\u0131na sahip \u00e7\u0131karak, onlar\u0131n bize ya\u015fatt\u0131\u011f\u0131 bu ac\u0131lar\u0131n hesab\u0131n\u0131&nbsp;sormal\u0131y\u0131z.&nbsp;&nbsp;<\/p>\n\n\n\n<p>Ya\u015fanan deprem nedeniyle b\u00f6lgede olan yolda\u015flar\u0131m\u0131z ve Antep, Ad\u0131yaman\u2019da platformumuzun \u015fubelerinin a\u00e7\u0131l\u0131\u015f\u0131 i\u00e7in b\u00f6lgede olan s\u00f6zc\u00fclerimiz aktif olarak \u00e7al\u0131\u015fma i\u00e7inde yer almakta.&nbsp;&nbsp;<\/p>\n\n\n\n<p>Bulundu\u011fumuz her alanda dayan\u0131\u015fma ve yard\u0131m \u00e7al\u0131\u015fmalar\u0131n\u0131 \u00f6rg\u00fctleyip i\u00e7inde yer amal\u0131y\u0131z. \u201cDayan\u0131\u015fma ezilenlerin inceli\u011fidir\u201d, bu temelde acil g\u00f6rev ve sorumlu\u011fumuz olarak bu ya\u015fanan katliam kar\u015f\u0131s\u0131nda seferber olmal\u0131y\u0131z.&nbsp;&nbsp;<\/p>\n\n\n\n<p>Kolektif M\u00fccadele Platformu&nbsp;&nbsp;<\/p>\n\n\n\n<p>6 \u015eubat 2023&nbsp;&nbsp;<\/p>\n","protected":false},"excerpt":{"rendered":"<p>T\u00fcrkiye K\u00fcrdistan merkezli ya\u015fanan ve Suriye\u2019yi de&#46;&#46;&#46;<\/p>\n","protected":false},"author":1,"featured_media":667,"comment_status":"closed","ping_status":"open","sticky":false,"template":"","format":"standard","meta":{"footnotes":""},"categories":[2,5,7],"tags":[],"manset":[],"class_list":["post-666","post","type-post","status-publish","format-standard","has-post-thumbnail","hentry","category-basin-aciklamalari","category-etkinlikler","category-makaleler"],"amp_enabled":true,"_links":{"self":[{"href":"https:\/\/kolektifmucadele1.org\/index.php\/wp-json\/wp\/v2\/posts\/666","targetHints":{"allow":["GET"]}}],"collection":[{"href":"https:\/\/kolektifmucadele1.org\/index.php\/wp-json\/wp\/v2\/posts"}],"about":[{"href":"https:\/\/kolektifmucadele1.org\/index.php\/wp-json\/wp\/v2\/types\/post"}],"author":[{"embeddable":true,"href":"https:\/\/kolektifmucadele1.org\/index.php\/wp-json\/wp\/v2\/users\/1"}],"replies":[{"embeddable":true,"href":"https:\/\/kolektifmucadele1.org\/index.php\/wp-json\/wp\/v2\/comments?post=666"}],"version-history":[{"count":0,"href":"https:\/\/kolektifmucadele1.org\/index.php\/wp-json\/wp\/v2\/posts\/666\/revisions"}],"wp:featuredmedia":[{"embeddable":true,"href":"https:\/\/kolektifmucadele1.org\/index.php\/wp-json\/wp\/v2\/media\/667"}],"wp:attachment":[{"href":"https:\/\/kolektifmucadele1.org\/index.php\/wp-json\/wp\/v2\/media?parent=666"}],"wp:term":[{"taxonomy":"category","embeddable":true,"href":"https:\/\/kolektifmucadele1.org\/index.php\/wp-json\/wp\/v2\/categories?post=666"},{"taxonomy":"post_tag","embeddable":true,"href":"https:\/\/kolektifmucadele1.org\/index.php\/wp-json\/wp\/v2\/tags?post=666"},{"taxonomy":"manset","embeddable":true,"href":"https:\/\/kolektifmucadele1.org\/index.php\/wp-json\/wp\/v2\/manset?post=666"}],"curies":[{"name":"wp","href":"https:\/\/api.w.org\/{rel}","templated":true}]}}