{"id":670,"date":"2023-02-07T03:53:01","date_gmt":"2023-02-07T00:53:01","guid":{"rendered":"https:\/\/kolektifmucadele.org\/2023\/02\/07\/tutsaklar-yakinlari-icun-endiseleniyor\/"},"modified":"2023-02-07T03:53:01","modified_gmt":"2023-02-07T00:53:01","slug":"tutsaklar-yakinlari-icun-endiseleniyor","status":"publish","type":"post","link":"https:\/\/kolektifmucadele1.org\/index.php\/2023\/02\/07\/tutsaklar-yakinlari-icun-endiseleniyor\/","title":{"rendered":"TUTSAKLAR , YAKINLARI \u0130\u00c7\u0130N END\u0130\u015eELEN\u0130YOR"},"content":{"rendered":"\n<p>Merkezi \u00fcss\u00fc Mara\u015f olan 7.7 b\u00fcy\u00fckl\u00fc\u011f\u00fcndeki deprem geni\u015f bir b\u00f6lgede y\u0131k\u0131ma neden oldu. \u0130HD Diyarbak\u0131r \u015eubesi Ba\u015fkan\u0131 ve HDP hukuk birimi depremin etki etti\u011fi illerdeki hapishanelerdeki mahpuslarla ilgili a\u00e7\u0131klama yapt\u0131.<\/p>\n\n\n\n<p>\u0130nsan Haklar\u0131 Derne\u011fi (\u0130HD) Diyarbak\u0131r \u015eubesi Ba\u015fkan\u0131 Abdullah Zeytun, merkez \u00fcss\u00fc Mara\u015f&#8217;\u0131n Pazarc\u0131k il\u00e7esi olan 7,4 b\u00fcy\u00fckl\u00fc\u011f\u00fcndeki deprem sonras\u0131 Diyarbak\u0131r D Tipi Y\u00fcksek G\u00fcvenlikli Kapal\u0131 Cezaevi\u2019ndeki tutuklular\u0131 ziyaret etti. Ziyaret sonras\u0131 a\u00e7\u0131klama yapan Zeytun \u015funlar\u0131 dedi:<\/p>\n\n\n\n<p>\u201cDiyarbak\u0131r Hapishanesi&#8217;ndeki mahpuslar\u0131 ziyaret ettim. Mahpuslar\u0131n sa\u011fl\u0131k durumlar\u0131 iyi, hapishanede hasar bulunmad\u0131\u011f\u0131n\u0131 s\u00f6ylediler. Mahpuslar, yak\u0131nlar\u0131 i\u00e7in endi\u015fe i\u00e7indeler. Yetkililer, mahpuslar\u0131n yak\u0131nlar\u0131yla ileti\u015fim kurmalar\u0131n\u0131 sa\u011flamal\u0131\u201d<\/p>\n\n\n\n<p>HDP&#8217;nin hukuk biriminden yap\u0131lan a\u00e7\u0131klamada da hapishanelerin durumuyla ilgili bilgi verildi. A\u00e7\u0131klamada \u015funlar ifade edildi:<\/p>\n\n\n\n<p>&#8220;Depremin ya\u015fand\u0131\u011f\u0131 illerde bulunan hapishanelerde herhangi bir sorunun olmad\u0131\u011f\u0131 bilgisini alm\u0131\u015f bulunmaktay\u0131z. Hapishanelerdeki tutsaklar\u0131n aileleriyle ileti\u015fim kurmalar\u0131 i\u00e7in giri\u015fimlerimiz devam etmekte&#8221;<\/p>\n\n\n\n<p>Ceza ve Tevkifevleri Genel M\u00fcd\u00fcrl\u00fc\u011f\u00fc ise \u015funu iddia etti:<\/p>\n\n\n\n<p>\u201cB\u00f6lgedeki ceza ve infaz kurumlar\u0131nda kalan h\u00fck\u00fcml\u00fc ve tutuklular\u0131n aileleri ile g\u00f6r\u00fc\u015fmeleri konusunda gerekli kolayl\u0131k sa\u011flanmaktad\u0131r.<\/p>\n","protected":false},"excerpt":{"rendered":"<p>Merkezi \u00fcss\u00fc Mara\u015f olan 7.7 b\u00fcy\u00fckl\u00fc\u011f\u00fcndeki deprem&#46;&#46;&#46;<\/p>\n","protected":false},"author":1,"featured_media":669,"comment_status":"closed","ping_status":"open","sticky":false,"template":"","format":"standard","meta":{"footnotes":""},"categories":[5],"tags":[],"manset":[],"class_list":["post-670","post","type-post","status-publish","format-standard","has-post-thumbnail","hentry","category-etkinlikler"],"amp_enabled":true,"_links":{"self":[{"href":"https:\/\/kolektifmucadele1.org\/index.php\/wp-json\/wp\/v2\/posts\/670","targetHints":{"allow":["GET"]}}],"collection":[{"href":"https:\/\/kolektifmucadele1.org\/index.php\/wp-json\/wp\/v2\/posts"}],"about":[{"href":"https:\/\/kolektifmucadele1.org\/index.php\/wp-json\/wp\/v2\/types\/post"}],"author":[{"embeddable":true,"href":"https:\/\/kolektifmucadele1.org\/index.php\/wp-json\/wp\/v2\/users\/1"}],"replies":[{"embeddable":true,"href":"https:\/\/kolektifmucadele1.org\/index.php\/wp-json\/wp\/v2\/comments?post=670"}],"version-history":[{"count":0,"href":"https:\/\/kolektifmucadele1.org\/index.php\/wp-json\/wp\/v2\/posts\/670\/revisions"}],"wp:featuredmedia":[{"embeddable":true,"href":"https:\/\/kolektifmucadele1.org\/index.php\/wp-json\/wp\/v2\/media\/669"}],"wp:attachment":[{"href":"https:\/\/kolektifmucadele1.org\/index.php\/wp-json\/wp\/v2\/media?parent=670"}],"wp:term":[{"taxonomy":"category","embeddable":true,"href":"https:\/\/kolektifmucadele1.org\/index.php\/wp-json\/wp\/v2\/categories?post=670"},{"taxonomy":"post_tag","embeddable":true,"href":"https:\/\/kolektifmucadele1.org\/index.php\/wp-json\/wp\/v2\/tags?post=670"},{"taxonomy":"manset","embeddable":true,"href":"https:\/\/kolektifmucadele1.org\/index.php\/wp-json\/wp\/v2\/manset?post=670"}],"curies":[{"name":"wp","href":"https:\/\/api.w.org\/{rel}","templated":true}]}}