{"id":6701,"date":"2025-04-16T23:36:40","date_gmt":"2025-04-16T20:36:40","guid":{"rendered":"https:\/\/kolektifmucadele1.org\/?p=6701"},"modified":"2025-04-16T23:36:41","modified_gmt":"2025-04-16T20:36:41","slug":"seriatci-fasist-iktidar-samandagda-acele-kamulastirma-adi-altinda-halkin-malini-caliyor","status":"publish","type":"post","link":"https:\/\/kolektifmucadele1.org\/index.php\/2025\/04\/16\/seriatci-fasist-iktidar-samandagda-acele-kamulastirma-adi-altinda-halkin-malini-caliyor\/","title":{"rendered":"\u015eeriat\u00e7i fa\u015fist iktidar Samanda\u011f\u2019da &#8220;acele kamula\u015ft\u0131rma&#8221; ad\u0131 alt\u0131nda halk\u0131n mal\u0131n\u0131 \u00e7al\u0131yor"},"content":{"rendered":"\n<p>\u015eeriat\u00e7\u0131 fa\u015fist AKP-MHP iktidar h\u0131rs\u0131zl\u0131\u011fa, soygunlara doymuyor. \u015eimdide halk\u0131n kendi eme\u011fiyle, al\u0131nteriyle biriktirdi\u011fi mallar\u0131n\u0131 kararnamelerle \u00e7al\u0131yor. Samanda\u011f Ma\u011farac\u0131k\u2019ta \u201cacele kamula\u015ft\u0131rma\u201d karar\u0131 ile k\u00f6y sakinlerinin tapulu arazilerine el koydu.<\/p>\n\n\n\n<p>TOK\u0130 i\u00e7in kamula\u015ft\u0131r\u0131lan Hatay&#8217;\u0131n Samanda\u011f il\u00e7esi Ma\u011farac\u0131k Mahallesi&#8217;ne bug\u00fcn jandarma e\u015fli\u011finde kep\u00e7elerle girilerek a\u011fa\u00e7lar s\u00f6k\u00fclmeye ba\u015fland\u0131.<\/p>\n\n\n\n<p>Acele kamula\u015ft\u0131rma karar\u0131n\u0131n hukuksuz oldu\u011funu s\u00f6yleyen k\u00f6yl\u00fcler i\u015f makineleriyle yap\u0131lmak istenen talana engel olmaya \u00e7al\u0131\u015ft\u0131, kep\u00e7elerin \u00f6n\u00fcne atlad\u0131lar.<\/p>\n\n\n\n<p>Jandarma ise k\u00f6yl\u00fclere m\u00fcdahale etti. M\u00fcdahale nedeniyle baz\u0131 k\u00f6yl\u00fcler fenala\u015ft\u0131, bir mahalleli ise hastaneye kald\u0131r\u0131ld\u0131.<\/p>\n\n\n\n<p>\u00c7a\u011fla Cemali, be\u015f ayd\u0131r kamula\u015ft\u0131rmaya kar\u015f\u0131 halk\u0131n direni\u015fte oldu\u011funun belirterek, \u015funlar\u0131 s\u00f6yledi:<\/p>\n\n\n\n<p>\u201cBu durumdan d\u00f6rt mahalle ma\u011fdur. Vak\u0131fl\u0131k\u00f6y, H\u0131d\u0131rbey, Kurtderesi ve Ma\u011farac\u0131k olmak \u00fczere d\u00f6rt mahalle ma\u011fdur. Y\u00fczlerce d\u00f6n\u00fcm zeytin arazisine burada el konuldu. D\u00fcn bir grup arkada\u015f\u0131m\u0131z\u0131 Meclis\u2019e hem milletvekili hem de bakanlarla g\u00f6r\u00fc\u015fmeye g\u00f6nderdik. Gece \u015firket buraya girdi, a\u011fa\u00e7lar\u0131 toplamaya ba\u015flad\u0131. Jandarma, \u015firketleri korudu, ara\u00e7lar\u0131 korudular, kep\u00e7eleri korudular ve polis, jandarma e\u015fli\u011finde araziye girip a\u011fa\u00e7lar\u0131 s\u00f6kt\u00fcler. Burada insanlara sald\u0131rd\u0131lar. Hastaneye kald\u0131r\u0131lan bir arkada\u015f\u0131m\u0131z var. \u0130nsanlar a\u011fa\u00e7lar\u0131 kesilmesin diye m\u00fccadele etmeye devam ediyor. Her arazide birka\u00e7 ki\u015fiyi s\u0131k\u0131\u015ft\u0131rd\u0131lar, jandarma \u00e7embere ald\u0131. T\u00fcm arazilere bir anda girildi. Antakya\u2019n\u0131n b\u00fct\u00fcn\u00fcnde yap\u0131lan ya\u011fma ve ranta kar\u015f\u0131 depremzedeler direnmeye devam ediyor.\u201d<\/p>\n","protected":false},"excerpt":{"rendered":"<p>\u015eeriat\u00e7\u0131 fa\u015fist AKP-MHP iktidar h\u0131rs\u0131zl\u0131\u011fa, soygunlara doymuyor.&#46;&#46;&#46;<\/p>\n","protected":false},"author":3,"featured_media":6702,"comment_status":"open","ping_status":"open","sticky":false,"template":"","format":"standard","meta":{"footnotes":""},"categories":[5],"tags":[],"manset":[],"class_list":["post-6701","post","type-post","status-publish","format-standard","has-post-thumbnail","hentry","category-etkinlikler"],"amp_enabled":true,"_links":{"self":[{"href":"https:\/\/kolektifmucadele1.org\/index.php\/wp-json\/wp\/v2\/posts\/6701","targetHints":{"allow":["GET"]}}],"collection":[{"href":"https:\/\/kolektifmucadele1.org\/index.php\/wp-json\/wp\/v2\/posts"}],"about":[{"href":"https:\/\/kolektifmucadele1.org\/index.php\/wp-json\/wp\/v2\/types\/post"}],"author":[{"embeddable":true,"href":"https:\/\/kolektifmucadele1.org\/index.php\/wp-json\/wp\/v2\/users\/3"}],"replies":[{"embeddable":true,"href":"https:\/\/kolektifmucadele1.org\/index.php\/wp-json\/wp\/v2\/comments?post=6701"}],"version-history":[{"count":1,"href":"https:\/\/kolektifmucadele1.org\/index.php\/wp-json\/wp\/v2\/posts\/6701\/revisions"}],"predecessor-version":[{"id":6703,"href":"https:\/\/kolektifmucadele1.org\/index.php\/wp-json\/wp\/v2\/posts\/6701\/revisions\/6703"}],"wp:featuredmedia":[{"embeddable":true,"href":"https:\/\/kolektifmucadele1.org\/index.php\/wp-json\/wp\/v2\/media\/6702"}],"wp:attachment":[{"href":"https:\/\/kolektifmucadele1.org\/index.php\/wp-json\/wp\/v2\/media?parent=6701"}],"wp:term":[{"taxonomy":"category","embeddable":true,"href":"https:\/\/kolektifmucadele1.org\/index.php\/wp-json\/wp\/v2\/categories?post=6701"},{"taxonomy":"post_tag","embeddable":true,"href":"https:\/\/kolektifmucadele1.org\/index.php\/wp-json\/wp\/v2\/tags?post=6701"},{"taxonomy":"manset","embeddable":true,"href":"https:\/\/kolektifmucadele1.org\/index.php\/wp-json\/wp\/v2\/manset?post=6701"}],"curies":[{"name":"wp","href":"https:\/\/api.w.org\/{rel}","templated":true}]}}