{"id":672,"date":"2023-02-07T03:55:09","date_gmt":"2023-02-07T00:55:09","guid":{"rendered":"https:\/\/kolektifmucadele.org\/2023\/02\/07\/soguktan-donacagiz-depremden-degil\/"},"modified":"2023-02-07T03:55:09","modified_gmt":"2023-02-07T00:55:09","slug":"soguktan-donacagiz-depremden-degil","status":"publish","type":"post","link":"https:\/\/kolektifmucadele1.org\/index.php\/2023\/02\/07\/soguktan-donacagiz-depremden-degil\/","title":{"rendered":"SO\u011eUKTAN DONACA\u011eIZ , DEPREMDEN DE\u011e\u0130L"},"content":{"rendered":"\n<p>Mara\u015f merkezli ger\u00e7ekle\u015fen depremde resmi rakamlara g\u00f6re saat 20.20\u2019de can kayb\u0131 say\u0131s\u0131 1651\u2019e y\u00fckseldi. Depremden etkilenen \u015fehirlerde insanlar kendi imkanlar\u0131 ile enkaz alt\u0131ndan \u00e7\u0131kmaya \u00e7al\u0131\u015f\u0131yor. D\u0131\u015far\u0131da olanlar\u0131n ise so\u011fuk hava ko\u015fullar\u0131nda tehlikeli binalara girmek zorunda kald\u0131\u011f\u0131 anlat\u0131lanlar aras\u0131nda yer al\u0131yor.<\/p>\n\n\n\n<p>AKP-MHP iktidar\u0131n\u0131n bakanlar\u0131 s\u0131rayla depremde \u00f6len ki\u015fi say\u0131s\u0131n\u0131 a\u00e7\u0131kl\u0131yor. \u0130ktidar ise son a\u00e7\u0131klamas\u0131nda &#8220;Milli yas&#8221; ilan etti.&nbsp;Deprem alanlar\u0131nda bar\u0131nma ve \u0131s\u0131nma ko\u015fullar\u0131n\u0131n yetersiz kald\u0131\u011f\u0131, elektrik, su, yak\u0131t sorunu ya\u015fand\u0131\u011f\u0131 bilgileri geliyor.<\/p>\n\n\n\n<p>Mezopotamya Ajans\u0131&nbsp;muhabirleri Abdurrahman G\u00f6k ve Azad Altay depremin merkez \u00fcss\u00fc olan Mara\u015f&#8217;\u0131n Pazarc\u0131k il\u00e7esinden halk\u0131n g\u00f6n\u00fcll\u00fc olarak enkaz kald\u0131rmaya \u00e7al\u0131\u015ft\u0131\u011f\u0131n\u0131 aktard\u0131.<\/p>\n","protected":false},"excerpt":{"rendered":"<p>Mara\u015f merkezli ger\u00e7ekle\u015fen depremde resmi rakamlara g\u00f6re&#46;&#46;&#46;<\/p>\n","protected":false},"author":1,"featured_media":671,"comment_status":"closed","ping_status":"open","sticky":false,"template":"","format":"standard","meta":{"footnotes":""},"categories":[5],"tags":[],"manset":[],"class_list":["post-672","post","type-post","status-publish","format-standard","has-post-thumbnail","hentry","category-etkinlikler"],"amp_enabled":true,"_links":{"self":[{"href":"https:\/\/kolektifmucadele1.org\/index.php\/wp-json\/wp\/v2\/posts\/672","targetHints":{"allow":["GET"]}}],"collection":[{"href":"https:\/\/kolektifmucadele1.org\/index.php\/wp-json\/wp\/v2\/posts"}],"about":[{"href":"https:\/\/kolektifmucadele1.org\/index.php\/wp-json\/wp\/v2\/types\/post"}],"author":[{"embeddable":true,"href":"https:\/\/kolektifmucadele1.org\/index.php\/wp-json\/wp\/v2\/users\/1"}],"replies":[{"embeddable":true,"href":"https:\/\/kolektifmucadele1.org\/index.php\/wp-json\/wp\/v2\/comments?post=672"}],"version-history":[{"count":0,"href":"https:\/\/kolektifmucadele1.org\/index.php\/wp-json\/wp\/v2\/posts\/672\/revisions"}],"wp:featuredmedia":[{"embeddable":true,"href":"https:\/\/kolektifmucadele1.org\/index.php\/wp-json\/wp\/v2\/media\/671"}],"wp:attachment":[{"href":"https:\/\/kolektifmucadele1.org\/index.php\/wp-json\/wp\/v2\/media?parent=672"}],"wp:term":[{"taxonomy":"category","embeddable":true,"href":"https:\/\/kolektifmucadele1.org\/index.php\/wp-json\/wp\/v2\/categories?post=672"},{"taxonomy":"post_tag","embeddable":true,"href":"https:\/\/kolektifmucadele1.org\/index.php\/wp-json\/wp\/v2\/tags?post=672"},{"taxonomy":"manset","embeddable":true,"href":"https:\/\/kolektifmucadele1.org\/index.php\/wp-json\/wp\/v2\/manset?post=672"}],"curies":[{"name":"wp","href":"https:\/\/api.w.org\/{rel}","templated":true}]}}