{"id":6835,"date":"2025-05-10T09:35:52","date_gmt":"2025-05-10T06:35:52","guid":{"rendered":"https:\/\/kolektifmucadele1.org\/?p=6835"},"modified":"2025-05-10T09:35:52","modified_gmt":"2025-05-10T06:35:52","slug":"pkk-12-kongresi-yapildi","status":"publish","type":"post","link":"https:\/\/kolektifmucadele1.org\/index.php\/2025\/05\/10\/pkk-12-kongresi-yapildi\/","title":{"rendered":"PKK 12. Kongresi yap\u0131ld\u0131"},"content":{"rendered":"\n<p>PKK 12. Kongre Divan\u0131 yapt\u0131\u011f\u0131 a\u00e7\u0131klamada \u015funlar\u0131 belirtti:<\/p>\n\n\n\n<p>\u201cPKK 12. Kongresi, 5-7 May\u0131s tarihleri aras\u0131nda Medya Savunma Alanlar\u0131nda ba\u015far\u0131yla yap\u0131ld\u0131. Kongre, b\u00fct\u00fcn \u00e7al\u0131\u015fma alanlar\u0131n\u0131 temsil eden delegelerle iki farkl\u0131 alanda birbirine paralel olarak ger\u00e7ekle\u015ftirildi.<\/p>\n\n\n\n<p>PKK 12. Kongresi, \u00d6nder Abdullah \u00d6calan\u2019\u0131n \u00e7a\u011fr\u0131s\u0131 \u00fczerine topland\u0131 ve ba\u015fta \u00d6nder Apo\u2019yu \u00f6zlem ve sayg\u0131yla selamlayarak, \u00d6nder Abdullah \u00d6calan\u2019\u0131n kongreye sundu\u011fu perspektif ve \u00f6nerileri okuyup de\u011ferlendirdi. Ayr\u0131ca PKK Merkez Komitesi\u2019nin k\u0131sa raporu da kongrede okunup tart\u0131\u015f\u0131ld\u0131.<\/p>\n\n\n\n<p>Bu \u00e7er\u00e7evede PKK 12. Kongresi, \u00d6nder Apo\u2019nun \u00e7a\u011fr\u0131s\u0131 temelinde PKK \u00e7al\u0131\u015fmalar\u0131na ili\u015fkin tarihi \u00f6neme sahip kararlar ald\u0131.<\/p>\n\n\n\n<p>May\u0131s \u015eehitler Ay\u0131nda ger\u00e7ekle\u015fen 12. PKK Kongresi, 52 y\u0131ll\u0131k tarihi m\u00fccadelenin t\u00fcm kahraman \u015fehitlerini sayg\u0131, sevgi ve minnetle and\u0131. Yurtsever halk\u0131m\u0131z\u0131 ve t\u00fcm demokratik sosyalist g\u00fc\u00e7leri, ba\u015fta \u015fehitlerimiz olmak \u00fczere 52 y\u0131ll\u0131k b\u00fcy\u00fck m\u00fccadelenin ortaya \u00e7\u0131kard\u0131\u011f\u0131 t\u00fcm ulusal ve demokratik de\u011ferleri do\u011fru sahiplenmeye, ya\u015famaya ve ya\u015fatmaya \u00e7a\u011f\u0131rd\u0131.<\/p>\n\n\n\n<p>PKK 12. Kongresi, haz\u0131rlanmas\u0131nda en \u00e7ok eme\u011fi ge\u00e7enlerden biri olan \u015fehit S\u0131rr\u0131 S\u00fcreyya \u00d6nder\u2019i de sayg\u0131 ve minnetle and\u0131. 12 y\u0131ld\u0131r \u00d6nder Apo\u2019ya yolda\u015fl\u0131k yapan bu de\u011ferli insan\u0131n bar\u0131\u015f ve demokratik toplum ama\u00e7lar\u0131n\u0131 ba\u015far\u0131ya ula\u015ft\u0131rmak i\u00e7in herkesi elbirli\u011fiyle \u00e7al\u0131\u015fmaya \u00e7a\u011f\u0131rd\u0131.<\/p>\n\n\n\n<p>PKK 12. Kongresi\u2019nin sonu\u00e7lar\u0131na ve al\u0131nan kararlara ili\u015fkin geni\u015f ve ayr\u0131nt\u0131l\u0131 bilgi ve belgeler, iki farkl\u0131 alandaki sonu\u00e7lar birle\u015ftirildikten sonra \u00e7ok yak\u0131n zamanda kamuoyu ile payla\u015f\u0131lacakt\u0131r.<\/p>\n\n\n\n<p>Bunlar temelinde, ilk b\u00fcy\u00fck \u015fehidimiz Haki Karer yolda\u015f \u015fahs\u0131nda t\u00fcm kahraman \u015fehitlerimizi bir kez daha sayg\u0131 ve minnetle an\u0131yor, yurtsever halk\u0131m\u0131z\u0131 ve demokratik dostlar\u0131m\u0131z\u0131 her alanda kahraman \u015fehitlerimizi anmaya ve \u00d6nder Apo\u2019nun fiziki \u00f6zg\u00fcrl\u00fc\u011f\u00fc i\u00e7in m\u00fccadeleyi daha da y\u00fckseltmeye \u00e7a\u011f\u0131r\u0131yoruz!<\/p>\n\n\n\n<p>\u015eehit Namirin!<\/p>\n\n\n\n<p>ANF<\/p>\n","protected":false},"excerpt":{"rendered":"<p>PKK 12. Kongre Divan\u0131 yapt\u0131\u011f\u0131 a\u00e7\u0131klamada \u015funlar\u0131&#46;&#46;&#46;<\/p>\n","protected":false},"author":3,"featured_media":6836,"comment_status":"open","ping_status":"open","sticky":false,"template":"","format":"standard","meta":{"footnotes":""},"categories":[5],"tags":[],"manset":[],"class_list":["post-6835","post","type-post","status-publish","format-standard","has-post-thumbnail","hentry","category-etkinlikler"],"amp_enabled":true,"_links":{"self":[{"href":"https:\/\/kolektifmucadele1.org\/index.php\/wp-json\/wp\/v2\/posts\/6835","targetHints":{"allow":["GET"]}}],"collection":[{"href":"https:\/\/kolektifmucadele1.org\/index.php\/wp-json\/wp\/v2\/posts"}],"about":[{"href":"https:\/\/kolektifmucadele1.org\/index.php\/wp-json\/wp\/v2\/types\/post"}],"author":[{"embeddable":true,"href":"https:\/\/kolektifmucadele1.org\/index.php\/wp-json\/wp\/v2\/users\/3"}],"replies":[{"embeddable":true,"href":"https:\/\/kolektifmucadele1.org\/index.php\/wp-json\/wp\/v2\/comments?post=6835"}],"version-history":[{"count":1,"href":"https:\/\/kolektifmucadele1.org\/index.php\/wp-json\/wp\/v2\/posts\/6835\/revisions"}],"predecessor-version":[{"id":6837,"href":"https:\/\/kolektifmucadele1.org\/index.php\/wp-json\/wp\/v2\/posts\/6835\/revisions\/6837"}],"wp:featuredmedia":[{"embeddable":true,"href":"https:\/\/kolektifmucadele1.org\/index.php\/wp-json\/wp\/v2\/media\/6836"}],"wp:attachment":[{"href":"https:\/\/kolektifmucadele1.org\/index.php\/wp-json\/wp\/v2\/media?parent=6835"}],"wp:term":[{"taxonomy":"category","embeddable":true,"href":"https:\/\/kolektifmucadele1.org\/index.php\/wp-json\/wp\/v2\/categories?post=6835"},{"taxonomy":"post_tag","embeddable":true,"href":"https:\/\/kolektifmucadele1.org\/index.php\/wp-json\/wp\/v2\/tags?post=6835"},{"taxonomy":"manset","embeddable":true,"href":"https:\/\/kolektifmucadele1.org\/index.php\/wp-json\/wp\/v2\/manset?post=6835"}],"curies":[{"name":"wp","href":"https:\/\/api.w.org\/{rel}","templated":true}]}}