{"id":6847,"date":"2025-05-10T23:01:14","date_gmt":"2025-05-10T20:01:14","guid":{"rendered":"https:\/\/kolektifmucadele1.org\/?p=6847"},"modified":"2025-05-10T23:01:14","modified_gmt":"2025-05-10T20:01:14","slug":"calik-holding-onunde-erol-egrek-eylemi-katil-calik-hesap-verecek","status":"publish","type":"post","link":"https:\/\/kolektifmucadele1.org\/index.php\/2025\/05\/10\/calik-holding-onunde-erol-egrek-eylemi-katil-calik-hesap-verecek\/","title":{"rendered":"\u00c7al\u0131k Holding \u00f6n\u00fcnde Erol E\u011frek eylemi: \u201cKatil \u00c7al\u0131k hesap verecek\u201d"},"content":{"rendered":"\n<p>Erol E\u011frek isimli i\u015f\u00e7i, 10 y\u0131ld\u0131r alamad\u0131\u011f\u0131 tazminat\u0131 i\u00e7in bir kez daha gitti\u011fi \u015ei\u015fli\u2019deki \u00c7al\u0131k Holding binas\u0131 \u00f6n\u00fcnde \u00c7al\u0131k Holding\u2019in korumalar\u0131 10 ki\u015fi taraf\u0131ndan d\u00f6v\u00fclerek \u00f6ld\u00fcr\u00fcld\u00fc. E\u011frek\u2019in \u00f6l\u00fcm\u00fcn\u00fcn ard\u0131ndan Halkevleri, Umut-Sen, K\u0131z\u0131l Parti, gen\u00e7lik \u00f6rg\u00fctleri ve sendikalar\u0131n \u00e7a\u011fr\u0131s\u0131yla \u0130stanbul\u2019da \u00c7al\u0131k Holding \u00f6n\u00fcnde eylem yap\u0131ld\u0131.<\/p>\n\n\n\n<p><strong>Polis engeline ra\u011fmen y\u00fcr\u00fcd\u00fcler<\/strong><\/p>\n\n\n\n<p>\u0130stanbul\u2019da B\u00fcy\u00fckdere Caddesi \u00fczerindeki holding binas\u0131 \u00f6n\u00fcndeki eylem i\u00e7in Levent Metro \u00e7\u0131k\u0131\u015f\u0131nda bulu\u015fuldu. Polis y\u00fcr\u00fcy\u00fc\u015fe engel olmak isteyince \u201cBurada \u00f6nlem alaca\u011f\u0131n\u0131za gidin in\u015faatlarda al\u0131n, holding binas\u0131 \u00f6n\u00fcnde al\u0131n\u201d denilerek tepki g\u00f6sterildi.<\/p>\n\n\n\n<p>Tepkiler \u00fczerine polis engeli kald\u0131r\u0131ld\u0131. Sosyalistler, sendikalar ve gen\u00e7lik \u00f6rg\u00fctleri \u00c7al\u0131k Holding binas\u0131 \u00f6n\u00fcne y\u00fcr\u00fcd\u00fc.<\/p>\n\n\n\n<p><em>Polis engeli kalkt\u0131, \u00c7al\u0131k Holding \u00f6n\u00fcne y\u00fcr\u00fcy\u00fc\u015f ba\u015flad\u0131<\/em><\/p>\n\n\n\n<p><em>\u201dKatil \u00c7al\u0131k, hesap verecek\u201d<\/em><\/p>\n\n\n\n<p><em>Erol E\u011frek isimli i\u015f\u00e7i tazminat hakk\u0131n\u0131 arad\u0131\u011f\u0131 \u00c7al\u0131k Holding binas\u0131 \u00f6n\u00fcnde \u00c7al\u0131k Holding\u2019in personelleri taraf\u0131ndan d\u00f6v\u00fclerek \u00f6ld\u00fcr\u00fclm\u00fc\u015ft\u00fc.&nbsp;<\/em><\/p>\n\n\n\n<p><strong>\u201cT\u00fcm siyasi sorumlulardan hesap soraca\u011f\u0131z\u201d<\/strong><\/p>\n\n\n\n<p>\u00c7al\u0131k Holding \u00f6n\u00fcnde yap\u0131lan a\u00e7\u0131klamada E\u011frek\u2019in gasp edilen haklar\u0131n\u0131 alabilmek i\u00e7in 10 y\u0131ld\u0131r m\u00fccadele etti\u011fi, a\u00e7t\u0131\u011f\u0131 davalar\u0131 kazanmas\u0131na ra\u011fmen bir sonu\u00e7 alamad\u0131\u011f\u0131 hat\u0131rlat\u0131ld\u0131. Bu durumun \u00e7ok yayg\u0131n oldu\u011fu ifade edilirken yarg\u0131 dahil olmak \u00fczere devletin organlar\u0131n\u0131n \u015firketlerin k\u00e2rlar\u0131n\u0131 esas ald\u0131\u011f\u0131 belirtildi. Bu y\u00fczden E\u011frek cinayetinin m\u00fcnferit olmad\u0131\u011f\u0131 ifade edilerek \u015funlar s\u00f6ylendi:<\/p>\n\n\n\n<p><em>Erol E\u011frek cinayeti m\u00fcnferit bir adli vaka ve ya e\u011fitimsiz bir g\u00fcvenlik ordusunun istisnai bir gaddarl\u0131\u011f\u0131 de\u011fildir. Bu cinayet bir avu\u00e7 holding patronunun milyonlarca emek\u00e7iye kar\u015f\u0131 uygulad\u0131\u011f\u0131 sistematik \u015fiddet ve s\u00f6m\u00fcr\u00fc rejiminin son \u00f6rne\u011fidir. Bunca ya\u011fman\u0131z, cinayetiniz, k\u00fcfr\u00fcn\u00fcz yan\u0131n\u0131za kalmayacak. Erol E\u011frek\u2019in ad\u0131n\u0131 da m\u00fccadelesini de ya\u015fataca\u011f\u0131z, sizden ve t\u00fcm siyasi sorumlulardan hesap soraca\u011f\u0131z!\u201d<\/em><\/p>\n\n\n\n<p><strong>Gen\u00e7lik s\u0131n\u0131f\u0131n\u0131n yan\u0131nda<\/strong><\/p>\n\n\n\n<p>Gen\u00e7lik \u00f6rg\u00fctleri ad\u0131na yap\u0131lan a\u00e7\u0131klamada gen\u00e7li\u011fi geleceksizli\u011fe s\u00fcr\u00fckleyen d\u00fczenle, i\u015f\u00e7ilere b\u00f6ylesi bir \u00f6l\u00fcm\u00fc reva g\u00f6ren d\u00fczenin ayn\u0131 oldu\u011fu ifade edildi. Kendi kurtulu\u015flar\u0131n\u0131n da i\u015f\u00e7i s\u0131n\u0131f\u0131n\u0131n kurtulu\u015fundan ge\u00e7ti\u011fini vurgulayan \u00fcniversiteliler, \u201c\u00d6\u011frenciler burada, s\u0131n\u0131f\u0131n\u0131n yan\u0131nda\u201d sloganlar\u0131n\u0131 att\u0131.<\/p>\n","protected":false},"excerpt":{"rendered":"<p>Erol E\u011frek isimli i\u015f\u00e7i, 10 y\u0131ld\u0131r alamad\u0131\u011f\u0131&#46;&#46;&#46;<\/p>\n","protected":false},"author":3,"featured_media":6848,"comment_status":"open","ping_status":"open","sticky":false,"template":"","format":"standard","meta":{"footnotes":""},"categories":[5],"tags":[],"manset":[],"class_list":["post-6847","post","type-post","status-publish","format-standard","has-post-thumbnail","hentry","category-etkinlikler"],"amp_enabled":true,"_links":{"self":[{"href":"https:\/\/kolektifmucadele1.org\/index.php\/wp-json\/wp\/v2\/posts\/6847","targetHints":{"allow":["GET"]}}],"collection":[{"href":"https:\/\/kolektifmucadele1.org\/index.php\/wp-json\/wp\/v2\/posts"}],"about":[{"href":"https:\/\/kolektifmucadele1.org\/index.php\/wp-json\/wp\/v2\/types\/post"}],"author":[{"embeddable":true,"href":"https:\/\/kolektifmucadele1.org\/index.php\/wp-json\/wp\/v2\/users\/3"}],"replies":[{"embeddable":true,"href":"https:\/\/kolektifmucadele1.org\/index.php\/wp-json\/wp\/v2\/comments?post=6847"}],"version-history":[{"count":1,"href":"https:\/\/kolektifmucadele1.org\/index.php\/wp-json\/wp\/v2\/posts\/6847\/revisions"}],"predecessor-version":[{"id":6849,"href":"https:\/\/kolektifmucadele1.org\/index.php\/wp-json\/wp\/v2\/posts\/6847\/revisions\/6849"}],"wp:featuredmedia":[{"embeddable":true,"href":"https:\/\/kolektifmucadele1.org\/index.php\/wp-json\/wp\/v2\/media\/6848"}],"wp:attachment":[{"href":"https:\/\/kolektifmucadele1.org\/index.php\/wp-json\/wp\/v2\/media?parent=6847"}],"wp:term":[{"taxonomy":"category","embeddable":true,"href":"https:\/\/kolektifmucadele1.org\/index.php\/wp-json\/wp\/v2\/categories?post=6847"},{"taxonomy":"post_tag","embeddable":true,"href":"https:\/\/kolektifmucadele1.org\/index.php\/wp-json\/wp\/v2\/tags?post=6847"},{"taxonomy":"manset","embeddable":true,"href":"https:\/\/kolektifmucadele1.org\/index.php\/wp-json\/wp\/v2\/manset?post=6847"}],"curies":[{"name":"wp","href":"https:\/\/api.w.org\/{rel}","templated":true}]}}