{"id":6956,"date":"2025-05-31T22:24:24","date_gmt":"2025-05-31T19:24:24","guid":{"rendered":"https:\/\/kolektifmucadele1.org\/?p=6956"},"modified":"2025-05-31T22:24:25","modified_gmt":"2025-05-31T19:24:25","slug":"gezi-direnisi-12-yasinda-taksim-ablukaya-alindi-polis-mudahalesi-basladi","status":"publish","type":"post","link":"https:\/\/kolektifmucadele1.org\/index.php\/2025\/05\/31\/gezi-direnisi-12-yasinda-taksim-ablukaya-alindi-polis-mudahalesi-basladi\/","title":{"rendered":"Gezi Direni\u015fi 12 ya\u015f\u0131nda: Taksim ablukaya al\u0131nd\u0131, polis m\u00fcdahalesi ba\u015flad\u0131"},"content":{"rendered":"\n<p>Gezi Direni\u015fi&#8217;nin 12. y\u0131l d\u00f6n\u00fcm\u00fcnde Taksim Dayan\u0131\u015fmas\u0131, T\u00fcrkiye&#8217;nin yak\u0131n tarihindeki en kitlesel halk hareketlerinden biri olan Gezi eylemleri i\u00e7in anma \u00e7a\u011fr\u0131s\u0131 yapt\u0131. Toplanma saati olarak bug\u00fcn saat 19.00 g\u00f6sterildi.<\/p>\n\n\n\n<p>Gezi Direni\u015fi\u2019nin 12. y\u0131l d\u00f6n\u00fcm\u00fc nedeniyle Taksim\u2019de yap\u0131lmas\u0131 planlanan eylem \u00f6ncesi Beyo\u011flu il\u00e7esi polis ablukas\u0131na al\u0131nd\u0131. \u0130stiklal Caddesi\u2019ne \u00e7\u0131kan t\u00fcm sokaklar, bariyerlerle kapat\u0131ld\u0131. Galatasaray Meydan\u0131 4 koldan ablukaya al\u0131nd\u0131.<\/p>\n\n\n\n<p>\u0130stiklal Caddesi&#8217;ni bo\u015faltan emniyet g\u00fc\u00e7leri, sokak aralar\u0131n\u0131 da polis otob\u00fcsleriyle kapatt\u0131.<\/p>\n\n\n\n<p>Gezi&#8217;de polisin att\u0131\u011f\u0131 gaz fi\u015fe\u011fiyle \u00f6len Berkin Elvan&#8217;\u0131n annesi G\u00fcls\u00fcm Elvan ile eylemlerde \u00f6len Ahmet Atakan&#8217;\u0131n annesi Emsal Atakan&#8217;\u0131n da kat\u0131ld\u0131\u011f\u0131 anmada Taksim Dayan\u0131\u015fmas\u0131 ad\u0131na yap\u0131lan a\u00e7\u0131klamada, &#8220;Biliyoruz ki Gezi, yaln\u0131zca tarihin bir d\u00f6nemiyle s\u0131n\u0131rl\u0131 kalm\u0131\u015f bir halk hareketi de\u011fildi. Bug\u00fcn sokaklar\u0131 dolduran binlerce gencin gelecek m\u00fccadelesinde, emek\u00e7ilerin ekmek kavgas\u0131nda, kad\u0131nlar\u0131n ya\u015fam m\u00fccadelesinde, i\u015f\u00e7ilerin direni\u015finde, halk\u0131n yurtta\u015fl\u0131k m\u00fccadelesinde Gezi dimdik duruyor&#8221; denildi A\u00e7\u0131klamada \u015fu g\u00f6r\u00fc\u015flere yer verildi:<\/p>\n\n\n\n<p>&#8220;Aradan ge\u00e7en 12 y\u0131lda, siyasi iktidar Gezi\u2019nin me\u015fru taleplerini bast\u0131rmak i\u00e7in bask\u0131, sindirme ve hukuksuzluk politikalar\u0131n\u0131 daha da derinle\u015ftirdi. Ancak 19 Mart\u2019ta halk iradesine yap\u0131lan darbe ile ba\u015flayan direni\u015f, gen\u00e7lerin ya\u015fanabilir bir \u00fclke talebiyle birle\u015ferek bu \u00fclkenin demokratik birikiminin sindirilemeyece\u011fini bir kez daha g\u00f6sterdi. \u00c7ok \u015feyler s\u00f6ylendi Gezi\u2019ye dair\u2026 Bu \u00fclkenin en ayd\u0131nl\u0131k, en demokrat, en yarat\u0131c\u0131, en sorgulay\u0131c\u0131, en inat\u00e7\u0131, en dayan\u0131\u015fmac\u0131, en emek\u00e7i, en vefakar insanlar\u0131na, gen\u00e7lerine ve kad\u0131nlar\u0131na \u00e7apulcu dendi: Ve s\u00f6z bitti.<\/p>\n\n\n\n<p>&#8220;HALK HAREKET\u0130NE &#8216;DARBEC\u0130L\u0130K&#8217; YAFTASI TAKILINCA MANTIK B\u0130TT\u0130, MANA B\u0130TT\u0130&#8221;<\/p>\n\n\n\n<p>\u00c7ok \u015feyler s\u00f6ylendi Gezi\u2019ye dair\u2026 Demokrasinin k\u0131r\u0131nt\u0131lar\u0131n\u0131 ortadan kald\u0131r\u0131ld\u0131\u011f\u0131, b\u00fcrokraside, hatta yarg\u0131da bile emir-komutan\u0131n i\u015fledi\u011fi, Anayasa Mahkemesi kararlar\u0131n\u0131n uygulanmad\u0131\u011f\u0131 i\u00e7in sadece hukuk de\u011fil. S\u00f6z de bitti. \u00c7ok \u015feyler s\u00f6ylendi Gezi\u2019ye dair\u2026 D\u00fcnyan\u0131n en demokratik, silahs\u0131z, kitlesel, kararl\u0131, talepk\u00e2r, zeki, espirili, yarat\u0131c\u0131 ve dayan\u0131\u015fmac\u0131 halk hareketine &#8216;darbecilik&#8217; yaftas\u0131 tak\u0131l\u0131nca, mant\u0131k bitti, mana bitti. Ve s\u00f6z bitti.<\/p>\n\n\n\n<p>\u00c7ok \u015feyler s\u00f6ylendi Gezi\u2019ye dair\u2026 Gezi park\u0131 ve Taksim yayala\u015ft\u0131rma projesine kar\u015f\u0131 Mimarlar Odas\u0131 ad\u0131na davay\u0131 a\u00e7an Av. Can Atalay\u2019a, ayn\u0131 davan\u0131n takip\u00e7isi di\u011fer oda olan \u015eehir Planc\u0131lar\u0131 Odas\u0131 Ba\u015fkan\u0131 Tayfun Kahraman\u2019a, \u00e7ekimi yap\u0131lmam\u0131\u015f bir filmin senaryosundan dolay\u0131 \u00c7i\u011fdem Mater\u2019e, bir vakf\u0131n \u00e7al\u0131\u015fan\u0131 olarak Gezi\u2019ye kat\u0131lan milyonlarca insandan biri olan Mine \u00d6zerden\u2019e \u00f6rg\u00fct \u00fcyesi olmaktan 18\u2019er y\u0131l a\u011f\u0131r hapis cezas\u0131na, yine Gezi\u2019de masa sandalye, po\u011fa\u00e7a b\u00f6rek yard\u0131m\u0131 yapan d\u00fcnyan\u0131n en naif insanlar\u0131ndan Osman Kavala\u2019ya tan\u0131ks\u0131z, kan\u0131ts\u0131z, karinesiz a\u011f\u0131rla\u015ft\u0131r\u0131lm\u0131\u015f m\u00fcebbet hapis cezas\u0131 verilince s\u00f6z bitti. Bu hukuksuzlu\u011fu Yarg\u0131tay\u2019da onaylay\u0131nca masumiyet karinesi ile birlikte hukukta bitti, s\u00f6z de bitti.<\/p>\n\n\n\n<p>&#8220;KOCA B\u0130R YA\u015eAMA SAH\u0130P \u00c7IKAB\u0130LMEK \u0130\u00c7\u0130N \u00d6NCEL\u0130KLE \u00dc\u00c7 BE\u015e A\u011eACA SAH\u0130P \u00c7IKMAK GEREKT\u0130\u011e\u0130N\u0130&#8230;&#8221;<\/p>\n\n\n\n<p>\u00c7ok \u015feyler s\u00f6ylendi Gezi\u2019ye dair\u2026 Milyonluk tazminat davalar\u0131, kayyum atamalar\u0131, se\u00e7ilme yasaklar\u0131, itiraz edenden slogan atana, derdini anlatandan tweet payla\u015fana, haberi yazandan, ekrana ta\u015f\u0131yan\u0131na kadar herkesi sindirme \u00e7abas\u0131 i\u00e7inde olanlar hukuksuzlu\u011fu s\u0131radanla\u015ft\u0131rd\u0131\u2026 Ve s\u00f6z bitti. \u00c7ok \u015feyler s\u00f6ylendi Gezi\u2019ye dair\u2026 Oysa, Haziran direni\u015fine yol a\u00e7an Gezi Park\u0131 tarihsel misyonunu tamamlad\u0131. Koca bir ya\u015fama sahip \u00e7\u0131kabilmek i\u00e7in \u00f6ncelikle \u00fc\u00e7 be\u015f a\u011faca sahip \u00e7\u0131kmak gerekti\u011fini; kent ya\u011fmas\u0131n\u0131 engellemenin \u00f6zel ya\u015fama m\u00fcdahaleye itirazla e\u015f anlaml\u0131 oldu\u011funu; dereleri Hidro-Elektrik Santrali, her yeri maden ve ta\u015f oca\u011f\u0131; \u015fehirleri beton y\u0131\u011f\u0131na\u011f\u0131 haline getiren rant siyasetine kar\u015f\u0131 \u00e7\u0131kman\u0131n ya\u015famsal oldu\u011funu g\u00f6stermekle kalmad\u0131, herkesle birlikte bunlara kar\u015f\u0131 direnmenin co\u015fkusunu da ya\u015fatt\u0131\u2026 Ve s\u00f6z bitti.&#8221;<\/p>\n\n\n\n<p>Gezi Park\u0131&#8217;n\u0131n Top\u00e7u K\u0131\u015flas\u0131 g\u00f6r\u00fcn\u00fcml\u00fc rezidans ve al\u0131\u015fveri\u015f merkezi haline getirmek isteyenlerin i\u015ftah\u0131n\u0131 kabartacak bir \u201ckupon arazi\u201d olmaktan \u00e7oktan \u00e7\u0131kt\u0131\u011f\u0131n\u0131n an\u0131msat\u0131ld\u0131\u011f\u0131 a\u00e7\u0131klama \u015f\u00f6yle sona erdi:<\/p>\n\n\n\n<p>&#8220;Hatta Gezi, Park olarak bile tan\u0131mlanamaz art\u0131k. Binlerce beton bina ile ku\u015fat\u0131lm\u0131\u015f Taksim Meydan\u0131 etraf\u0131ndaki tek ye\u015fil alan, g\u00f6lgesinde oturabilecek a\u011fa\u00e7 bar\u0131nd\u0131ran tek park oldu\u011fu do\u011fru. Ama daha b\u00fcy\u00fck bir hakikati var art\u0131k o park\u0131n. U\u011fruna &#8216;a\u011f\u0131rla\u015ft\u0131r\u0131lm\u0131\u015f m\u00fcebbet&#8217;le hapis yatan dostlar\u0131n\u0131n yan\u0131 s\u0131ra, insan\u0131m diyenlerin g\u00f6rebilecekleri suretler, duyabilecekleri a\u011f\u0131tlar aras\u0131nda, on d\u00f6rd\u00fcnde, yirmi birinde topra\u011fa d\u00fc\u015fm\u00fc\u015f, oradaki a\u011fa\u00e7lara can suyu olmu\u015f gen\u00e7lerin an\u0131tlar\u0131 duruyor o parkta.<\/p>\n\n\n\n<p>&#8220;D\u00dc\u015e\u00dcN YAKAMIZDAN&#8221;<\/p>\n\n\n\n<p>\u00c7ok \u015feyler s\u00f6ylendi ama Gezi\u2019de zaman\u0131nda en a\u00e7\u0131k bi\u00e7imiyle s\u00f6z\u00fcn\u00fc s\u00f6yledi: Bu \u00fclkede ka\u00e7 lise, ka\u00e7 \u00fcniversite varsa, deresine sahip \u00e7\u0131kan ka\u00e7 k\u00f6y, bedenime kar\u0131\u015fma diyen ka\u00e7 kad\u0131n, dilimi, kimli\u011fimi, varl\u0131\u011f\u0131m\u0131 inkar etme diyen ka\u00e7 K\u00fcrt varsa, inanc\u0131m\u0131 sorgulama diyen ka\u00e7 Alevi, ac\u0131m\u0131 reddetme diyen ka\u00e7 Ermeni, y\u00f6nelimimi kabul et diyen ka\u00e7 LGBTI+ birey varsa, bu pahal\u0131l\u0131kta bu \u00fccretlerle ya\u015fanmaz diyen ka\u00e7 i\u015f\u00e7i, \u00fcr\u00fcn\u00fc elinde kalan ne kadar \u00e7ift\u00e7i varsa o kadar Gezi Park\u0131 \u00e7\u0131kacak kar\u015f\u0131n\u0131za\u2026 dedi\u2026 Ve s\u00f6z bitti.<\/p>\n\n\n\n<p>\u0130\u015fte bu nedenle ve bir kez daha g\u00fcr bir sesle hayk\u0131r\u0131yoruz; \u00dclkenin demokrasi \u015f\u00f6leni olarak tarihe ge\u00e7ecek olan GEZ\u0130 direni\u015finden &#8216;Darbe&#8217; \u00e7\u0131karmaya \u00e7al\u0131\u015fmak beyhude bir \u00e7abad\u0131r! Tayfun Kahraman\u2019\u0131, \u00c7i\u011fdem Mater\u2019i, \u015eerafettin Can Atalay\u2019\u0131 , Osman Kavala\u2019y\u0131 ve Mine \u00d6zerden\u2019i siyasi ikbal hesaplar\u0131n\u0131za malzeme yaparak hapiste tutmaktan vazge\u00e7in. \u00d6zcesi; d\u00fc\u015f\u00fcn yakam\u0131zdan, \u00fclkemizi ve milyonlarca yurtta\u015f\u0131m\u0131z\u0131 rahat b\u0131rak\u0131n\u2026<\/p>\n\n\n\n<p>Yoksulun, ma\u011fdurun, emeklinin, i\u015f\u00e7inin, k\u00f6yl\u00fcn\u00fcn, i\u015fsizin, \u00f6\u011frencinin dertlerini, s\u00f6zlerini, itirazlar\u0131n\u0131 dinleyin; asgari \u00fccreti ve emekli maa\u015flar\u0131n\u0131 insanca ya\u015fanabilir hale getirin; kad\u0131n cinayetlerini bitirin; sa\u011fl\u0131k sistemindeki t\u0131kanma ve yozla\u015fmay\u0131, e\u011fitimdeki \u00e7\u00f6k\u00fc\u015f\u00fc nas\u0131l durduraca\u011f\u0131n\u0131z\u0131 anlat\u0131n; gen\u00e7lerin ve \u00fcniversite \u00f6\u011frencilerinin gelecek kayg\u0131lar\u0131n\u0131 hissedin; kom\u015fu \u00fclkelerle bar\u0131\u015f\u00e7\u0131l iyi ili\u015fkiler kurun, bar\u0131\u015f\u0131 hem \u00fclke i\u00e7inde hem de d\u00fcnya \u00f6l\u00e7e\u011finde dillendirin; sanat\u0131, sporu, akademiyi, \u00e7a\u011fda\u015f standartlara nas\u0131l ta\u015f\u0131yaca\u011f\u0131n\u0131z\u0131 anlat\u0131n; \u0130\u015fte t\u00fcm bunlar b\u00fct\u00fcn bask\u0131lara, engellemelere, sald\u0131r\u0131lara, tutuklamalara ra\u011fmen park\u0131n kadim a\u011fa\u00e7lar\u0131ndan yank\u0131lanan ve Gezi Park\u0131&#8217;ndan d\u00f6nen milyonlar\u0131n i\u00e7 sesidir&#8221;<\/p>\n\n\n\n<figure class=\"wp-block-image size-full\"><img loading=\"lazy\" decoding=\"async\" width=\"1024\" height=\"683\" src=\"https:\/\/kolektifmucadele1.org\/wp-content\/uploads\/2025\/05\/taksim.jpg\" alt=\"\" class=\"wp-image-6958\"\/><\/figure>\n<\/p>","protected":false},"excerpt":{"rendered":"<p>Gezi Direni\u015fi&#8217;nin 12. y\u0131l d\u00f6n\u00fcm\u00fcnde Taksim Dayan\u0131\u015fmas\u0131,&#46;&#46;&#46;<\/p>\n","protected":false},"author":3,"featured_media":6959,"comment_status":"open","ping_status":"open","sticky":false,"template":"","format":"standard","meta":{"footnotes":""},"categories":[5],"tags":[],"manset":[],"class_list":["post-6956","post","type-post","status-publish","format-standard","has-post-thumbnail","hentry","category-etkinlikler"],"amp_enabled":true,"_links":{"self":[{"href":"https:\/\/kolektifmucadele1.org\/index.php\/wp-json\/wp\/v2\/posts\/6956","targetHints":{"allow":["GET"]}}],"collection":[{"href":"https:\/\/kolektifmucadele1.org\/index.php\/wp-json\/wp\/v2\/posts"}],"about":[{"href":"https:\/\/kolektifmucadele1.org\/index.php\/wp-json\/wp\/v2\/types\/post"}],"author":[{"embeddable":true,"href":"https:\/\/kolektifmucadele1.org\/index.php\/wp-json\/wp\/v2\/users\/3"}],"replies":[{"embeddable":true,"href":"https:\/\/kolektifmucadele1.org\/index.php\/wp-json\/wp\/v2\/comments?post=6956"}],"version-history":[{"count":1,"href":"https:\/\/kolektifmucadele1.org\/index.php\/wp-json\/wp\/v2\/posts\/6956\/revisions"}],"predecessor-version":[{"id":6960,"href":"https:\/\/kolektifmucadele1.org\/index.php\/wp-json\/wp\/v2\/posts\/6956\/revisions\/6960"}],"wp:featuredmedia":[{"embeddable":true,"href":"https:\/\/kolektifmucadele1.org\/index.php\/wp-json\/wp\/v2\/media\/6959"}],"wp:attachment":[{"href":"https:\/\/kolektifmucadele1.org\/index.php\/wp-json\/wp\/v2\/media?parent=6956"}],"wp:term":[{"taxonomy":"category","embeddable":true,"href":"https:\/\/kolektifmucadele1.org\/index.php\/wp-json\/wp\/v2\/categories?post=6956"},{"taxonomy":"post_tag","embeddable":true,"href":"https:\/\/kolektifmucadele1.org\/index.php\/wp-json\/wp\/v2\/tags?post=6956"},{"taxonomy":"manset","embeddable":true,"href":"https:\/\/kolektifmucadele1.org\/index.php\/wp-json\/wp\/v2\/manset?post=6956"}],"curies":[{"name":"wp","href":"https:\/\/api.w.org\/{rel}","templated":true}]}}