{"id":6961,"date":"2025-05-31T22:28:44","date_gmt":"2025-05-31T19:28:44","guid":{"rendered":"https:\/\/kolektifmucadele1.org\/?p=6961"},"modified":"2025-05-31T22:28:45","modified_gmt":"2025-05-31T19:28:45","slug":"cumartesi-anneleri-1053-haftada-barisi-da-istiyoruz-kayiplarimizi-da","status":"publish","type":"post","link":"https:\/\/kolektifmucadele1.org\/index.php\/2025\/05\/31\/cumartesi-anneleri-1053-haftada-barisi-da-istiyoruz-kayiplarimizi-da\/","title":{"rendered":"Cumartesi Anneleri 1053. haftada: Bar\u0131\u015f\u0131 da istiyoruz kay\u0131plar\u0131m\u0131z\u0131 da"},"content":{"rendered":"\n<p>G\u00f6zalt\u0131nda kaybedilen yak\u0131nlar\u0131n\u0131n ak\u0131betini \u00f6\u011frenmek ve faillerin yarg\u0131lanmas\u0131 talebiyle 1995 y\u0131l\u0131ndan bu yana Galatasaray Meydan\u0131&#8217;nda oturma eylemi yapan Cumartesi Anneleri, 1053. haftada da meydandayd\u0131.<\/p>\n\n\n\n<p>A\u00e7\u0131klamada, 1995 y\u0131l\u0131nda g\u00f6zalt\u0131na al\u0131nd\u0131ktan sonra kendisinden bir daha haber al\u0131namayan Zengin\u2019in dosyas\u0131nda 30 y\u0131ld\u0131r s\u00fcren cezas\u0131zl\u0131k ve ink\u00e2r politikalar\u0131na dikkat \u00e7ekildi.<\/p>\n\n\n\n<p>Yap\u0131lan a\u00e7\u0131klamada, 27 May\u0131s 1995\u2019ten bu yana her hafta bir kayb\u0131n hik\u00e2yesinin toplumsal haf\u0131zaya ta\u015f\u0131nd\u0131\u011f\u0131 vurgulanarak, \u201cDevletin ink\u00e2r ve cezas\u0131zl\u0131k politikalar\u0131yla \u00fczerine karanl\u0131k bir perde \u00e7ekti\u011fi g\u00f6zalt\u0131nda kaybetme vakalar\u0131n\u0131 g\u00f6r\u00fcn\u00fcr k\u0131lmak ve adalete eri\u015fmek i\u00e7in 30 y\u0131ld\u0131r m\u00fccadele ediyoruz\u201d denildi.<\/p>\n\n\n\n<p>Kay\u0131p yak\u0131nlar\u0131ndan \u0130kbal Eren&#8217;in okudu\u011fu a\u00e7\u0131klama \u015fu \u015fekilde:<\/p>\n\n\n\n<p>&#8220;Devletin kolluk kuvvetleri taraf\u0131ndan g\u00f6zalt\u0131na al\u0131nd\u0131ktan sonra bir daha haber al\u0131namayan sevdiklerimiz i\u00e7in 27 May\u0131s 1995\u2019ten bu yana her hafta Galatasaray Meydan\u0131\u2019nda bir araya geliyoruz. Her hafta bir kayb\u0131m\u0131z\u0131n hik\u00e2yesini toplumsal haf\u0131zaya ta\u015f\u0131yor, onlar\u0131 unutturmamak i\u00e7in sesimizi y\u00fckseltiyoruz.<\/p>\n\n\n\n<p>Devletin ink\u00e2r ve cezas\u0131zl\u0131k politikalar\u0131yla \u00fczerine karanl\u0131k bir perde \u00e7ekti\u011fi g\u00f6zalt\u0131nda kaybetme vakalar\u0131n\u0131 g\u00f6r\u00fcn\u00fcr k\u0131lmak ve adalete eri\u015fmek i\u00e7in 30 y\u0131ld\u0131r m\u00fccadele ediyoruz.<\/p>\n\n\n\n<p>&#8217;30 YILDIR SORUYORUZ: KAYIPLARIMIZ NEREDE?&#8217;<\/p>\n\n\n\n<p>30 y\u0131ld\u0131r hayk\u0131r\u0131yoruz: \u0130nk\u00e2ra son verin, kay\u0131plar\u0131m\u0131z\u0131n ak\u0131betlerini a\u00e7\u0131klay\u0131n. Hakikati bilme hakk\u0131m\u0131za sayg\u0131 g\u00f6sterin.<\/p>\n\n\n\n<p>30 y\u0131ld\u0131r talep ediyoruz: Adaletin sa\u011flanabilmesi i\u00e7in cezas\u0131zl\u0131\u011fa son verin. Kay\u0131plar\u0131m\u0131z\u0131n faillerini ve sorumlular\u0131n\u0131 yarg\u0131lay\u0131n. Cezas\u0131zl\u0131k s\u00fcrd\u00fck\u00e7e adalet ger\u00e7ekle\u015femez. Cezas\u0131zl\u0131k, g\u00f6zalt\u0131nda kaybetme su\u00e7unun orta\u011f\u0131d\u0131r. Cezas\u0131zl\u0131k, ink\u00e2r\u0131n zeminidir. Cezas\u0131zl\u0131k, kay\u0131plar\u0131m\u0131z\u0131 elimizden alanlar\u0131n korunma kalkan\u0131d\u0131r.<\/p>\n\n\n\n<p>Biliyoruz ki: Cezas\u0131zl\u0131k son bulmadan adalet sa\u011flanamaz. Adalet sa\u011flanmadan bar\u0131\u015ftan s\u00f6z edilemez. Devlet eliyle ya da devlet politikalar\u0131n\u0131n sonucu olarak evlatlar\u0131 ellerinden al\u0131nan annelerin yaralar\u0131n\u0131 hafifletmeyen hi\u00e7bir s\u00fcre\u00e7 kal\u0131c\u0131 bar\u0131\u015fa evrilemez.<\/p>\n\n\n\n<p>\u00c7\u00fcnk\u00fc bar\u0131\u015f; sadece silahlar\u0131n susmas\u0131 de\u011fil, ayn\u0131 zamanda kalplerin huzura ermesidir. Hakikatin ve adaletin eksik oldu\u011fu bir d\u00fczen, bar\u0131\u015f\u0131 yaln\u0131zca bir ill\u00fczyon haline getirir. Bar\u0131\u015f, ancak herkesin sesi duyuldu\u011funda ve herkesin hakk\u0131 teslim edildi\u011finde m\u00fcmk\u00fcn olabilir.<\/p>\n\n\n\n<p>&#8216;BARI\u015eI \u0130ST\u0130YORUZ, KAYIPLARIMIZI DA&#8217;<\/p>\n\n\n\n<p>Tam da bu nedenle, bar\u0131\u015ftan ve demokratikle\u015fmeden s\u00f6z edilen bu d\u00f6nemde bir kez daha hayk\u0131r\u0131yoruz:<\/p>\n\n\n\n<p>Bu hafta 1053. kez topland\u0131k ve Zengin Ailesi\u2019nin sesi olmak i\u00e7in buraday\u0131z.<\/p>\n\n\n\n<p>36 ya\u015f\u0131ndaki Mehmet Sait Zengin, Midyat\u2019ta ya\u015fayan bir esnaft\u0131. HADEP \u00fcyesiydi. G\u00fcvenlik g\u00fc\u00e7lerinin tehditleri alt\u0131nda ya\u015fayan Zengin, s\u00fcrekli olarak takip ediliyor, g\u00f6zalt\u0131na al\u0131n\u0131yor ve i\u015fkenceye maruz kal\u0131yordu.<\/p>\n\n\n\n<p>1995 y\u0131l\u0131n\u0131n Nisan ay\u0131nda, d\u00fckk\u00e2n\u0131na gelen polisler taraf\u0131ndan bir kez daha g\u00f6zalt\u0131na al\u0131nd\u0131. On d\u00f6rt g\u00fcn boyunca i\u015fkence g\u00f6rd\u00fc ve ard\u0131ndan serbest b\u0131rak\u0131ld\u0131.<\/p>\n\n\n\n<p>Ancak serbest b\u0131rak\u0131ld\u0131ktan k\u0131sa bir s\u00fcre sonra, 6 May\u0131s 1995 tarihinde, Mardin\u2019den geldiklerini s\u00f6yleyen sivil k\u0131yafetli iki polis taraf\u0131ndan evinden g\u00f6zalt\u0131na al\u0131nd\u0131 ve beyaz bir Toros ile g\u00f6t\u00fcr\u00fcld\u00fc.<\/p>\n\n\n\n<p>Can g\u00fcvenli\u011finden endi\u015fe eden ailesi Midyat karakoluna ba\u015fvurdu. Yetkililer, &#8216;Bizde yok ama Mardin\u2019e g\u00f6t\u00fcr\u00fclm\u00fc\u015f olabilir&#8217; yan\u0131t\u0131n\u0131 verdi. Bunun \u00fczerine aile Mardin\u2019e gitti. Karakola ba\u015fvuran karde\u015fi, &#8216;Onu ararsan sen de bu yolda gidersin&#8217; diyerek tehdit edildi.<\/p>\n\n\n\n<p>&#8216;BA\u015eVURULAR SONU\u00c7SUZ KALDI&#8217;<\/p>\n\n\n\n<p>Ailenin ba\u015fvurular\u0131 sonu\u00e7suz kald\u0131. D\u00f6rt \u00e7ocuk babas\u0131 Mehmet Sait Zengin\u2019den bir daha haber al\u0131namad\u0131. 30 y\u0131ld\u0131r ailesinin &#8216;Mehmet Sait Zengin\u2019e ne oldu?&#8217; sorusu yan\u0131ts\u0131z b\u0131rak\u0131ld\u0131. \u0130nsan Haklar\u0131 Derne\u011fi Mardin \u015eubesi\u2019nin \u00e7abalar\u0131yla yeniden canland\u0131r\u0131lan dosya, Midyat Savc\u0131l\u0131\u011f\u0131\u2019n\u0131n raflar\u0131nda beklemeye terk edildi.<\/p>\n\n\n\n<p>1053. haftam\u0131zda bir kez daha talep ediyoruz: Mehmet Sait Zengin dosyas\u0131ndaki 30 y\u0131ll\u0131k inkar ve cezas\u0131zl\u0131\u011fa son verin, hukuku i\u015fletin!<\/p>\n\n\n\n<p>Ka\u00e7 y\u0131l ge\u00e7erse ge\u00e7sin, Mehmet Sait Zengin i\u00e7in, t\u00fcm kay\u0131plar\u0131m\u0131z i\u00e7in adalet talep etmekten; devletin evrensel hukuk normlar\u0131na uygun hareket etmek zorunda oldu\u011funu hat\u0131rlatmaktan asla vazge\u00e7meyece\u011fiz.&#8221;<\/p>\n","protected":false},"excerpt":{"rendered":"<p>G\u00f6zalt\u0131nda kaybedilen yak\u0131nlar\u0131n\u0131n ak\u0131betini \u00f6\u011frenmek ve faillerin&#46;&#46;&#46;<\/p>\n","protected":false},"author":3,"featured_media":6962,"comment_status":"open","ping_status":"open","sticky":false,"template":"","format":"standard","meta":{"footnotes":""},"categories":[5],"tags":[],"manset":[],"class_list":["post-6961","post","type-post","status-publish","format-standard","has-post-thumbnail","hentry","category-etkinlikler"],"amp_enabled":true,"_links":{"self":[{"href":"https:\/\/kolektifmucadele1.org\/index.php\/wp-json\/wp\/v2\/posts\/6961","targetHints":{"allow":["GET"]}}],"collection":[{"href":"https:\/\/kolektifmucadele1.org\/index.php\/wp-json\/wp\/v2\/posts"}],"about":[{"href":"https:\/\/kolektifmucadele1.org\/index.php\/wp-json\/wp\/v2\/types\/post"}],"author":[{"embeddable":true,"href":"https:\/\/kolektifmucadele1.org\/index.php\/wp-json\/wp\/v2\/users\/3"}],"replies":[{"embeddable":true,"href":"https:\/\/kolektifmucadele1.org\/index.php\/wp-json\/wp\/v2\/comments?post=6961"}],"version-history":[{"count":1,"href":"https:\/\/kolektifmucadele1.org\/index.php\/wp-json\/wp\/v2\/posts\/6961\/revisions"}],"predecessor-version":[{"id":6963,"href":"https:\/\/kolektifmucadele1.org\/index.php\/wp-json\/wp\/v2\/posts\/6961\/revisions\/6963"}],"wp:featuredmedia":[{"embeddable":true,"href":"https:\/\/kolektifmucadele1.org\/index.php\/wp-json\/wp\/v2\/media\/6962"}],"wp:attachment":[{"href":"https:\/\/kolektifmucadele1.org\/index.php\/wp-json\/wp\/v2\/media?parent=6961"}],"wp:term":[{"taxonomy":"category","embeddable":true,"href":"https:\/\/kolektifmucadele1.org\/index.php\/wp-json\/wp\/v2\/categories?post=6961"},{"taxonomy":"post_tag","embeddable":true,"href":"https:\/\/kolektifmucadele1.org\/index.php\/wp-json\/wp\/v2\/tags?post=6961"},{"taxonomy":"manset","embeddable":true,"href":"https:\/\/kolektifmucadele1.org\/index.php\/wp-json\/wp\/v2\/manset?post=6961"}],"curies":[{"name":"wp","href":"https:\/\/api.w.org\/{rel}","templated":true}]}}