{"id":7008,"date":"2025-06-13T00:40:10","date_gmt":"2025-06-12T21:40:10","guid":{"rendered":"https:\/\/kolektifmucadele1.org\/?p=7008"},"modified":"2025-06-13T00:40:11","modified_gmt":"2025-06-12T21:40:11","slug":"abd-ic-guvenlik-bakaninin-toplantisinda-soru-sormak-isteyen-senator-yaka-paca-disari-atildi","status":"publish","type":"post","link":"https:\/\/kolektifmucadele1.org\/index.php\/2025\/06\/13\/abd-ic-guvenlik-bakaninin-toplantisinda-soru-sormak-isteyen-senator-yaka-paca-disari-atildi\/","title":{"rendered":"ABD \u0130\u00e7 G\u00fcvenlik Bakan\u0131&#8217;n\u0131n toplant\u0131s\u0131nda soru sormak isteyen senat\u00f6r yaka pa\u00e7a d\u0131\u015far\u0131 at\u0131ld\u0131"},"content":{"rendered":"\n<p>ABD \u0130\u00e7 G\u00fcvenlik Bakan\u0131 Kristi Noem&#8217;in, Los Angeles&#8217;ta G\u00f6\u00e7menlik ve G\u00fcmr\u00fck Muhafaza Dairesi (ICE) operasyonlar\u0131yla ilgili d\u00fczenledi\u011fi bas\u0131n toplant\u0131s\u0131nda soru sormak isteyen California&#8217;n\u0131n Demokrat Senat\u00f6r\u00fc Alex Padilla zorla d\u0131\u015far\u0131 \u00e7\u0131kar\u0131ld\u0131.<\/p>\n\n\n\n<p>Noem, ICE kar\u015f\u0131t\u0131 protestolarla \u00fclke g\u00fcndemine oturan Los Angeles&#8217;taki ICE operasyonlar\u0131 hakk\u0131nda bas\u0131n toplant\u0131s\u0131 d\u00fczenledi.<\/p>\n\n\n\n<p>Noem konu\u015fmas\u0131na devam ederken soru sormak isteyen California Senat\u00f6r\u00fc Alex Padilla&#8217;n\u0131n soru sormas\u0131na ve konu\u015fmas\u0131na izin verilmedi.<\/p>\n\n\n\n<p>Padilla, &#8220;Ben Senat\u00f6r\u00fcm ve Bakan&#8217;a bir sorum var&#8221; diye seslenmesine ra\u011fmen en az 3 g\u00fcvenlik g\u00f6revlisi taraf\u0131ndan salonun arka kap\u0131s\u0131ndan d\u0131\u015far\u0131 \u00e7\u0131kar\u0131ld\u0131.<\/p>\n\n\n\n<p>Sosyal medyaya da d\u00fc\u015fen g\u00f6r\u00fcnt\u00fclerde, Padilla&#8217;n\u0131n salonun d\u0131\u015f\u0131nda g\u00f6revlilere, &#8220;Elinizi \u00fczerimden \u00e7ekin&#8221; diyerek ba\u011f\u0131rd\u0131\u011f\u0131 ve ellerini havaya kald\u0131rmas\u0131na ra\u011fmen arkas\u0131ndan itilerek uzakla\u015ft\u0131r\u0131ld\u0131\u011f\u0131 g\u00f6r\u00fcld\u00fc. Padilla&#8217;ya daha sonra ters kelep\u00e7e tak\u0131ld\u0131.<\/p>\n\n\n\n<p>PADILLA&#8217;DAN \u0130LK A\u00c7IKLAMA: BU Y\u00d6NET\u0130M\u0130 SORUMLU TUTACA\u011eIZ<\/p>\n\n\n\n<p>Salonda ya\u015fananlar\u0131 anlatan ABD&#8217;li senat\u00f6r, Donald Trump y\u00f6netimini toplumun anayasal haklar\u0131na sayg\u0131 g\u00f6stermemekle su\u00e7lad\u0131.<\/p>\n\n\n\n<p>Padilla, &#8220;Orada bar\u0131\u015f\u00e7\u0131l bir \u015fekilde bulunuyordum. Bir noktada bir sorum vard\u0131 ve soruyu sormaya ba\u015flad\u0131m. Bir anda salondan zorla \u00e7\u0131kar\u0131ld\u0131m, yere yat\u0131r\u0131ld\u0131m ve kelep\u00e7elendim. E\u011fer bu y\u00f6netim bir senat\u00f6re sordu\u011fu soruya b\u00f6yle yan\u0131t veriyorsa, Los Angeles&#8217;ta, California&#8217;da ve \u00fclke genelinde \u00e7ift\u00e7ilere, a\u015f\u00e7\u0131lara, g\u00fcndelik i\u015f\u00e7ilere ne yapt\u0131klar\u0131n\u0131 hayal edebilirsiniz. Bu y\u00f6netimi sorumlu tutaca\u011f\u0131z&#8221; diye konu\u015ftu.<\/p>\n\n\n\n<p>Kendisine y\u00f6nelik bir g\u00f6zalt\u0131 ya da tutuklama i\u015fleminin olmad\u0131\u011f\u0131n\u0131 belirten Padilla, ya\u015fad\u0131klar\u0131n\u0131n kabul edilemez oldu\u011funu s\u00f6yledi.<\/p>\n\n\n\n<p>BAKAN NOEM, PAD\u0130LLA&#8217;YI O ANDA TANIMADIKLARINI SAVUNDU<\/p>\n\n\n\n<p>\u00d6te yandan Fox News kanal\u0131na konu\u015fan Bakan Noem, salona sivil k\u0131yafetle gelen Demokrat Senat\u00f6r\u00fc kimsenin o anda tan\u0131mad\u0131\u011f\u0131n\u0131 savundu.<\/p>\n\n\n\n<p>Noem, &#8220;Kimse salona girdi\u011finde onun kim oldu\u011funu bilmiyordu, olaylar olunca d\u0131\u015far\u0131 \u00e7\u0131kar\u0131ld\u0131 ve kelep\u00e7elendi, kimli\u011fi ortaya \u00e7\u0131k\u0131nca olay bitti&#8221; yorumunu yapt\u0131.<\/p>\n\n\n\n<p>DEMOKRATLARDAN Y\u00d6NET\u0130ME TEPK\u0130<\/p>\n\n\n\n<p>Di\u011fer yandan Demokratlar\u0131n senato az\u0131nl\u0131k lideri Chuck Schumer, olayla ilgili Senatoda bir a\u00e7\u0131klama yaparak Padilla&#8217;n\u0131n maruz kald\u0131\u011f\u0131 duruma sert tepki g\u00f6sterdi.<\/p>\n\n\n\n<p>Schumer, &#8220;Az \u00f6nce beni hasta eden bir \u015fey g\u00f6rd\u00fcm. Bir ABD senat\u00f6r\u00fcne yap\u0131lanlarla ilgili sorular\u0131m\u0131z\u0131 derhal cevaplaman\u0131za ihtiyac\u0131m\u0131z var&#8221; diyerek Cumhuriyet\u00e7i senato liderine seslendi.<\/p>\n","protected":false},"excerpt":{"rendered":"<p>ABD \u0130\u00e7 G\u00fcvenlik Bakan\u0131 Kristi Noem&#8217;in, Los&#46;&#46;&#46;<\/p>\n","protected":false},"author":3,"featured_media":7009,"comment_status":"open","ping_status":"open","sticky":false,"template":"","format":"standard","meta":{"footnotes":""},"categories":[11],"tags":[],"manset":[],"class_list":["post-7008","post","type-post","status-publish","format-standard","has-post-thumbnail","hentry","category-dunya"],"amp_enabled":true,"_links":{"self":[{"href":"https:\/\/kolektifmucadele1.org\/index.php\/wp-json\/wp\/v2\/posts\/7008","targetHints":{"allow":["GET"]}}],"collection":[{"href":"https:\/\/kolektifmucadele1.org\/index.php\/wp-json\/wp\/v2\/posts"}],"about":[{"href":"https:\/\/kolektifmucadele1.org\/index.php\/wp-json\/wp\/v2\/types\/post"}],"author":[{"embeddable":true,"href":"https:\/\/kolektifmucadele1.org\/index.php\/wp-json\/wp\/v2\/users\/3"}],"replies":[{"embeddable":true,"href":"https:\/\/kolektifmucadele1.org\/index.php\/wp-json\/wp\/v2\/comments?post=7008"}],"version-history":[{"count":1,"href":"https:\/\/kolektifmucadele1.org\/index.php\/wp-json\/wp\/v2\/posts\/7008\/revisions"}],"predecessor-version":[{"id":7010,"href":"https:\/\/kolektifmucadele1.org\/index.php\/wp-json\/wp\/v2\/posts\/7008\/revisions\/7010"}],"wp:featuredmedia":[{"embeddable":true,"href":"https:\/\/kolektifmucadele1.org\/index.php\/wp-json\/wp\/v2\/media\/7009"}],"wp:attachment":[{"href":"https:\/\/kolektifmucadele1.org\/index.php\/wp-json\/wp\/v2\/media?parent=7008"}],"wp:term":[{"taxonomy":"category","embeddable":true,"href":"https:\/\/kolektifmucadele1.org\/index.php\/wp-json\/wp\/v2\/categories?post=7008"},{"taxonomy":"post_tag","embeddable":true,"href":"https:\/\/kolektifmucadele1.org\/index.php\/wp-json\/wp\/v2\/tags?post=7008"},{"taxonomy":"manset","embeddable":true,"href":"https:\/\/kolektifmucadele1.org\/index.php\/wp-json\/wp\/v2\/manset?post=7008"}],"curies":[{"name":"wp","href":"https:\/\/api.w.org\/{rel}","templated":true}]}}