{"id":7133,"date":"2025-07-14T01:25:43","date_gmt":"2025-07-13T22:25:43","guid":{"rendered":"https:\/\/kolektifmucadele1.org\/?p=7133"},"modified":"2025-07-14T01:25:44","modified_gmt":"2025-07-13T22:25:44","slug":"odtu-mezuniyet-toreni-daha-tutuklanmamis-arkadaslarimizla-devrimde","status":"publish","type":"post","link":"https:\/\/kolektifmucadele1.org\/index.php\/2025\/07\/14\/odtu-mezuniyet-toreni-daha-tutuklanmamis-arkadaslarimizla-devrimde\/","title":{"rendered":"ODT\u00dc Mezuniyet T\u00f6reni: \u201cDaha tutuklanmam\u0131\u015f arkada\u015flar\u0131m\u0131zla Devrim\u2019de\u2026\u201d"},"content":{"rendered":"\n<p>ODT\u00dc Mezuniyet T\u00f6reni Devrim Stadyumu\u2019nda ba\u015flad\u0131. ODT\u00dc\u2019l\u00fcler t\u00f6rende Ekrem \u0130mamo\u011flu\u2019nun diplomas\u0131n\u0131n iptal edilmesine, belediyelere atanan kayyumlara, kayyum rekt\u00f6rlere, sosyal medya ve m\u00fczik yay\u0131n uygulamalar\u0131ndaki sans\u00fcre, keyfi tutuklamalara, yasaklara g\u00f6nderme yapan pankartlar\u0131yla y\u00fcr\u00fcd\u00fc.<\/p>\n\n\n\n<p>\u00d6\u011frenciler mezuniyet t\u00f6reni i\u00e7in yapt\u0131klar\u0131 temsili TOMA ile \u00fczerinde \u201cBu eme\u011fin kar\u015f\u0131l\u0131\u011f\u0131 dayak olmamal\u0131yd\u0131\u201d yaz\u0131l\u0131 pankart ta\u015f\u0131yan \u00f6\u011frenciye su s\u0131karak eylemlerdeki polis \u015fiddetine de dikkat \u00e7ekti.<\/p>\n\n\n\n<figure class=\"wp-block-image size-full\"><img loading=\"lazy\" decoding=\"async\" width=\"768\" height=\"576\" src=\"https:\/\/kolektifmucadele1.org\/wp-content\/uploads\/2025\/07\/odtu2.jpg\" alt=\"\" class=\"wp-image-7135\"\/><\/figure>\n\n\n\n<figure class=\"wp-block-image size-full\"><img loading=\"lazy\" decoding=\"async\" width=\"768\" height=\"576\" src=\"https:\/\/kolektifmucadele1.org\/wp-content\/uploads\/2025\/07\/odtu3.jpg\" alt=\"\" class=\"wp-image-7136\"\/><\/figure>\n<\/p>","protected":false},"excerpt":{"rendered":"<p>ODT\u00dc Mezuniyet T\u00f6reni Devrim Stadyumu\u2019nda ba\u015flad\u0131. ODT\u00dc\u2019l\u00fcler&#46;&#46;&#46;<\/p>\n","protected":false},"author":3,"featured_media":7134,"comment_status":"open","ping_status":"open","sticky":false,"template":"","format":"standard","meta":{"footnotes":""},"categories":[5],"tags":[],"manset":[],"class_list":["post-7133","post","type-post","status-publish","format-standard","has-post-thumbnail","hentry","category-etkinlikler"],"amp_enabled":true,"_links":{"self":[{"href":"https:\/\/kolektifmucadele1.org\/index.php\/wp-json\/wp\/v2\/posts\/7133","targetHints":{"allow":["GET"]}}],"collection":[{"href":"https:\/\/kolektifmucadele1.org\/index.php\/wp-json\/wp\/v2\/posts"}],"about":[{"href":"https:\/\/kolektifmucadele1.org\/index.php\/wp-json\/wp\/v2\/types\/post"}],"author":[{"embeddable":true,"href":"https:\/\/kolektifmucadele1.org\/index.php\/wp-json\/wp\/v2\/users\/3"}],"replies":[{"embeddable":true,"href":"https:\/\/kolektifmucadele1.org\/index.php\/wp-json\/wp\/v2\/comments?post=7133"}],"version-history":[{"count":1,"href":"https:\/\/kolektifmucadele1.org\/index.php\/wp-json\/wp\/v2\/posts\/7133\/revisions"}],"predecessor-version":[{"id":7137,"href":"https:\/\/kolektifmucadele1.org\/index.php\/wp-json\/wp\/v2\/posts\/7133\/revisions\/7137"}],"wp:featuredmedia":[{"embeddable":true,"href":"https:\/\/kolektifmucadele1.org\/index.php\/wp-json\/wp\/v2\/media\/7134"}],"wp:attachment":[{"href":"https:\/\/kolektifmucadele1.org\/index.php\/wp-json\/wp\/v2\/media?parent=7133"}],"wp:term":[{"taxonomy":"category","embeddable":true,"href":"https:\/\/kolektifmucadele1.org\/index.php\/wp-json\/wp\/v2\/categories?post=7133"},{"taxonomy":"post_tag","embeddable":true,"href":"https:\/\/kolektifmucadele1.org\/index.php\/wp-json\/wp\/v2\/tags?post=7133"},{"taxonomy":"manset","embeddable":true,"href":"https:\/\/kolektifmucadele1.org\/index.php\/wp-json\/wp\/v2\/manset?post=7133"}],"curies":[{"name":"wp","href":"https:\/\/api.w.org\/{rel}","templated":true}]}}