{"id":7690,"date":"2025-10-28T01:59:13","date_gmt":"2025-10-27T22:59:13","guid":{"rendered":"https:\/\/kolektifmucadele1.org\/?p=7690"},"modified":"2026-02-05T17:20:57","modified_gmt":"2026-02-05T14:20:57","slug":"universiteliler-hacettepe-icin-sokakta-universiteler-fasizme-mezar-olacak","status":"publish","type":"post","link":"https:\/\/kolektifmucadele1.org\/index.php\/2025\/10\/28\/universiteliler-hacettepe-icin-sokakta-universiteler-fasizme-mezar-olacak\/","title":{"rendered":"\u00fcniversiteliler Hacettepe i\u00e7in sokakta: \u201c\u00dcniversiteler fa\u015fizme mezar olacak\u201d"},"content":{"rendered":"\n<p>Hacettepe \u00dcniversitesi\u2019nde fa\u015fist \u00e7etelerin provokasyonu, devrimci ve yurtsever \u00f6\u011frenciler taraf\u0131ndan kararl\u0131l\u0131kla p\u00fcsk\u00fcrt\u00fcld\u00fc. Fa\u015fistlerin kamp\u00fcste bar\u0131nmas\u0131na izin vermeyen \u00fcniversitelilere, bu kez polis sald\u0131rd\u0131. Ayn\u0131 anda kamp\u00fcs\u00fcn farkl\u0131 noktalar\u0131nda pusu kuran fa\u015fistler, polisle e\u015fzamanl\u0131 sald\u0131r\u0131ya ge\u00e7ti; palalarla \u00f6\u011frencilerin \u00fczerine y\u00fcr\u00fcd\u00fc. Bir \u00f6\u011frenci ba\u015f\u0131ndan a\u011f\u0131r yaraland\u0131, \u00e7ok say\u0131da \u00f6\u011frenci g\u00f6zalt\u0131na al\u0131nd\u0131.<\/p>\n\n\n\n<p>Fa\u015fistlerin sald\u0131r\u0131s\u0131yla yaralanan \u00f6\u011frenciler, tedavi g\u00f6rd\u00fckleri Bilkent \u015eehir Hastanesi\u2019nden dahi polis zoruyla ifadeye g\u00f6t\u00fcr\u00fcld\u00fc. Bu hukuksuzlu\u011fa tepki g\u00f6steren \u00f6\u011frenciler ve dayan\u0131\u015fma i\u00e7in gelenler ise hastane bah\u00e7esinde polis taraf\u0131ndan darp edilerek g\u00f6zalt\u0131na al\u0131nd\u0131.<\/p>\n\n\n\n<p>Ya\u015fanan sald\u0131r\u0131, yaln\u0131zca Hacettepe\u2019ye de\u011fil; \u00fcniversitelerin \u00f6zg\u00fcr, bilimsel ve demokratik gelece\u011fine y\u00f6neliktir. Ancak bu sald\u0131r\u0131 kar\u015f\u0131s\u0131nda \u00fcniversite gen\u00e7li\u011fi geri ad\u0131m atm\u0131yor!<\/p>\n\n\n\n<p>\u0130stanbul ve \u0130zmir\u2019de \u00f6\u011frenciler, s\u0131ra arkada\u015flar\u0131n\u0131n m\u00fccadelesine sahip \u00e7\u0131kmak i\u00e7in alanlara ciktilar. Kad\u0131k\u00f6y\u2019de ve Bornova\u2019da bir araya gelen gen\u00e7lik \u00f6rg\u00fctleri, Ankara\u2019daki sald\u0131r\u0131n\u0131n tesad\u00fcf olmad\u0131\u011f\u0131n\u0131, sermaye d\u00fczeninin ve gerici iktidar\u0131n sistemli bir bask\u0131 politikas\u0131n\u0131n \u00fcr\u00fcn\u00fc oldu\u011funu vurgulad\u0131.<\/p>\n\n\n\n<p>\u00dcniversiteliler ne fa\u015fist \u00e7etelere, ne kayyum rekt\u00f6rl\u00fcklere, ne de onlar\u0131n bek\u00e7isi polislere boyun e\u011fecek!<\/p>\n","protected":false},"excerpt":{"rendered":"<p>Hacettepe \u00dcniversitesi\u2019nde fa\u015fist \u00e7etelerin provokasyonu, devrimci ve&#46;&#46;&#46;<\/p>\n","protected":false},"author":3,"featured_media":7691,"comment_status":"closed","ping_status":"closed","sticky":false,"template":"","format":"standard","meta":{"footnotes":""},"categories":[54,29],"tags":[],"manset":[],"class_list":["post-7690","post","type-post","status-publish","format-standard","has-post-thumbnail","hentry","category-genclik","category-manset"],"amp_enabled":true,"_links":{"self":[{"href":"https:\/\/kolektifmucadele1.org\/index.php\/wp-json\/wp\/v2\/posts\/7690","targetHints":{"allow":["GET"]}}],"collection":[{"href":"https:\/\/kolektifmucadele1.org\/index.php\/wp-json\/wp\/v2\/posts"}],"about":[{"href":"https:\/\/kolektifmucadele1.org\/index.php\/wp-json\/wp\/v2\/types\/post"}],"author":[{"embeddable":true,"href":"https:\/\/kolektifmucadele1.org\/index.php\/wp-json\/wp\/v2\/users\/3"}],"replies":[{"embeddable":true,"href":"https:\/\/kolektifmucadele1.org\/index.php\/wp-json\/wp\/v2\/comments?post=7690"}],"version-history":[{"count":1,"href":"https:\/\/kolektifmucadele1.org\/index.php\/wp-json\/wp\/v2\/posts\/7690\/revisions"}],"predecessor-version":[{"id":7692,"href":"https:\/\/kolektifmucadele1.org\/index.php\/wp-json\/wp\/v2\/posts\/7690\/revisions\/7692"}],"wp:featuredmedia":[{"embeddable":true,"href":"https:\/\/kolektifmucadele1.org\/index.php\/wp-json\/wp\/v2\/media\/7691"}],"wp:attachment":[{"href":"https:\/\/kolektifmucadele1.org\/index.php\/wp-json\/wp\/v2\/media?parent=7690"}],"wp:term":[{"taxonomy":"category","embeddable":true,"href":"https:\/\/kolektifmucadele1.org\/index.php\/wp-json\/wp\/v2\/categories?post=7690"},{"taxonomy":"post_tag","embeddable":true,"href":"https:\/\/kolektifmucadele1.org\/index.php\/wp-json\/wp\/v2\/tags?post=7690"},{"taxonomy":"manset","embeddable":true,"href":"https:\/\/kolektifmucadele1.org\/index.php\/wp-json\/wp\/v2\/manset?post=7690"}],"curies":[{"name":"wp","href":"https:\/\/api.w.org\/{rel}","templated":true}]}}