{"id":824,"date":"2023-02-27T07:16:05","date_gmt":"2023-02-27T04:16:05","guid":{"rendered":"https:\/\/kolektifmucadele.org\/2023\/02\/27\/halkimiz-can-derdindebhirsizlar-yagma-pesinde\/"},"modified":"2023-02-27T07:16:05","modified_gmt":"2023-02-27T04:16:05","slug":"halkimiz-can-derdindebhirsizlar-yagma-pesinde","status":"publish","type":"post","link":"https:\/\/kolektifmucadele1.org\/index.php\/2023\/02\/27\/halkimiz-can-derdindebhirsizlar-yagma-pesinde\/","title":{"rendered":"HALKIMIZ CAN DERD\u0130NDE HIRSIZLAR YA\u011eMA PE\u015e\u0130NDE"},"content":{"rendered":"\n<p>Halk\u0131m\u0131z can derdinde h\u0131rs\u0131zlar ya\u011fma pe\u015finde\u2026<\/p>\n\n\n\n<p>\u201cYiyin efendiler yiyin,<br \/>Doyunca, t\u0131ks\u0131r\u0131nca, \u00e7atlay\u0131ncaya kadar yiyin!\u201d<\/p>\n\n\n\n<p>Yiyin sonunuz yakla\u015f\u0131yor, yiyin \u00f6fke cesarete, cesaret sonunuz haz\u0131rl\u0131yor\u2026<\/p>\n\n\n\n<p>\u015eehirler yerle bir oldu, insanlar\u0131m\u0131z enkaz alt\u0131nda inleye inleye, so\u011fukta, a\u00e7l\u0131kla \u00f6l\u00fcm\u00fc bekledi. Enkazlardan \u00e7\u0131kabilenler \u00e7aresizlikle t\u0131rnaklar\u0131yla enkazlar\u0131 kaz\u0131d\u0131 sevdiklerine, kom\u015fular\u0131na ula\u015fmak i\u00e7in..<\/p>\n\n\n\n<p>Ama siz h\u0131rs\u0131zlar, katiller, kendinize devlet dedi\u011finiz o koku\u015fmu\u015flu\u011funuzla ortal\u0131kta yoktunuz. Ortaya \u00e7\u0131kt\u0131\u011f\u0131n\u0131zda ise bask\u0131 ter\u00f6r\u00fcyle \u00e7\u0131kt\u0131n\u0131z.<\/p>\n\n\n\n<p>\u0130nsanlar\u0131m\u0131z yek v\u00fccut ac\u0131lar\u0131 payla\u015f\u0131rken, her yanda feryatlar y\u00fckselirken siz rant hesab\u0131 yapt\u0131n\u0131z, h\u0131rs\u0131zl\u0131klar\u0131n\u0131za devam etiniz.<\/p>\n\n\n\n<p>Halk\u0131m\u0131z\u0131n \u00f6z dayan\u0131\u015fmas\u0131na sald\u0131rd\u0131n\u0131z. Feryat figan i\u00e7inde insanlar\u0131m\u0131za giden yard\u0131mlar\u0131 ya\u011fmalad\u0131n\u0131z, kurumlara kayyum atad\u0131n\u0131z.<\/p>\n\n\n\n<p>Her yanda \u201cdevlet nerde\u201d feryatlar\u0131 y\u00fckselirken i\u015fte siz hesaplarla h\u0131rs\u0131zl\u0131k pe\u015findeydiniz.<\/p>\n\n\n\n<p>B\u00f6yle durumlar i\u00e7in olu\u015fturulan ve tamam\u0131yla halk\u0131n vergileri, ba\u011f\u0131\u015f ve eme\u011fiyle olu\u015fan sizin rant haline d\u00f6n\u00fc\u015ft\u00fcrd\u00fc\u011f\u00fcn\u00fcz K\u0131z\u0131lay nerde diyenlere k\u00fcf\u00fcrler, hakaretler ya\u011fd\u0131ran, h\u0131rs\u0131zlar\u0131n ba\u015f\u0131 bu kurumu Emine ve Binali\u2019siyle payla\u015fma kavgas\u0131ndayd\u0131. Ortaya \u00e7\u0131kt\u0131 ki sadece o da de\u011filmi\u015f. Ortal\u0131kta olmayan K\u0131z\u0131lay elindeki \u00e7ad\u0131rlar\u0131 satarak rant sa\u011flama pe\u015findeymi\u015f. Hani depremi f\u0131rsat bilen soysuzlar var ya, kiralar\u0131 iki kat\u0131na \u00e7\u0131karan, g\u0131dalarda kat kat fiyat art\u0131ranlardan da beter oldu\u011funuz bir kez daha ortal\u0131\u011fa serildi.<\/p>\n\n\n\n<p>Bizim ac\u0131lar\u0131m\u0131zdan rant sa\u011flamaya devam ediyorsunuz. Lokmam\u0131zdan kesti\u011finiz deprem vergilerini \u00e7ald\u0131n\u0131z. \u0130\u015fte depremde ortal\u0131kta olmayan K\u0131z\u0131lay\u2019\u0131n nerde oldu\u011fu ortaya \u00e7\u0131kt\u0131. Binali ve Emine k\u0131z\u0131l ay i\u00e7in i\u00e7inde olduklar\u0131 rant\u0131 payla\u015fma kavgalar\u0131 ve \u00e7ad\u0131rlar\u0131 satmakla me\u015fgulm\u00fc\u015fler.&nbsp;<\/p>\n\n\n\n<p>G\u00fcnlerdir \u00e7ad\u0131r bekleyen, sokaklarda kalan insanlar\u0131m\u0131za ay\u0131t olan \u00e7ad\u0131rlar\u0131 sat\u0131yorlarm\u0131\u015f\u2026<\/p>\n\n\n\n<p>\u00c7ad\u0131r fabrikalar\u0131 oldu\u011fu halde depremzedelerin \u00e7ad\u0131r ihtiyac\u0131n\u0131 kar\u015f\u0131lamayanlar, ilk g\u00fcnden beri yard\u0131m faaliyeti y\u00fcr\u00fcten Ahbap&#8217;a depremin \u00fc\u00e7\u00fcnc\u00fc g\u00fcn\u00fc 46 milyon TL kar\u015f\u0131l\u0131\u011f\u0131nda \u00e7ad\u0131r satm\u0131\u015f. Bununlada yetinmemi\u015fler, deprem b\u00f6lgesine giden T\u00fcrk Eczac\u0131lar Birli\u011fine de \u00e7ad\u0131r temin etmesi gerekirken parayla satm\u0131\u015flar.<\/p>\n\n\n\n<p>\u201cBiz o ak\u015fam herkes can derdinde so\u011fuktan donarken \u2018Bu \u00e7ad\u0131rlar\u0131 sat\u0131n almal\u0131 m\u0131y\u0131z ya da almamal\u0131 m\u0131y\u0131z?\u2019 l\u00fcks\u00fcne sahip de\u011fildik olamazd\u0131k da. Ve sat\u0131n al\u0131p b\u00f6lgeye g\u00f6nderdik. Yapt\u0131\u011f\u0131m\u0131z her i\u015flem kanuni ve do\u011fru. Sonra \u00f6\u011frendik. K\u0131z\u0131lay \u00c7ad\u0131r ve Tekstil A.\u015e. K\u0131z\u0131lay\u2019\u0131n alt i\u015ftiraki olan t\u00fczel ki\u015filikmi\u015f. \u201c ( Haluk Levent )<\/p>\n\n\n\n<p>Evet bunlar hissizli\u011fin \u00f6tesinde, hi\u00e7bir onurlar\u0131, insan denecek zere kadar bir yanlar\u0131 olmayan asalaklard\u0131r. Depremin ard\u0131ndan depremzedelere do\u011frudan \u00e7ad\u0131r temin etmekle y\u00fck\u00fcml\u00fc olan bu kurumu babalar\u0131n\u0131n \u00e7iftli\u011fine \u00e7evirenler, bununla da yetinmeyip payla\u015famad\u0131klar\u0131 i\u00e7in birbirine d\u00fc\u015fm\u00fc\u015f katiller s\u00fcr\u00fcleri.&nbsp;<\/p>\n\n\n\n<p>\u0130nsanlar\u0131m\u0131z ya\u015fam m\u00fccadelesi verirken onlar da\u011f\u0131tmalar\u0131 gereken \u00e7ad\u0131rlar\u0131 satma pazarl\u0131\u011f\u0131 pe\u015fine d\u00fc\u015fm\u00fc\u015fler.<\/p>\n\n\n\n<p>Bu kadar da de\u011fil, \u00fclke d\u0131\u015f\u0131nda deprem nedeniyle yard\u0131m olarak yollanan \u00e7ad\u0131rlar\u0131 da da\u011f\u0131t\u0131lmay\u0131p depolara saklanan \u00e7ad\u0131rlar AFAD logosu yap\u0131\u015ft\u0131r\u0131lmak i\u00e7in bekletiliyormu\u015f.&nbsp;<\/p>\n\n\n\n<p>Bunla da bitmiyor, bu h\u0131rs\u0131zlar\u0131n \u00e7abalar\u0131, yard\u0131m ve kurtarmada olmayan ve geldi\u011finde de i\u015fi g\u00fcc\u00fc kurtarma \u00e7al\u0131\u015fmas\u0131 yapan ekipleri engelleyen AFAD ve her \u015fey AFAD \u00fczerinde olacak deyip kayyumlar atayanlar daha b\u00fcy\u00fck rantlar pe\u015findeymi\u015fler.<\/p>\n\n\n\n<p>Enkazlar alt\u0131nda daha binlerce insan\u0131m\u0131z varken onlar tela\u015fla enkazlar\u0131 kald\u0131rma derdine d\u00fc\u015ft\u00fcler. \u0130nsanlar\u0131m\u0131z\u0131n yak\u0131nlar\u0131n\u0131n feryat figanlar\u0131 aras\u0131nda, e\u015finin, dostunun cenazesini almas\u0131n\u0131 dahi \u00e7ok g\u00f6rd\u00fcler. Kep\u00e7eleri enkaza sokup insanlar\u0131m\u0131z\u0131n bedenlerini par\u00e7alad\u0131lar, maloz muamelesi yap\u0131p malozlara g\u00f6md\u00fcler\u2026<\/p>\n\n\n\n<p>\u0130nsanlar\u0131m\u0131z enkazlar alt\u0131ndayken onlar enkazlar\u0131n\u0131 ba\u015f\u0131nda ihale pazarl\u0131\u011f\u0131na ba\u015flad\u0131lar ve yapt\u0131lar. TOK\u0130, \u00fc\u00e7 g\u00fcn i\u00e7inde Kahramanmara\u015f, Hatay, Gaziantep, Ad\u0131yaman, Adana ve Kilis\u2019te sekiz ihale yapt\u0131. T\u00fcm ihaleler kapal\u0131 kap\u0131lar ard\u0131nda yap\u0131ld\u0131. Yani yanda\u015fa ranta d\u00f6n\u00fc\u015ft\u00fcr\u00fcld\u00fc, tabi yanda\u015fla birlikte aslan pay\u0131n\u0131 kendisine alarak\u2026&nbsp;<\/p>\n\n\n\n<p>Tela\u015flar\u0131 vard\u0131, tepkiler giderek y\u00fckseliyor, onlar bir an \u00f6nce daha \u00e7ok \u00e7almak i\u00e7in acele etmeliydiler. Daha cenazeler kalkmadan depremler devam ederken yeni konutlar\u0131 in\u015faa ihaleleri \u00e7oktan yapt\u0131lar. Onlar i\u00e7in tek \u00f6nemli nokta, doymaz egolar\u0131n\u0131 tatmin etmek ve daha \u00e7ok \u00e7almakt\u0131r\u2026<\/p>\n\n\n\n<p>&nbsp;Evet beyler \u00e7al\u0131n, \u00e7\u0131rp\u0131n \u00fclkeyi ya\u011fmalaman\u0131z yetmedi size. \u015eimdi deprem ve onun yaratt\u0131\u011f\u0131 y\u0131k\u0131m \u00fczerinde, ac\u0131lar\u0131m\u0131z ve \u00f6l\u00fclerimiz \u00fczerinde \u00e7oktan ba\u015flad\u0131n\u0131z ya\u011fmaya\u2026<\/p>\n\n\n\n<p>\u00c7\u00f6kmeye ba\u015flad\u0131n\u0131z, o sap\u0131k tarikatlar\u0131n\u0131za ve fetva veren sap\u0131k diyanet ba\u015fkan\u0131zla \u00e7ocuklar\u0131m\u0131z \u00fczerinden hesap yapmayan\u0131, \u00e7ocuklar\u0131m\u0131za uzanan ellerinizi kiracagiz \u2026<\/p>\n\n\n\n<p>Ama sak\u0131n unutmay\u0131n, siz ya\u011fma, \u00e7alma, \u00e7\u0131rpma derdindeyken \u00f6fke b\u00fcy\u00fcyor. \u00d6fke kap\u0131n\u0131za do\u011fru sel olup akmak i\u00e7inin damla damla birikiyor.&nbsp;<\/p>\n\n\n\n<p>Halk\u0131m\u0131z \u201cnerde bu devlet\u201d diye feryat ediyorsunuz ya, i\u015fte devlet bunlar\u0131n pe\u015finde sizlerin ya\u015famlar\u0131, ac\u0131lar\u0131n\u0131z \u00fczerinden ya\u011fma, h\u0131rs\u0131zl\u0131k derdindeler.<\/p>\n\n\n\n<p>\u015eimdi umutsuzlu\u011fu de\u011fil, umudu b\u00fcy\u00fctece\u011fiz hep birlikte ve onlar\u0131 lay\u0131k olduklar\u0131 tarihin \u00e7\u00f6pl\u00fc\u011f\u00fcne g\u00f6melim\u2026<\/p>\n\n\n\n<p>Ve siz h\u0131rs\u0131zlar, kan emiciler, unutmay\u0131n korkuyla teslim almak istedi\u011finiz insanlar korkuyu yok ediyor.<\/p>\n\n\n\n<p>Siz korkun beyler korkun cesaret bula\u015f\u0131c\u0131d\u0131r.<\/p>\n\n\n\n<p>Korkun \u00e7\u00fcnk\u00fc bu koku\u015fmu\u015f sisteminizi sizinle birlikte g\u00f6mmeye geliyoruz\u2026<\/p>\n\n\n\n<p>Hakim s\u0131n\u0131flar ve onlar\u0131n i\u015fbirlik\u00e7ileri; Korkun, biz \u00e7ok iyi biliyoruz ki, bu koku\u015fmu\u015fluk sadece AKP-MHP \u00e7etelerinin de\u011fil bir b\u00fct\u00fcn sizin bu fa\u015fist sisteminizdir\u2026<\/p>\n\n\n\n<p>26 \u015eubat 2023<\/p>\n","protected":false},"excerpt":{"rendered":"<p>Halk\u0131m\u0131z can derdinde h\u0131rs\u0131zlar ya\u011fma pe\u015finde\u2026 \u201cYiyin&#46;&#46;&#46;<\/p>\n","protected":false},"author":1,"featured_media":823,"comment_status":"closed","ping_status":"open","sticky":false,"template":"","format":"standard","meta":{"footnotes":""},"categories":[7],"tags":[],"manset":[],"class_list":["post-824","post","type-post","status-publish","format-standard","has-post-thumbnail","hentry","category-makaleler"],"amp_enabled":true,"_links":{"self":[{"href":"https:\/\/kolektifmucadele1.org\/index.php\/wp-json\/wp\/v2\/posts\/824","targetHints":{"allow":["GET"]}}],"collection":[{"href":"https:\/\/kolektifmucadele1.org\/index.php\/wp-json\/wp\/v2\/posts"}],"about":[{"href":"https:\/\/kolektifmucadele1.org\/index.php\/wp-json\/wp\/v2\/types\/post"}],"author":[{"embeddable":true,"href":"https:\/\/kolektifmucadele1.org\/index.php\/wp-json\/wp\/v2\/users\/1"}],"replies":[{"embeddable":true,"href":"https:\/\/kolektifmucadele1.org\/index.php\/wp-json\/wp\/v2\/comments?post=824"}],"version-history":[{"count":0,"href":"https:\/\/kolektifmucadele1.org\/index.php\/wp-json\/wp\/v2\/posts\/824\/revisions"}],"wp:featuredmedia":[{"embeddable":true,"href":"https:\/\/kolektifmucadele1.org\/index.php\/wp-json\/wp\/v2\/media\/823"}],"wp:attachment":[{"href":"https:\/\/kolektifmucadele1.org\/index.php\/wp-json\/wp\/v2\/media?parent=824"}],"wp:term":[{"taxonomy":"category","embeddable":true,"href":"https:\/\/kolektifmucadele1.org\/index.php\/wp-json\/wp\/v2\/categories?post=824"},{"taxonomy":"post_tag","embeddable":true,"href":"https:\/\/kolektifmucadele1.org\/index.php\/wp-json\/wp\/v2\/tags?post=824"},{"taxonomy":"manset","embeddable":true,"href":"https:\/\/kolektifmucadele1.org\/index.php\/wp-json\/wp\/v2\/manset?post=824"}],"curies":[{"name":"wp","href":"https:\/\/api.w.org\/{rel}","templated":true}]}}