{"id":9079,"date":"2026-03-09T20:57:02","date_gmt":"2026-03-09T17:57:02","guid":{"rendered":"https:\/\/kolektifmucadele1.org\/?p=9079"},"modified":"2026-03-09T20:57:03","modified_gmt":"2026-03-09T17:57:03","slug":"lubnan-cephesi-emperyalist-savasin-yeni-esigi-semdin-simsir","status":"publish","type":"post","link":"https:\/\/kolektifmucadele1.org\/index.php\/2026\/03\/09\/lubnan-cephesi-emperyalist-savasin-yeni-esigi-semdin-simsir\/","title":{"rendered":"L\u00fcbnan Cephesi: Emperyalist Sava\u015f\u0131n Yeni E\u015fi\u011fi -\u015eemdin \u015eim\u015fir"},"content":{"rendered":"\n<p>Ortado\u011fu, bug\u00fcn yeni ve son derece tehlikeli bir sava\u015f evresine girmi\u015f bulunuyor. B\u00f6lgede ya\u015fanan gerilim art\u0131k yaln\u0131zca diplomatik krizler veya s\u0131n\u0131rl\u0131 askeri operasyonlarla s\u0131n\u0131rl\u0131 de\u011fil; emperyalist g\u00fc\u00e7ler ile b\u00f6lgesel akt\u00f6rler aras\u0131ndaki \u00e7eli\u015fkiler a\u00e7\u0131k bir sava\u015fa d\u00f6n\u00fc\u015ferek giderek derinle\u015fiyor.<\/p>\n\n\n\n<p>ABD ve Siyonist \u0130srail\u2019in \u0130ran\u2019a y\u00f6nelik sald\u0131r\u0131lar\u0131, Ortado\u011fu\u2019daki gerilimi do\u011frudan b\u00f6lgesel bir sava\u015fa ta\u015f\u0131d\u0131. B\u00f6lgenin farkl\u0131 noktalar\u0131nda e\u015f zamanl\u0131 olarak ger\u00e7ekle\u015fen askeri operasyonlar, suikastlar, ekonomik yapt\u0131r\u0131mlar ve diplomatik bask\u0131lar, mevcut \u00e7at\u0131\u015fmay\u0131 \u00e7ok daha geni\u015f bir b\u00f6lgesel kriz haline getirdi.<\/p>\n\n\n\n<p>Ortado\u011fu\u2019daki bu geli\u015fmeleri yaln\u0131zca g\u00fcncel askeri hareketliliklerle a\u00e7\u0131klamak m\u00fcmk\u00fcn de\u011fildir. B\u00f6lgedeki \u00e7at\u0131\u015fmalar, emperyalist sistemin Ortado\u011fu \u00fczerindeki tarihsel h\u00e2kimiyet m\u00fccadelesinin bir par\u00e7as\u0131d\u0131r. Enerji kaynaklar\u0131, ticaret yollar\u0131 ve jeostratejik ge\u00e7i\u015f hatlar\u0131 \u00fczerindeki denetim m\u00fccadelesi, b\u00f6lgedeki siyasal d\u00fczenin belirlenmesinde belirleyici bir rol oynamaktad\u0131r.<\/p>\n\n\n\n<p>Bu \u00e7er\u00e7evede Siyonist \u0130srail devleti yaln\u0131zca bir ulus-devlet olarak de\u011fil, ayn\u0131 zamanda emperyalist sistemin Ortado\u011fu\u2019daki ileri askeri ve stratejik karakolu olarak de\u011ferlendirilmelidir. \u0130srail\u2019in askeri doktrini ve b\u00f6lgesel m\u00fcdahaleleri, emperyalist d\u00fczenin b\u00f6lge \u00fczerindeki h\u00e2kimiyetini s\u00fcrd\u00fcrme ihtiyac\u0131n\u0131n bir uzant\u0131s\u0131d\u0131r.<\/p>\n\n\n\n<p>Gazze: Yerle\u015fimci S\u00f6m\u00fcrgecili\u011fin A\u00e7\u0131k Sava\u015f\u0131<\/p>\n\n\n\n<p>Gazze\u2019de ba\u015flayan sava\u015f yaln\u0131zca \u0130srail ile Filistin aras\u0131ndaki bir \u00e7at\u0131\u015fma de\u011fildir. Bu sava\u015f, Ortado\u011fu\u2019nun siyasal ve jeopolitik dengelerini yeniden \u015fekillendirmeyi hedefleyen daha geni\u015f bir stratejik m\u00fcdahalenin par\u00e7as\u0131d\u0131r. Ayn\u0131 zamanda bug\u00fcn ortaya \u00e7\u0131kan b\u00f6lgesel \u00e7at\u0131\u015fma dinamiklerinin de \u00f6n haz\u0131rl\u0131\u011f\u0131n\u0131 olu\u015fturmaktad\u0131r.<\/p>\n\n\n\n<p>Bu s\u00fcre\u00e7, Filistin halk\u0131n\u0131n ulusal varl\u0131\u011f\u0131 ile Siyonist yerle\u015fimci s\u00f6m\u00fcrgecilik projesi aras\u0131ndaki tarihsel \u00e7eli\u015fkinin yeni ve daha y\u0131k\u0131c\u0131 bir a\u015famaya girdi\u011fini g\u00f6stermektedir.<\/p>\n\n\n\n<p>\u0130srail\u2019in Gazze\u2019de y\u00fcr\u00fctt\u00fc\u011f\u00fc askeri operasyonlar yaln\u0131zca Filistin direni\u015fini bast\u0131rmay\u0131 de\u011fil, Filistin toplumunun siyasal ve toplumsal varl\u0131\u011f\u0131n\u0131 par\u00e7alamay\u0131 hedefleyen kapsaml\u0131 bir y\u0131k\u0131m stratejisini i\u00e7ermektedir. Yo\u011fun hava bombard\u0131manlar\u0131, kara operasyonlar\u0131, altyap\u0131n\u0131n sistematik bi\u00e7imde hedef al\u0131nmas\u0131 ve sivil n\u00fcfusun zorla yerinden edilmesi, sava\u015f\u0131n karakterinin yaln\u0131zca askeri bir \u00e7at\u0131\u015fma olmad\u0131\u011f\u0131n\u0131 a\u00e7\u0131k\u00e7a g\u00f6stermektedir.<\/p>\n\n\n\n<p>Hastanelerin, okullar\u0131n, su ve enerji altyap\u0131s\u0131n\u0131n hedef al\u0131nmas\u0131; yerle\u015fim alanlar\u0131n\u0131n sistematik bi\u00e7imde yok edilmesi, Gazze\u2019de y\u00fcr\u00fct\u00fclen sava\u015f\u0131n kolektif cezaland\u0131rma ve toplumsal y\u0131k\u0131m stratejisi temelinde s\u00fcrd\u00fcr\u00fcld\u00fc\u011f\u00fcn\u00fc ortaya koymaktad\u0131r.<\/p>\n\n\n\n<p>Filistin\u2019de ya\u015fanan \u00e7at\u0131\u015fma, klasik s\u00f6m\u00fcrgecilikten farkl\u0131 olarak yerle\u015fimci kolonyalizm modelinin karakteristik \u00f6zelliklerini ta\u015f\u0131maktad\u0131r. Bu modelde ama\u00e7 yaln\u0131zca bir b\u00f6lgeyi kontrol etmek de\u011fil, yerli n\u00fcfusu tasfiye ederek onun yerine yeni bir yerle\u015fimci toplum in\u015fa etmektir.<\/p>\n\n\n\n<p>Bu nedenle Filistin meselesi yaln\u0131zca ulusal bir \u00e7at\u0131\u015fma de\u011fil; ayn\u0131 zamanda yerle\u015fimci s\u00f6m\u00fcrgecili\u011fe kar\u015f\u0131 y\u00fcr\u00fct\u00fclen bir ulusal kurtulu\u015f m\u00fccadelesidir.<\/p>\n\n\n\n<p>L\u00fcbnan Cephesinin A\u00e7\u0131lmas\u0131<\/p>\n\n\n\n<p>Gazze sava\u015f\u0131n\u0131n ilerleyen a\u015famalar\u0131nda L\u00fcbnan sahas\u0131 yeniden b\u00f6lgesel \u00e7at\u0131\u015fman\u0131n merkezlerinden biri haline gelmi\u015ftir.<\/p>\n\n\n\n<p>Filistin direni\u015finin b\u00f6lgesel destek hatlar\u0131ndan biri olan L\u00fcbnan, \u0130srail a\u00e7\u0131s\u0131ndan her zaman stratejik bir hedef olmu\u015ftur. Hizbullah\u2019\u0131n \u0130srail\u2019in kuzey s\u0131n\u0131r\u0131nda askeri bask\u0131y\u0131 art\u0131rmas\u0131, \u0130srail a\u00e7\u0131s\u0131ndan uzun s\u00fcredir var olan bir g\u00fcvenlik sorununu yeniden g\u00fcndeme ta\u015f\u0131m\u0131\u015f, bunun sonucunda Hizbullah\u2019a y\u00f6nelik \u00e7ok y\u00f6nl\u00fc bir bask\u0131 politikas\u0131 devreye sokulmu\u015ftur.<\/p>\n\n\n\n<p>Bu bask\u0131 yaln\u0131zca askeri operasyonlarla s\u0131n\u0131rl\u0131 de\u011fildir. ABD ve Bat\u0131l\u0131 devletler taraf\u0131ndan uygulanan yapt\u0131r\u0131mlar, finansal k\u0131s\u0131tlamalar ve hedefli suikast operasyonlar\u0131 Hizbullah\u2019\u0131n askeri ve mali kapasitesini zay\u0131flatmay\u0131 ama\u00e7lam\u0131\u015ft\u0131r.<\/p>\n\n\n\n<p>Bu s\u00fcre\u00e7 ayn\u0131 zamanda \u0130ran\u2019a y\u00f6nelik bug\u00fcn ba\u015flat\u0131lan sald\u0131r\u0131 \u00f6ncesi daha geni\u015f bir stratejik ku\u015fatma politikas\u0131n\u0131n par\u00e7as\u0131 olarak da de\u011ferlendirilebilir.<\/p>\n\n\n\n<p>L\u00fcbnan\u2019\u0131n K\u0131r\u0131lgan Siyasal Yap\u0131s\u0131<\/p>\n\n\n\n<p>L\u00fcbnan\u2019daki siyasal sistem mezhepsel g\u00fc\u00e7 payla\u015f\u0131m\u0131na dayal\u0131 bir yap\u0131 \u00fczerine kuruludur. Bu durum, devlet otoritesinin \u00fclke genelinde g\u00fc\u00e7l\u00fc ve merkezi bir bi\u00e7imde kurulmas\u0131n\u0131 zorla\u015ft\u0131rmaktad\u0131r.<\/p>\n\n\n\n<p>Ekonomik kriz, bankac\u0131l\u0131k sisteminin \u00e7\u00f6k\u00fc\u015f\u00fc, y\u00fcksek enflasyon ve yayg\u0131n yoksulla\u015fma L\u00fcbnan toplumunda derin bir toplumsal k\u0131r\u0131lganl\u0131k yaratm\u0131\u015ft\u0131r.<\/p>\n\n\n\n<p>Bu ko\u015fullar, d\u0131\u015f m\u00fcdahalelerin \u00fclke i\u00e7indeki siyasal fay hatlar\u0131n\u0131 kullanmas\u0131n\u0131 kolayla\u015ft\u0131rmaktad\u0131r.<\/p>\n\n\n\n<p>L\u00fcbnan ordusunun Hizbullah ile do\u011frudan bir \u00e7at\u0131\u015fmaya girmesi ise \u00fclke i\u00e7inde yeni bir i\u00e7 sava\u015f riskini beraberinde getirebilir. Bu nedenle L\u00fcbnan y\u00f6netimi, uluslararas\u0131 bask\u0131 ile i\u00e7 siyasal dengeler aras\u0131nda son derece k\u0131r\u0131lgan bir denge kurmaya \u00e7al\u0131\u015fmaktad\u0131r.<\/p>\n\n\n\n<p>ABD\u2013Siyonist \u0130srail\u2019in \u0130ran\u2019a Sald\u0131r\u0131s\u0131 ve L\u00fcbnan\u2019\u0131n Yeni Bir Cepheye D\u00f6n\u00fc\u015fmesi<\/p>\n\n\n\n<p>\u0130ran\u2019a y\u00f6nelik sald\u0131r\u0131lar\u0131n ard\u0131ndan \u0130srail\u2019in L\u00fcbnan\u2019a y\u00f6nelmesi, b\u00f6lgedeki \u00e7at\u0131\u015fman\u0131n geni\u015fleme e\u011filimini g\u00fc\u00e7lendirmi\u015ftir.<\/p>\n\n\n\n<p>Bekaa Vadisi ve Beyrut\u2019un g\u00fcney banliy\u00f6leri \u0130srail hava sald\u0131r\u0131lar\u0131n\u0131n yo\u011funla\u015ft\u0131\u011f\u0131 b\u00f6lgeler haline gelmi\u015ftir. Bu sald\u0131r\u0131lar yaln\u0131zca askeri hedefleri de\u011fil, sivil altyap\u0131y\u0131 ve yerle\u015fim alanlar\u0131n\u0131 da etkilemektedir.<\/p>\n\n\n\n<p>\u0130srail ordusu ayn\u0131 zamanda G\u00fcney L\u00fcbnan\u2019da kara operasyonlar\u0131 ger\u00e7ekle\u015ftirerek fiili kontrol alanlar\u0131 olu\u015fturmay\u0131 hedeflemektedir. Bu strateji, \u0130srail\u2019in ge\u00e7mi\u015fte uygulad\u0131\u011f\u0131 \u201cg\u00fcvenlik ku\u015fa\u011f\u0131\u201d modelini yeniden devreye sokma giri\u015fimi olarak de\u011ferlendirilmemelidir sadece.<\/p>\n\n\n\n<p>ABD\u2019nin T\u00fcrkiye B\u00fcy\u00fckel\u00e7isi ve ayn\u0131 zamanda Suriye \u00d6zel Temsilcisi olan Tom Barrack\u2019\u0131n Ortado\u011fu\u2019daki devlet yap\u0131lar\u0131 hakk\u0131nda zaman zaman g\u00fcndeme getirdi\u011fi tart\u0131\u015fma ve a\u00e7\u0131klamalar; \u201cG\u00fc\u00e7l\u00fc ulus-devletler b\u00f6lgede tehdit olu\u015fturmaktad\u0131r; \u00f6zellikle Arap ulus-devletleri \u0130srail i\u00e7in tehdittir\u201d ba\u011flam\u0131nda ele al\u0131nd\u0131\u011f\u0131nda, b\u00f6lgede yeni siyasal d\u00fczen aray\u0131\u015flar\u0131n\u0131n s\u00fcrd\u00fc\u011f\u00fc g\u00f6r\u00fclmektedir.<\/p>\n\n\n\n<p>Keza devlet Bah\u00e7elinin; \u201cSuriye\u2013L\u00fcbnan birle\u015fmesi\u201d gibi tart\u0131\u015fmalar da bu ba\u011flamda de\u011ferlendirilmektedir. Bah\u00e7eli \u00fczerinde dilendirilenler son s\u00fcre\u00e7te T\u00fcrkiye\u2019ye ABD\u2019nin y\u00fckledi\u011fi yeni misyon ve bunun a\u00e7\u0131l\u0131m\u0131 ya da zeminin haz\u0131rlanmas\u0131n\u0131n Bah\u00e7eli \u00fczerinde yap\u0131ld\u0131\u011f\u0131n\u0131n sonucudur. Bu t\u00fcr s\u00f6ylemler, emperyalist g\u00fc\u00e7lerin ve Siyonist \u0130srail\u2019in B\u00fcy\u00fck Ortado\u011fu Projesi \u00e7er\u00e7evesinde, \u0130ran kar\u015f\u0131s\u0131nda ba\u015far\u0131 sa\u011flamalar\u0131 durumunda gelecekte \u015fekillendirmek istedikleri yeni Ortado\u011fu d\u00fczenine ve olas\u0131 s\u0131n\u0131r de\u011fi\u015fimlerine dair ipu\u00e7lar\u0131 olarak yorumlanmaktad\u0131r.<\/p>\n\n\n\n<p>Dolay\u0131s\u0131yla \u0130srail\u2019in bug\u00fcn \u0130ran\u2019la ya\u015fanan sava\u015f s\u00fcreciyle birlikte L\u00fcbnan\u2019a y\u00f6nelik askeri giri\u015fimlerini bu daha geni\u015f stratejik \u00e7er\u00e7eve i\u00e7inde de\u011ferlendirmek gerekmektedir.<\/p>\n\n\n\n<p>Bu fikirlerin tarihsel arka plan\u0131 ise Osmanl\u0131 \u0130mparatorlu\u011fu d\u00f6nemi, ard\u0131ndan gelen Frans\u0131z mandas\u0131 ve Birinci D\u00fcnya Sava\u015f\u0131 sonras\u0131nda Ortado\u011fu\u2019nun yeniden \u00e7izilmesi s\u00fcre\u00e7lerine kadar uzanmaktad\u0131r. Bu nedenle baz\u0131 tarih\u00e7iler ve siyaset\u00e7iler L\u00fcbnan\u2019\u0131 tarihsel olarak Suriye co\u011frafyas\u0131ndan kopar\u0131lan bir b\u00f6lge olarak de\u011ferlendirmektedir.<\/p>\n\n\n\n<p>L\u00fcbnan\u2019a d\u00f6necek olursak; bug\u00fcn \u0130ran\u2019a y\u00f6nelik sald\u0131r\u0131lar\u0131n ard\u0131ndan \u0130srail\u2019in L\u00fcbnan\u2019a y\u00f6nelik operasyonlar\u0131n\u0131n yaln\u0131zca Hizbullah ile s\u0131n\u0131rl\u0131 olmad\u0131\u011f\u0131 a\u00e7\u0131kt\u0131r. Bu operasyonlar ayn\u0131 zamanda \u0130ran\u2019\u0131n b\u00f6lgedeki destek g\u00fc\u00e7lerini ortadan kald\u0131rmay\u0131 hedeflemekle birlikte daha geni\u015f bir stratejik plan\u0131n par\u00e7as\u0131d\u0131r.<\/p>\n\n\n\n<p>B\u00f6lgesel Sava\u015f\u0131n E\u015fi\u011finde<\/p>\n\n\n\n<p>Mevcut ko\u015fullar alt\u0131nda L\u00fcbnan sahas\u0131nda \u00fc\u00e7 temel senaryo \u00f6ne \u00e7\u0131kmaktad\u0131r:<\/p>\n\n\n\n<p>Birincisi, \u0130srail ile Hizbullah aras\u0131nda tam \u00f6l\u00e7ekli bir sava\u015f\u0131n patlak vermesi ve L\u00fcbnan\u2019\u0131n \u0130ran\u2013\u0130srail\u2013ABD \u00e7at\u0131\u015fmas\u0131n\u0131n ana cephelerinden biri haline gelmesidir.<\/p>\n\n\n\n<p>\u0130kincisi, uluslararas\u0131 bask\u0131 ve askeri operasyonlar sonucunda Hizbullah\u2019\u0131n askeri kapasitesinin zay\u0131flat\u0131lmas\u0131 ve L\u00fcbnan devletinin silah \u00fczerindeki kontrol\u00fcn\u00fcn g\u00fc\u00e7lendirilmesidir.<\/p>\n\n\n\n<p>\u00dc\u00e7\u00fcnc\u00fcs\u00fc ise d\u00fc\u015f\u00fck yo\u011funluklu \u00e7at\u0131\u015fmalar\u0131n s\u00fcrd\u00fc\u011f\u00fc mevcut k\u0131r\u0131lgan dengenin devam etmesidir.<\/p>\n\n\n\n<p>Bug\u00fcn i\u00e7in en olas\u0131 senaryo \u00fc\u00e7\u00fcnc\u00fcs\u00fc gibi g\u00f6r\u00fcnse de Ortado\u011fu\u2019daki h\u0131zl\u0131 geli\u015fmeler dengelerin k\u0131sa s\u00fcrede de\u011fi\u015febilece\u011fini g\u00f6stermektedir.<\/p>\n\n\n\n<p>Sonu\u00e7 bug\u00fcn \u0130ran\u2019a y\u00f6nelik sald\u0131r\u0131lar ve b\u00f6lgesel sava\u015f dinamiklerinin geni\u015flemesi, L\u00fcbnan\u2019da yeni bir y\u0131k\u0131m, katliam ve i\u015fgal tehlikesini beraberinde getirmektedir. L\u00fcbnan\u2019da ya\u015fanan geli\u015fmeler kar\u015f\u0131s\u0131nda ger\u00e7ek \u00e7\u00f6z\u00fcm, Siyonist ve emperyalist politikalara kar\u015f\u0131 halklar\u0131n ortak m\u00fccadelesinden ge\u00e7mektedir.<\/p>\n\n\n\n<p>Ortado\u011fu\u2019daki geli\u015fmeler, b\u00f6lgenin emperyalist g\u00fc\u00e7ler aras\u0131ndaki rekabetin en keskin sahalar\u0131ndan biri haline geldi\u011fini g\u00f6stermektedir. Gazze\u2019de ba\u015flayan sava\u015f\u0131n \u0130ran ve L\u00fcbnan\u2019a do\u011fru geni\u015flemesi, bu rekabetin yeni ve daha tehlikeli bir a\u015famaya girdi\u011fini ortaya koymaktad\u0131r.<\/p>\n\n\n\n<p>Ancak L\u00fcbnan\u2019daki kriz yaln\u0131zca d\u0131\u015f m\u00fcdahalelerle a\u00e7\u0131klanamaz. Mezhepsel temellere dayanan siyasal yap\u0131, devlet kurumlar\u0131n\u0131n zay\u0131fl\u0131\u011f\u0131 ve derin ekonomik kriz \u00fclkeyi son derece k\u0131r\u0131lgan bir hale getirmi\u015ftir.<\/p>\n\n\n\n<p>Bu k\u0131r\u0131lgan yap\u0131, emperyalist g\u00fc\u00e7lerin ve Siyonist \u0130srail\u2019in b\u00f6lge \u00fczerindeki m\u00fcdahale politikalar\u0131n\u0131 kolayla\u015ft\u0131rmaktad\u0131r.<\/p>\n\n\n\n<p>Bu nedenle L\u00fcbnan\u2019da ger\u00e7ek bir \u00e7\u00f6z\u00fcm yaln\u0131zca askeri dengelerde de\u011fil; toplumsal ve siyasal d\u00f6n\u00fc\u015f\u00fcmde yatmaktad\u0131r.<\/p>\n\n\n\n<p>L\u00fcbnan toplumunu mezhepsel b\u00f6l\u00fcnmeler \u00fczerinden par\u00e7alayan siyasal d\u00fczen a\u015f\u0131lmad\u0131k\u00e7a \u00fclke d\u0131\u015f m\u00fcdahalelere a\u00e7\u0131k olmaya devam edecektir.<\/p>\n\n\n\n<p>Ger\u00e7ek \u00e7\u0131k\u0131\u015f yolu, L\u00fcbnan\u2019daki farkl\u0131 mezhep ve toplumsal kesimlerin ortak bir siyasal zemin etraf\u0131nda birle\u015fmesinden ge\u00e7mektedir.<\/p>\n\n\n\n<p>Emperyalist ve Siyonist ku\u015fatma kar\u015f\u0131s\u0131nda L\u00fcbnan halklar\u0131n\u0131n ortakla\u015fmas\u0131, \u00fclkenin ba\u011f\u0131ms\u0131zl\u0131\u011f\u0131 ve b\u00f6lgesel bar\u0131\u015f a\u00e7\u0131s\u0131ndan hayati bir \u00f6nem ta\u015f\u0131maktad\u0131r.<\/p>\n\n\n\n<p>Ortado\u011fu\u2019da kal\u0131c\u0131 bar\u0131\u015f ancak halklar\u0131n kendi kaderlerini emperyalist m\u00fcdahalelerden ba\u011f\u0131ms\u0131z bi\u00e7imde belirleyebilece\u011fi bir siyasal d\u00fczenin kurulmas\u0131yla m\u00fcmk\u00fcnd\u00fcr.<\/p>\n\n\n\n<p>Bu nedenle bug\u00fcn L\u00fcbnan\u2019da ve Ortado\u011fu\u2019nun genelinde ger\u00e7ek alternatif; halklar\u0131n ortak m\u00fccadelesi, mezhepsel b\u00f6l\u00fcnmelerin a\u015f\u0131lmas\u0131 ve emperyalist-Siyonist sald\u0131rganl\u0131\u011fa kar\u015f\u0131 Y\u0131lar \u00f6nce Devrimci \u00f6nder H\u00fcseyin Cevahirin ifade etti\u011fi; \u201cOrtado\u011fu\u2019da ger\u00e7ek kurtulu\u015fun yolu Ortado\u011fu devrimci \u00e7emberinin olu\u015fturulmas\u0131d\u0131r\u2026\u201d bu temelde b\u00f6lgesel dayan\u0131\u015fman\u0131n g\u00fc\u00e7lendirilmesidir.<\/p>\n\n\n\n<p>Ancak bu temelde kurulacak anti-emperyalist- anti-Siyonist siyasal birlik, b\u00f6lgeyi yeni sava\u015flar\u0131n ve y\u0131k\u0131mlar\u0131n e\u015fi\u011finden uzakla\u015ft\u0131rabilecek ger\u00e7ek bir tarihsel \u00e7\u0131k\u0131\u015f yaratabilir.<\/p>\n","protected":false},"excerpt":{"rendered":"<p>Ortado\u011fu, bug\u00fcn yeni ve son derece tehlikeli&#46;&#46;&#46;<\/p>\n","protected":false},"author":3,"featured_media":9081,"comment_status":"closed","ping_status":"closed","sticky":false,"template":"","format":"standard","meta":{"footnotes":""},"categories":[7,29],"tags":[],"manset":[],"class_list":["post-9079","post","type-post","status-publish","format-standard","has-post-thumbnail","hentry","category-makaleler","category-manset"],"amp_enabled":true,"_links":{"self":[{"href":"https:\/\/kolektifmucadele1.org\/index.php\/wp-json\/wp\/v2\/posts\/9079","targetHints":{"allow":["GET"]}}],"collection":[{"href":"https:\/\/kolektifmucadele1.org\/index.php\/wp-json\/wp\/v2\/posts"}],"about":[{"href":"https:\/\/kolektifmucadele1.org\/index.php\/wp-json\/wp\/v2\/types\/post"}],"author":[{"embeddable":true,"href":"https:\/\/kolektifmucadele1.org\/index.php\/wp-json\/wp\/v2\/users\/3"}],"replies":[{"embeddable":true,"href":"https:\/\/kolektifmucadele1.org\/index.php\/wp-json\/wp\/v2\/comments?post=9079"}],"version-history":[{"count":1,"href":"https:\/\/kolektifmucadele1.org\/index.php\/wp-json\/wp\/v2\/posts\/9079\/revisions"}],"predecessor-version":[{"id":9082,"href":"https:\/\/kolektifmucadele1.org\/index.php\/wp-json\/wp\/v2\/posts\/9079\/revisions\/9082"}],"wp:featuredmedia":[{"embeddable":true,"href":"https:\/\/kolektifmucadele1.org\/index.php\/wp-json\/wp\/v2\/media\/9081"}],"wp:attachment":[{"href":"https:\/\/kolektifmucadele1.org\/index.php\/wp-json\/wp\/v2\/media?parent=9079"}],"wp:term":[{"taxonomy":"category","embeddable":true,"href":"https:\/\/kolektifmucadele1.org\/index.php\/wp-json\/wp\/v2\/categories?post=9079"},{"taxonomy":"post_tag","embeddable":true,"href":"https:\/\/kolektifmucadele1.org\/index.php\/wp-json\/wp\/v2\/tags?post=9079"},{"taxonomy":"manset","embeddable":true,"href":"https:\/\/kolektifmucadele1.org\/index.php\/wp-json\/wp\/v2\/manset?post=9079"}],"curies":[{"name":"wp","href":"https:\/\/api.w.org\/{rel}","templated":true}]}}