{"id":9087,"date":"2026-03-09T23:50:03","date_gmt":"2026-03-09T20:50:03","guid":{"rendered":"https:\/\/kolektifmucadele1.org\/?p=9087"},"modified":"2026-03-09T23:50:36","modified_gmt":"2026-03-09T20:50:36","slug":"iranda-165ten-fazla-cocuk-ve-ogretmen-hayatini-kaybettigi-minabdaki-ilkokul-abd-fuzesiyle-vuruldugu-belgelendi","status":"publish","type":"post","link":"https:\/\/kolektifmucadele1.org\/index.php\/2026\/03\/09\/iranda-165ten-fazla-cocuk-ve-ogretmen-hayatini-kaybettigi-minabdaki-ilkokul-abd-fuzesiyle-vuruldugu-belgelendi\/","title":{"rendered":"\u0130ran\u2019da 165\u2019ten Fazla \u00c7ocuk ve \u00d6\u011fretmen Hayat\u0131n\u0131 Kaybetti\u011fi Minab\u2019daki \u0130lkokul ABD F\u00fczesiyle Vuruldu\u011fu Belgelendi"},"content":{"rendered":"\n<p>\u0130ran\u2019\u0131n H\u00fcrm\u00fczgan eyaletine ba\u011fl\u0131 Minab kentinde, \u015eeceret\u00fc&#8217;t-Tayyibe K\u0131z \u0130lkokulu, ABD\u2019ye ait bir f\u00fczenin isabet etti\u011fi hedeflerden biri oldu. The New York Times (NYT) taraf\u0131ndan uydu g\u00f6r\u00fcnt\u00fcleri ve teyitli videolar\u0131n analizine dayand\u0131r\u0131lan habere g\u00f6re, f\u00fcze sald\u0131r\u0131s\u0131 s\u0131ras\u0131nda okulun yan\u0131ndaki deniz \u00fcss\u00fc de hedef al\u0131nd\u0131.<\/p>\n\n\n\n<p>Mehr Haber Ajans\u0131 taraf\u0131ndan yay\u0131mlanan ve NYT taraf\u0131ndan do\u011frulanan videoda, f\u00fczenin \u00fcsse ait t\u0131bbi klinik binas\u0131na isabet etti\u011fi, patlaman\u0131n ard\u0131ndan yo\u011fun duman ve enkaz\u0131n y\u00fckseldi\u011fi g\u00f6r\u00fcld\u00fc. Kameran\u0131n a\u00e7\u0131s\u0131, okulun da \u00fcsse y\u00f6nelik sald\u0131r\u0131dan k\u0131sa s\u00fcre \u00f6nce vuruldu\u011funu g\u00f6steriyor. Olu\u015fturulan zaman \u00e7izelgesine g\u00f6re, ilkokul ve deniz \u00fcss\u00fc e\u015f zamanl\u0131 veya \u00e7ok k\u0131sa s\u00fcre arayla hedef al\u0131nd\u0131.<\/p>\n\n\n\n<p>\u0130ran devlet televizyonu, sald\u0131r\u0131y\u0131 28 \u015eubat\u2019ta ABD ve \u0130srail\u2019in ger\u00e7ekle\u015ftirdi\u011fini duyurmu\u015ftu. \u0130ran K\u0131z\u0131lay\u2019\u0131, sald\u0131r\u0131da 165\u2019ten fazla \u00e7ocuk ve \u00f6\u011fretmenin hayat\u0131n\u0131 kaybetti\u011fini a\u00e7\u0131klad\u0131. Bu kay\u0131plar, sadece say\u0131sal veri de\u011fil; ailelerin yitirilen umutlar\u0131, toplumun derin ac\u0131lar\u0131 ve insani de\u011ferlerin sava\u015f kar\u015f\u0131s\u0131ndaki k\u0131r\u0131lganl\u0131\u011f\u0131n\u0131n ac\u0131 bir g\u00f6stergesidir.<\/p>\n\n\n\n<p>Sald\u0131r\u0131n\u0131n ard\u0131ndan, ABD ve m\u00fcttefikleri, artan uluslararas\u0131 tepki ve kamuoyunda olu\u015fan bask\u0131 nedeniyle sorumlulu\u011fu \u0130ran\u2019a y\u00fcklemeye \u00e7al\u0131\u015ft\u0131. Yetkililer, sald\u0131r\u0131y\u0131 kendi ba\u015flar\u0131na ger\u00e7ekle\u015ftirmedikleri, \u0130ran\u2019\u0131n kendi \u00fcslerini hedef alm\u0131\u015f gibi g\u00f6sterdi\u011fi y\u00f6n\u00fcnde a\u00e7\u0131klamalar yapt\u0131. Ancak uydu ve video kan\u0131tlar\u0131, masum \u00e7ocuklar\u0131n ve \u00f6\u011fretmenlerin ya\u015fam\u0131n\u0131 yitirdi\u011fi trajedinin sorumlulu\u011funu do\u011frudan ABD ve m\u00fcttefiklerinin askeri operasyonlar\u0131na i\u015faret ediyor.<\/p>\n\n\n\n<p>28 \u015eubat\u2019ta ba\u015flayan sald\u0131r\u0131lar s\u0131ras\u0131nda, Tahran ve Washington aras\u0131nda devam eden diplomatik m\u00fczakerelere ra\u011fmen, ABD ve \u0130srail askeri operasyonlar ba\u015flatt\u0131. \u0130ran, \u0130srail\u2019in yan\u0131 s\u0131ra ABD \u00fcslerinin bulundu\u011fu Katar, Birle\u015fik Arap Emirlikleri ve Bahreyn gibi baz\u0131 b\u00f6lge \u00fclkelerinde belirledi\u011fi hedeflere kar\u015f\u0131l\u0131k verdi. \u0130ranl\u0131 yetkililere g\u00f6re, sald\u0131r\u0131larda toplam 1.332 ki\u015fi hayat\u0131n\u0131 kaybetti. Aralar\u0131nda \u0130ran lideri Ayetullah Ali Hamaney ve \u00e7ok say\u0131da \u00fcst d\u00fczey yetkili de bulunuyor.<\/p>\n\n\n\n<p>Ancak say\u0131lar\u0131n \u00f6tesinde, sava\u015f\u0131n yaratt\u0131\u011f\u0131 insani tahribat, yitirilen de\u011ferler ve toplumun sars\u0131lan dokusu, bar\u0131\u015f\u0131n ve insan hayat\u0131n\u0131n ne denli k\u0131r\u0131lgan oldu\u011funu g\u00f6zler \u00f6n\u00fcne seriyor. Minab\u2019daki trajedi, silahlar\u0131n sadece binalar\u0131 de\u011fil, masum \u00e7ocuklar\u0131, \u00f6\u011fretmenleri ve toplumun gelece\u011fini de vurdu\u011funu ac\u0131 bir \u015fekilde hat\u0131rlat\u0131yor.<\/p>\n\n\n\n<p>\u0130nsan olan her bireyin, haks\u0131z ve s\u00f6m\u00fcr\u00fcc\u00fc sava\u015flara kar\u015f\u0131 tav\u0131r almas\u0131, insan ya\u015fam\u0131na, gelece\u011fine ve insan onuruna sahip \u00e7\u0131kmas\u0131 ka\u00e7\u0131n\u0131lmazd\u0131r. Minab\u2019da yitirilen her can, sadece bir istatistik de\u011fil; insanl\u0131\u011f\u0131n ortak sorumlulu\u011fu ve bar\u0131\u015f i\u00e7in duru\u015f \u00e7a\u011fr\u0131s\u0131d\u0131r. Herkesin, sava\u015f\u0131n yaratt\u0131\u011f\u0131 ac\u0131lara kar\u015f\u0131 sesini y\u00fckseltmesi ve insani de\u011ferleri savunmas\u0131 gerekmektedir.<\/p>\n","protected":false},"excerpt":{"rendered":"<p>\u0130ran\u2019\u0131n H\u00fcrm\u00fczgan eyaletine ba\u011fl\u0131 Minab kentinde, \u015eeceret\u00fc&#8217;t-Tayyibe&#46;&#46;&#46;<\/p>\n","protected":false},"author":3,"featured_media":9089,"comment_status":"closed","ping_status":"closed","sticky":false,"template":"","format":"standard","meta":{"footnotes":""},"categories":[11,5,29],"tags":[],"manset":[],"class_list":["post-9087","post","type-post","status-publish","format-standard","has-post-thumbnail","hentry","category-dunya","category-etkinlikler","category-manset"],"amp_enabled":true,"_links":{"self":[{"href":"https:\/\/kolektifmucadele1.org\/index.php\/wp-json\/wp\/v2\/posts\/9087","targetHints":{"allow":["GET"]}}],"collection":[{"href":"https:\/\/kolektifmucadele1.org\/index.php\/wp-json\/wp\/v2\/posts"}],"about":[{"href":"https:\/\/kolektifmucadele1.org\/index.php\/wp-json\/wp\/v2\/types\/post"}],"author":[{"embeddable":true,"href":"https:\/\/kolektifmucadele1.org\/index.php\/wp-json\/wp\/v2\/users\/3"}],"replies":[{"embeddable":true,"href":"https:\/\/kolektifmucadele1.org\/index.php\/wp-json\/wp\/v2\/comments?post=9087"}],"version-history":[{"count":1,"href":"https:\/\/kolektifmucadele1.org\/index.php\/wp-json\/wp\/v2\/posts\/9087\/revisions"}],"predecessor-version":[{"id":9090,"href":"https:\/\/kolektifmucadele1.org\/index.php\/wp-json\/wp\/v2\/posts\/9087\/revisions\/9090"}],"wp:featuredmedia":[{"embeddable":true,"href":"https:\/\/kolektifmucadele1.org\/index.php\/wp-json\/wp\/v2\/media\/9089"}],"wp:attachment":[{"href":"https:\/\/kolektifmucadele1.org\/index.php\/wp-json\/wp\/v2\/media?parent=9087"}],"wp:term":[{"taxonomy":"category","embeddable":true,"href":"https:\/\/kolektifmucadele1.org\/index.php\/wp-json\/wp\/v2\/categories?post=9087"},{"taxonomy":"post_tag","embeddable":true,"href":"https:\/\/kolektifmucadele1.org\/index.php\/wp-json\/wp\/v2\/tags?post=9087"},{"taxonomy":"manset","embeddable":true,"href":"https:\/\/kolektifmucadele1.org\/index.php\/wp-json\/wp\/v2\/manset?post=9087"}],"curies":[{"name":"wp","href":"https:\/\/api.w.org\/{rel}","templated":true}]}}