{"id":9091,"date":"2026-03-10T02:11:47","date_gmt":"2026-03-09T23:11:47","guid":{"rendered":"https:\/\/kolektifmucadele1.org\/?p=9091"},"modified":"2026-03-10T02:11:47","modified_gmt":"2026-03-09T23:11:47","slug":"2026-newroz-deklarasyonu-aciklandi-surec-raporu-beklentileri-karsilamaktan-uzak","status":"publish","type":"post","link":"https:\/\/kolektifmucadele1.org\/index.php\/2026\/03\/10\/2026-newroz-deklarasyonu-aciklandi-surec-raporu-beklentileri-karsilamaktan-uzak\/","title":{"rendered":"2026 Newroz Deklarasyonu A\u00e7\u0131kland\u0131: \u201cS\u00fcre\u00e7 Raporu Beklentileri Kar\u015f\u0131lamaktan Uzak\u201d"},"content":{"rendered":"\n<p>Diyarbak\u0131r\u2019da a\u00e7\u0131klanan 2026 Newroz deklarasyonunda kutlamalar\u0131n en az 53 merkezde yap\u0131laca\u011f\u0131 duyuruldu. Deklarasyonda Meclis b\u00fcnyesinde haz\u0131rlanan s\u00fcre\u00e7 raporunun K\u00fcrt halk\u0131n\u0131n ve demokratik kamuoyunun beklentilerini kar\u015f\u0131lamaktan uzak oldu\u011fu ifade edildi.<\/p>\n\n\n\n<p>Diyarbak\u0131r\u2019daki S\u00fcmerpark\u2019ta d\u00fczenlenen bas\u0131n toplant\u0131s\u0131nda a\u00e7\u0131klanan deklarasyonda, 2026 Newrozu\u2019nun <strong>\u201cNewroza Azad\u00ee \u00fb Yek\u00eetiya Demokrat\u00eek\u201d<\/strong> ve <strong>\u201c\u00d6zg\u00fcrl\u00fck ve Demokrasi Newrozu\u201d<\/strong> \u015fiarlar\u0131yla kutlanaca\u011f\u0131 belirtildi. A\u00e7\u0131klamaya DEM Parti E\u015f Genel Ba\u015fkan\u0131 Tuncer Bak\u0131rhan, DBP E\u015f Genel Ba\u015fkanlar\u0131 \u00c7i\u011fdem K\u0131l\u0131\u00e7g\u00fcn U\u00e7ar ve Keskin Bay\u0131nd\u0131r ile \u00e7ok say\u0131da siyasi parti ve sivil toplum \u00f6rg\u00fct\u00fc temsilcisi kat\u0131ld\u0131.<\/p>\n\n\n\n<p>Deklarasyonda Newroz\u2019un K\u00fcrt halk\u0131 i\u00e7in tarihsel bir direni\u015f ve \u00f6zg\u00fcrl\u00fck sembol\u00fc oldu\u011fu vurgulanarak, \u201cNewroz, zulme kar\u015f\u0131 isyan\u0131n, inkara kar\u015f\u0131 varolu\u015f iradesinin ve \u00f6zg\u00fcrl\u00fck m\u00fccadelesinin simgesidir\u201d ifadelerine yer verildi.<\/p>\n\n\n\n<p>A\u00e7\u0131klamada K\u00fcrt sorununun demokratik \u00e7\u00f6z\u00fcm\u00fc i\u00e7in siyasi ve hukuki ad\u0131mlar\u0131n at\u0131lmas\u0131 gerekti\u011fi belirtilerek, Meclis b\u00fcnyesinde kurulan komisyonun \u00f6nemli olmakla birlikte a\u00e7\u0131klanan raporun \u00e7\u00f6z\u00fcm\u00fcn asgari ko\u015fullar\u0131n\u0131 kar\u015f\u0131lamaktan uzak oldu\u011fu kaydedildi. Demokratikle\u015fmeye dair \u00f6nerilerin hayata ge\u00e7irilmesi ve gerekli yasal ile anayasal d\u00fczenlemelerin yap\u0131lmas\u0131n\u0131n \u00f6nemine dikkat \u00e7ekildi.<\/p>\n\n\n\n<p>Deklarasyonda ayr\u0131ca, demokratik \u00e7\u00f6z\u00fcm ve kal\u0131c\u0131 bar\u0131\u015f i\u00e7in Abdullah \u00d6calan\u2019\u0131n fiziki \u00f6zg\u00fcrl\u00fc\u011f\u00fcn\u00fcn ve \u00e7al\u0131\u015fma ko\u015fullar\u0131n\u0131n sa\u011flanmas\u0131n\u0131n tarihsel ve siyasal bir gereklilik oldu\u011fu ifade edildi.<\/p>\n\n\n\n<p>Kad\u0131nlar\u0131n ve gen\u00e7lerin \u00f6zg\u00fcrl\u00fck m\u00fccadelesindeki rol\u00fcne de vurgu yap\u0131lan a\u00e7\u0131klamada, t\u00fcm kesimlere Newroz alanlar\u0131nda bulu\u015fma \u00e7a\u011fr\u0131s\u0131 yap\u0131ld\u0131. 2026 Newrozu\u2019nun \u00f6zg\u00fcrl\u00fck, birlik ve demokratik toplum m\u00fccadelesinin b\u00fcy\u00fct\u00fclece\u011fi bir bulu\u015fma olaca\u011f\u0131 belirtildi.<\/p>\n\n\n\n<p>DEM Parti E\u015f Genel Ba\u015fkan\u0131 Tuncer Bak\u0131rhan da yapt\u0131\u011f\u0131 konu\u015fmada Newroz\u2019un K\u00fcrt halk\u0131 i\u00e7in direni\u015f ve \u00f6zg\u00fcrl\u00fc\u011f\u00fcn simgesi oldu\u011funu belirterek, \u201cNewroz gelince K\u00fcrtlerin y\u00fcre\u011fi ayd\u0131nlan\u0131r. Newroz bizim i\u00e7in direni\u015fin ve \u00f6zg\u00fcrl\u00fc\u011f\u00fcn ad\u0131d\u0131r\u201d dedi.<\/p>\n\n\n\n<p>Ortado\u011fu\u2019daki geli\u015fmelere de de\u011finen Bak\u0131rhan, K\u00fcrtlerin kendi kaderini belirleme iradesine sahip oldu\u011funu ifade ederek, Newroz alanlar\u0131n\u0131n K\u00fcrt halk\u0131n\u0131n birlik iradesinin g\u00fc\u00e7lenece\u011fi meydanlar olaca\u011f\u0131n\u0131 s\u00f6yledi.<\/p>\n","protected":false},"excerpt":{"rendered":"<p>Diyarbak\u0131r\u2019da a\u00e7\u0131klanan 2026 Newroz deklarasyonunda kutlamalar\u0131n en&#46;&#46;&#46;<\/p>\n","protected":false},"author":3,"featured_media":9093,"comment_status":"closed","ping_status":"closed","sticky":false,"template":"","format":"standard","meta":{"footnotes":""},"categories":[5,29],"tags":[],"manset":[],"class_list":["post-9091","post","type-post","status-publish","format-standard","has-post-thumbnail","hentry","category-etkinlikler","category-manset"],"amp_enabled":true,"_links":{"self":[{"href":"https:\/\/kolektifmucadele1.org\/index.php\/wp-json\/wp\/v2\/posts\/9091","targetHints":{"allow":["GET"]}}],"collection":[{"href":"https:\/\/kolektifmucadele1.org\/index.php\/wp-json\/wp\/v2\/posts"}],"about":[{"href":"https:\/\/kolektifmucadele1.org\/index.php\/wp-json\/wp\/v2\/types\/post"}],"author":[{"embeddable":true,"href":"https:\/\/kolektifmucadele1.org\/index.php\/wp-json\/wp\/v2\/users\/3"}],"replies":[{"embeddable":true,"href":"https:\/\/kolektifmucadele1.org\/index.php\/wp-json\/wp\/v2\/comments?post=9091"}],"version-history":[{"count":1,"href":"https:\/\/kolektifmucadele1.org\/index.php\/wp-json\/wp\/v2\/posts\/9091\/revisions"}],"predecessor-version":[{"id":9094,"href":"https:\/\/kolektifmucadele1.org\/index.php\/wp-json\/wp\/v2\/posts\/9091\/revisions\/9094"}],"wp:featuredmedia":[{"embeddable":true,"href":"https:\/\/kolektifmucadele1.org\/index.php\/wp-json\/wp\/v2\/media\/9093"}],"wp:attachment":[{"href":"https:\/\/kolektifmucadele1.org\/index.php\/wp-json\/wp\/v2\/media?parent=9091"}],"wp:term":[{"taxonomy":"category","embeddable":true,"href":"https:\/\/kolektifmucadele1.org\/index.php\/wp-json\/wp\/v2\/categories?post=9091"},{"taxonomy":"post_tag","embeddable":true,"href":"https:\/\/kolektifmucadele1.org\/index.php\/wp-json\/wp\/v2\/tags?post=9091"},{"taxonomy":"manset","embeddable":true,"href":"https:\/\/kolektifmucadele1.org\/index.php\/wp-json\/wp\/v2\/manset?post=9091"}],"curies":[{"name":"wp","href":"https:\/\/api.w.org\/{rel}","templated":true}]}}