{"id":9099,"date":"2026-03-11T00:20:39","date_gmt":"2026-03-10T21:20:39","guid":{"rendered":"https:\/\/kolektifmucadele1.org\/?p=9099"},"modified":"2026-03-11T00:20:40","modified_gmt":"2026-03-10T21:20:40","slug":"subat-ayinda-en-az-126-isci-hayatini-kaybetti","status":"publish","type":"post","link":"https:\/\/kolektifmucadele1.org\/index.php\/2026\/03\/11\/subat-ayinda-en-az-126-isci-hayatini-kaybetti\/","title":{"rendered":"\u015eubat Ay\u0131nda En Az 126 \u0130\u015f\u00e7i Hayat\u0131n\u0131 Kaybetti"},"content":{"rendered":"\n<p><strong>\u0130\u015f\u00e7i Sa\u011fl\u0131\u011f\u0131 ve \u0130\u015f G\u00fcvenli\u011fi Meclisi (\u0130S\u0130G Meclisi)<\/strong> 2026 y\u0131l\u0131 \u015eubat ay\u0131na ili\u015fkin <strong>\u201c\u0130\u015f Cinayetleri Raporu\u201dnu<\/strong> yay\u0131mlad\u0131. Rapora g\u00f6re \u015eubat ay\u0131nda en az <strong>126 i\u015f\u00e7i i\u015f cinayetlerinde ya\u015fam\u0131n\u0131 yitirdi<\/strong>. B\u00f6ylece 2026 y\u0131l\u0131n\u0131n ilk iki ay\u0131nda hayat\u0131n\u0131 kaybeden i\u015f\u00e7i say\u0131s\u0131 <strong>284\u2019e ula\u015ft\u0131<\/strong>.<\/p>\n\n\n\n<p>Raporda ayr\u0131ca ABD ve \u0130srail\u2019in Ortado\u011fu\u2019daki sald\u0131r\u0131lar\u0131na kar\u015f\u0131 \u0130ran, L\u00fcbnan ve Filistin halklar\u0131yla dayan\u0131\u015fma vurgusu yap\u0131ld\u0131.<\/p>\n\n\n\n<h3 class=\"wp-block-heading\">Deprem b\u00f6lgelerinde i\u015f cinayetleri artt\u0131<\/h3>\n\n\n\n<p>\u0130S\u0130G Meclisi raporunda \u00f6zellikle <strong>6 \u015eubat 2023 depremlerinin ard\u0131ndan yeniden in\u015fa \u00e7al\u0131\u015fmalar\u0131n\u0131n yo\u011funla\u015ft\u0131\u011f\u0131 \u015fehirlerde ya\u015fanan i\u015f cinayetlerine<\/strong> dikkat \u00e7ekildi. Deprem sonras\u0131 ba\u015flayan y\u0131k\u0131m, hafriyat ve in\u015faat faaliyetlerinde g\u00fcvencesiz \u00e7al\u0131\u015fma ko\u015fullar\u0131n\u0131n yayg\u0131nla\u015ft\u0131\u011f\u0131 belirtilirken, bu s\u00fcre\u00e7te b\u00f6lge halk\u0131n\u0131n yeniden proleterle\u015ftirildi\u011fi ifade edildi.<\/p>\n\n\n\n<p>Raporda \u015fu bilgilere yer verildi:<\/p>\n\n\n\n<ul class=\"wp-block-list\">\n<li><strong>6 \u015eubat 2023 \u2013 6 \u015eubat 2026<\/strong> aras\u0131nda deprem \u015fehirlerindeki in\u015faatlarda <strong>en az 296 i\u015f\u00e7i hayat\u0131n\u0131 kaybetti.<\/strong><\/li>\n\n\n\n<li>T\u00fcrkiye genelinde \u00f6len in\u015faat i\u015f\u00e7ilerinin <strong>2024\u2019te y\u00fczde 22\u2019si, 2025\u2019te y\u00fczde 27\u2019si<\/strong> deprem b\u00f6lgelerinde ya\u015fam\u0131n\u0131 yitirdi.<\/li>\n\n\n\n<li>Deprem \u015fehirlerinde meydana gelen i\u015f cinayetlerinin <strong>2024\u2019te y\u00fczde 33\u2019\u00fc, 2025\u2019te y\u00fczde 37\u2019si in\u015faat sekt\u00f6r\u00fcnde<\/strong> ger\u00e7ekle\u015fti.<\/li>\n\n\n\n<li>\u0130n\u015faat i\u015f\u00e7ilerinin \u00f6l\u00fcm nedenlerinin <strong>y\u00fczde 43\u2019\u00fc y\u00fcksekten d\u00fc\u015fme<\/strong>, <strong>y\u00fczde 26\u2019s\u0131 ezilme veya g\u00f6\u00e7\u00fck<\/strong>, <strong>y\u00fczde 9\u2019u elektrik \u00e7arpmas\u0131<\/strong> oldu.<\/li>\n<\/ul>\n\n\n\n<p>Deprem b\u00f6lgelerinde hayat\u0131n\u0131 kaybeden i\u015f\u00e7iler aras\u0131nda <strong>15 \u00e7ocuk i\u015f\u00e7i ve 22 g\u00f6\u00e7men i\u015f\u00e7i<\/strong> bulundu\u011fu, bu i\u015f\u00e7ilerin yaln\u0131zca birinin sendika \u00fcyesi oldu\u011fu belirtildi.<\/p>\n\n\n\n<h3 class=\"wp-block-heading\">En fazla \u00f6l\u00fcm in\u015faat ve ta\u015f\u0131mac\u0131l\u0131k sekt\u00f6r\u00fcnde<\/h3>\n\n\n\n<p>\u015eubat ay\u0131nda i\u015f cinayetlerinin sekt\u00f6rel da\u011f\u0131l\u0131m\u0131nda <strong>27 \u00f6l\u00fcmle in\u015faat sekt\u00f6r\u00fc<\/strong> ilk s\u0131rada yer ald\u0131. Onu <strong>21 \u00f6l\u00fcmle ta\u015f\u0131mac\u0131l\u0131k<\/strong> ve <strong>12 \u00f6l\u00fcmle ticaret\/b\u00fcro\/e\u011fitim<\/strong> i\u015fkolu izledi.<\/p>\n\n\n\n<p>Sekt\u00f6rlere g\u00f6re \u00f6l\u00fcmler ise \u015f\u00f6yle da\u011f\u0131ld\u0131:<\/p>\n\n\n\n<ul class=\"wp-block-list\">\n<li><strong>Sanayi:<\/strong> 49 i\u015f\u00e7i<\/li>\n\n\n\n<li><strong>Hizmet:<\/strong> 40 i\u015f\u00e7i<\/li>\n\n\n\n<li><strong>\u0130n\u015faat:<\/strong> 30 i\u015f\u00e7i<\/li>\n\n\n\n<li><strong>Tar\u0131m:<\/strong> 7 emek\u00e7i<\/li>\n<\/ul>\n\n\n\n<h3 class=\"wp-block-heading\">En \u00e7ok \u00f6l\u00fcm trafik kazalar\u0131nda<\/h3>\n\n\n\n<p>\u015eubat ay\u0131nda i\u015f cinayetlerinin nedenlerine bak\u0131ld\u0131\u011f\u0131nda ilk s\u0131rada <strong>36 i\u015f\u00e7inin hayat\u0131n\u0131 kaybetti\u011fi trafik ve servis kazalar\u0131<\/strong> yer ald\u0131. Bunu <strong>19 \u00f6l\u00fcmle y\u00fcksekten d\u00fc\u015fmeler<\/strong> ve <strong>18 \u00f6l\u00fcmle ezilme\/g\u00f6\u00e7\u00fck<\/strong> takip etti.<\/p>\n\n\n\n<p>Di\u011fer nedenler aras\u0131nda kalp krizi ve beyin kanamas\u0131, intihar, elektrik \u00e7arpmas\u0131, zehirlenme, patlama ve i\u015fyerinde \u015fiddet olaylar\u0131 da yer ald\u0131.<\/p>\n\n\n\n<h3 class=\"wp-block-heading\">Kad\u0131n ve g\u00f6\u00e7men i\u015f\u00e7iler de ya\u015fam\u0131n\u0131 yitirdi<\/h3>\n\n\n\n<p>\u015eubat ay\u0131nda hayat\u0131n\u0131 kaybeden i\u015f\u00e7ilerin <strong>3\u2019\u00fc kad\u0131n i\u015f\u00e7iydi<\/strong>. Bu i\u015f\u00e7ilerin ikisi sa\u011fl\u0131k, biri metal sekt\u00f6r\u00fcnde \u00e7al\u0131\u015f\u0131yordu.<\/p>\n\n\n\n<p>Ayr\u0131ca <strong>en az 6 g\u00f6\u00e7men i\u015f\u00e7i<\/strong> (2 \u0130ranl\u0131, 2 Suriyeli, 1 Azerbaycanl\u0131, 1 Pakistanl\u0131) i\u015f cinayetlerinde ya\u015fam\u0131n\u0131 yitirdi.<\/p>\n\n\n\n<h3 class=\"wp-block-heading\">Sendikas\u0131zl\u0131k dikkat \u00e7ekiyor<\/h3>\n\n\n\n<p>Raporda \u00f6len i\u015f\u00e7ilerin <strong>yaln\u0131zca 1\u2019inin sendika \u00fcyesi<\/strong> oldu\u011fu vurguland\u0131. <strong>123 i\u015f\u00e7i ise sendikas\u0131z<\/strong> olarak \u00e7al\u0131\u015f\u0131yordu.<\/p>\n\n\n\n<h3 class=\"wp-block-heading\">\u0130\u015f cinayetleri 52 \u015fehirde meydana geldi<\/h3>\n\n\n\n<p>\u015eubat ay\u0131nda i\u015f cinayetleri <strong>T\u00fcrkiye\u2019nin 52 farkl\u0131 \u015fehrinde ve yurtd\u0131\u015f\u0131nda d\u00f6rt \u00fclkede<\/strong> meydana geldi. En fazla \u00f6l\u00fcm\u00fcn g\u00f6r\u00fcld\u00fc\u011f\u00fc iller aras\u0131nda <strong>Denizli, \u0130stanbul, Antalya, Erzurum, Hatay, \u0130zmir, Ayd\u0131n, Kocaeli ve Zonguldak<\/strong> yer ald\u0131.<\/p>\n","protected":false},"excerpt":{"rendered":"<p>\u0130\u015f\u00e7i Sa\u011fl\u0131\u011f\u0131 ve \u0130\u015f G\u00fcvenli\u011fi Meclisi (\u0130S\u0130G&#46;&#46;&#46;<\/p>\n","protected":false},"author":3,"featured_media":9101,"comment_status":"closed","ping_status":"closed","sticky":false,"template":"","format":"standard","meta":{"footnotes":""},"categories":[6,5,29],"tags":[],"manset":[],"class_list":["post-9099","post","type-post","status-publish","format-standard","has-post-thumbnail","hentry","category-emek","category-etkinlikler","category-manset"],"amp_enabled":true,"_links":{"self":[{"href":"https:\/\/kolektifmucadele1.org\/index.php\/wp-json\/wp\/v2\/posts\/9099","targetHints":{"allow":["GET"]}}],"collection":[{"href":"https:\/\/kolektifmucadele1.org\/index.php\/wp-json\/wp\/v2\/posts"}],"about":[{"href":"https:\/\/kolektifmucadele1.org\/index.php\/wp-json\/wp\/v2\/types\/post"}],"author":[{"embeddable":true,"href":"https:\/\/kolektifmucadele1.org\/index.php\/wp-json\/wp\/v2\/users\/3"}],"replies":[{"embeddable":true,"href":"https:\/\/kolektifmucadele1.org\/index.php\/wp-json\/wp\/v2\/comments?post=9099"}],"version-history":[{"count":1,"href":"https:\/\/kolektifmucadele1.org\/index.php\/wp-json\/wp\/v2\/posts\/9099\/revisions"}],"predecessor-version":[{"id":9102,"href":"https:\/\/kolektifmucadele1.org\/index.php\/wp-json\/wp\/v2\/posts\/9099\/revisions\/9102"}],"wp:featuredmedia":[{"embeddable":true,"href":"https:\/\/kolektifmucadele1.org\/index.php\/wp-json\/wp\/v2\/media\/9101"}],"wp:attachment":[{"href":"https:\/\/kolektifmucadele1.org\/index.php\/wp-json\/wp\/v2\/media?parent=9099"}],"wp:term":[{"taxonomy":"category","embeddable":true,"href":"https:\/\/kolektifmucadele1.org\/index.php\/wp-json\/wp\/v2\/categories?post=9099"},{"taxonomy":"post_tag","embeddable":true,"href":"https:\/\/kolektifmucadele1.org\/index.php\/wp-json\/wp\/v2\/tags?post=9099"},{"taxonomy":"manset","embeddable":true,"href":"https:\/\/kolektifmucadele1.org\/index.php\/wp-json\/wp\/v2\/manset?post=9099"}],"curies":[{"name":"wp","href":"https:\/\/api.w.org\/{rel}","templated":true}]}}