{"id":9103,"date":"2026-03-11T00:36:30","date_gmt":"2026-03-10T21:36:30","guid":{"rendered":"https:\/\/kolektifmucadele1.org\/?p=9103"},"modified":"2026-03-11T00:36:31","modified_gmt":"2026-03-10T21:36:31","slug":"efrin-halki-8-yil-sonra-400-aile-kente-dondu","status":"publish","type":"post","link":"https:\/\/kolektifmucadele1.org\/index.php\/2026\/03\/11\/efrin-halki-8-yil-sonra-400-aile-kente-dondu\/","title":{"rendered":"Efrin Halk\u0131 8 Y\u0131l Sonra 400 Aile Kente D\u00f6nd\u00fc"},"content":{"rendered":"\n<p>Kuzey Suriye\u2019deki Efrin, 2018 y\u0131l\u0131nda T\u00fcrkiye\u2019nin ba\u015flatt\u0131\u011f\u0131 i\u015fgal operasyonu ve beraberindeki silahl\u0131 gruplar\u0131n kente girmesinin ard\u0131ndan b\u00fcy\u00fck bir g\u00f6\u00e7 dalgas\u0131na sahne olmu\u015ftu. \u0130\u015fgal nedeniyle y\u00fcz binlerce ki\u015fi yerinden edilirken, \u00e7ok say\u0131da Efrinli \u00f6zellikle \u015eehba, Ciz\u00eer\u00ea ve Haseke b\u00f6lgelerine g\u00f6\u00e7 etmek zorunda kald\u0131. Y\u0131llard\u0131r kamplarda ve ge\u00e7ici yerle\u015fim alanlar\u0131nda ya\u015fayan Efrinlilerin geri d\u00f6n\u00fc\u015f\u00fc ise uzun s\u00fcre b\u00f6lgedeki siyasi ve askeri dengeler nedeniyle m\u00fcmk\u00fcn olmad\u0131.<\/p>\n\n\n\n<p>Aradan ge\u00e7en sekiz y\u0131l\u0131n ard\u0131ndan Efrinlilerin d\u00f6n\u00fc\u015f s\u00fcreci ba\u015flad\u0131.<\/p>\n\n\n\n<p>Suriye Demokratik G\u00fc\u00e7leri (SDG) ile Suriye ge\u00e7ici h\u00fck\u00fcmeti aras\u0131nda 30 Ocak\u2019ta imzalanan anla\u015fma kapsam\u0131nda Efrinli g\u00f6\u00e7menlerin ilk kafilesi kentlerine ula\u015ft\u0131. Kami\u015flo\u2019dan d\u00fcn sabah yola \u00e7\u0131kan 400 aile, bu sabah erken saatlerde Efrin\u2019e vard\u0131.<\/p>\n\n\n\n<p>Konvoy t\u00f6renle u\u011furland\u0131<\/p>\n\n\n\n<p>\u0130lk olarak Haseke\u2019ye ula\u015fan kafile, burada \u00d6zerk Y\u00f6netim yetkililerinin kat\u0131ld\u0131\u011f\u0131 bir t\u00f6renle u\u011furland\u0131. Konvoy daha sonra Rakka, Tabka ve Halep \u00fczerinden ilerleyerek Efrin\u2019e ula\u015ft\u0131.<\/p>\n\n\n\n<p>Kent giri\u015finde \u00e7ok say\u0131da ki\u015fi taraf\u0131ndan davul ve zurna e\u015fli\u011finde kar\u015f\u0131lanan aileler, y\u0131llar sonra yeniden topraklar\u0131na d\u00f6nd\u00fc.<\/p>\n\n\n\n<p>\u201cZeytin bah\u00e7elerimize kavu\u015fuyoruz\u201d<\/p>\n\n\n\n<p>Konvoyda Haseke \u0130\u00e7 G\u00fcvenlik G\u00fc\u00e7leri Ba\u015fkan Yard\u0131mc\u0131s\u0131 Mahmud Halil, Asayi\u015f komutanlar\u0131ndan Nesrin Abdullah ve \u00d6zerk Y\u00f6netim yetkilileri de yer ald\u0131.<\/p>\n\n\n\n<p>Mahmud Halil, sekiz y\u0131l aradan sonra zorla yerlerinden edilen ailelerle birlikte yeniden Efrin\u2019e geldiklerini belirterek \u015funlar\u0131 s\u00f6yledi:<\/p>\n\n\n\n<p>\u201cSekiz y\u0131l sonra zeytin bah\u00e7elerimize ve kendi topraklar\u0131m\u0131za kavu\u015fuyoruz.\u201d<\/p>\n\n\n\n<p>Halil ayr\u0131ca Ciz\u00eer\u00ea B\u00f6lgesi\u2019nde ya\u015fayan di\u011fer Efrinlilerin de en k\u0131sa s\u00fcrede kentlerine d\u00f6nebilmesi i\u00e7in \u00e7al\u0131\u015fmalar\u0131n s\u00fcrd\u00fc\u011f\u00fcn\u00fc ifade etti.<\/p>\n\n\n\n<p>D\u00f6n\u00fc\u015flerin devam etmesi bekleniyor<\/p>\n\n\n\n<p>Yetkililer, 30 Ocak\u2019ta imzalanan anla\u015fma kapsam\u0131nda Efrin d\u0131\u015f\u0131ndaki b\u00f6lgelerde ya\u015fayan g\u00f6\u00e7menlerin kademeli olarak kentlerine d\u00f6nmesinin planland\u0131\u011f\u0131n\u0131 belirtiyor. \u0130lk kafilenin ard\u0131ndan \u00f6n\u00fcm\u00fczdeki s\u00fcre\u00e7te yeni konvoylar\u0131n da yola \u00e7\u0131kmas\u0131 bekleniyor.<\/p>\n","protected":false},"excerpt":{"rendered":"<p>Kuzey Suriye\u2019deki Efrin, 2018 y\u0131l\u0131nda T\u00fcrkiye\u2019nin ba\u015flatt\u0131\u011f\u0131&#46;&#46;&#46;<\/p>\n","protected":false},"author":3,"featured_media":9105,"comment_status":"closed","ping_status":"closed","sticky":false,"template":"","format":"standard","meta":{"footnotes":""},"categories":[5,29],"tags":[],"manset":[],"class_list":["post-9103","post","type-post","status-publish","format-standard","has-post-thumbnail","hentry","category-etkinlikler","category-manset"],"amp_enabled":true,"_links":{"self":[{"href":"https:\/\/kolektifmucadele1.org\/index.php\/wp-json\/wp\/v2\/posts\/9103","targetHints":{"allow":["GET"]}}],"collection":[{"href":"https:\/\/kolektifmucadele1.org\/index.php\/wp-json\/wp\/v2\/posts"}],"about":[{"href":"https:\/\/kolektifmucadele1.org\/index.php\/wp-json\/wp\/v2\/types\/post"}],"author":[{"embeddable":true,"href":"https:\/\/kolektifmucadele1.org\/index.php\/wp-json\/wp\/v2\/users\/3"}],"replies":[{"embeddable":true,"href":"https:\/\/kolektifmucadele1.org\/index.php\/wp-json\/wp\/v2\/comments?post=9103"}],"version-history":[{"count":1,"href":"https:\/\/kolektifmucadele1.org\/index.php\/wp-json\/wp\/v2\/posts\/9103\/revisions"}],"predecessor-version":[{"id":9106,"href":"https:\/\/kolektifmucadele1.org\/index.php\/wp-json\/wp\/v2\/posts\/9103\/revisions\/9106"}],"wp:featuredmedia":[{"embeddable":true,"href":"https:\/\/kolektifmucadele1.org\/index.php\/wp-json\/wp\/v2\/media\/9105"}],"wp:attachment":[{"href":"https:\/\/kolektifmucadele1.org\/index.php\/wp-json\/wp\/v2\/media?parent=9103"}],"wp:term":[{"taxonomy":"category","embeddable":true,"href":"https:\/\/kolektifmucadele1.org\/index.php\/wp-json\/wp\/v2\/categories?post=9103"},{"taxonomy":"post_tag","embeddable":true,"href":"https:\/\/kolektifmucadele1.org\/index.php\/wp-json\/wp\/v2\/tags?post=9103"},{"taxonomy":"manset","embeddable":true,"href":"https:\/\/kolektifmucadele1.org\/index.php\/wp-json\/wp\/v2\/manset?post=9103"}],"curies":[{"name":"wp","href":"https:\/\/api.w.org\/{rel}","templated":true}]}}