{"id":9107,"date":"2026-03-11T08:55:23","date_gmt":"2026-03-11T05:55:23","guid":{"rendered":"https:\/\/kolektifmucadele1.org\/?p=9107"},"modified":"2026-03-11T08:55:24","modified_gmt":"2026-03-11T05:55:24","slug":"komaladan-abd-israilin-rojhilat-planina-iliskin-aciklama","status":"publish","type":"post","link":"https:\/\/kolektifmucadele1.org\/index.php\/2026\/03\/11\/komaladan-abd-israilin-rojhilat-planina-iliskin-aciklama\/","title":{"rendered":"Komala&#8217;dan ABD-\u0130srail&#8217;in &#8220;Rojhilat&#8221; plan\u0131na ili\u015fkin a\u00e7\u0131klama*"},"content":{"rendered":"\n<p>\u0130ran Kom\u00fcnist Partisi- K\u00fcrdistan \u00d6rg\u00fct\u00fc (Komala) Merkez Komitesi, ABD ve \u0130srail&#8217;in &#8220;Rojhilat plan\u0131&#8221;na ili\u015fkin a\u00e7\u0131klama yapt\u0131.<\/p>\n\n\n\n<p>ABD ve \u0130srail&#8217;in Rojhilat kentlerini de hedef ald\u0131\u011f\u0131n\u0131 belirtti, &#8220;Buna kar\u015f\u0131l\u0131k, \u0130ran rejimi, kendi g\u00fc\u00e7lerini korumak i\u00e7in bilinen en insanl\u0131k d\u0131\u015f\u0131 y\u00f6ntemlerden birine ba\u015fvuruyor: Askeri ve g\u00fcvenlik g\u00fc\u00e7lerini halk\u0131n aras\u0131na yerle\u015ftirmek&#8221; dedi, halk\u0131n, &#8220;canl\u0131 kalkan&#8221; olarak kullan\u0131ld\u0131\u011f\u0131n\u0131 belirtti. &#8220;Bu durum, bu sava\u015fta halk\u0131n can\u0131n\u0131n hi\u00e7bir taraf i\u00e7in \u00f6nem ta\u015f\u0131mad\u0131\u011f\u0131n\u0131 a\u00e7\u0131k\u00e7a g\u00f6steriyor&#8221; dedi.<\/p>\n\n\n\n<p>Rojhilat ile ilgili bas\u0131nda yer alan haberlere dikkat \u00e7eken Komala, &#8220;Yay\u0131nlanan raporlar, ABD ve \u0130srail&#8217;in baz\u0131 K\u00fcrdistan partilerinin silahl\u0131 g\u00fc\u00e7lerini \u0130ran&#8217;a kar\u015f\u0131 kara kuvveti olarak kullanmay\u0131 planlad\u0131\u011f\u0131n\u0131 g\u00f6steriyor. ABD ve \u0130srail temsilcileri ile baz\u0131 siyasi kaynaklara g\u00f6re, K\u00fcrdistan partilerinin silahl\u0131 g\u00fc\u00e7lerinin K\u00fcrdistan B\u00f6lgesi topraklar\u0131ndan \u0130ran&#8217;\u0131n K\u00fcrt b\u00f6lgelerine girip bu b\u00f6lgelerin baz\u0131lar\u0131n\u0131 kontrol alt\u0131na almas\u0131 i\u00e7in bir plan inceleniyor.<\/p>\n\n\n\n<p>S\u00f6ylenenlere g\u00f6re, bu plan \u00f6nce \u0130srail ve MOSSAD taraf\u0131ndan ortaya at\u0131lm\u0131\u015f, ard\u0131ndan ABD Merkezi \u0130stihbarat Te\u015fkilat\u0131 (CIA) da buna kat\u0131lm\u0131\u015ft\u0131r. Hatta baz\u0131 raporlar, ABD temsilcileri ile K\u00fcrdistan partilerinin bir koalisyonunun liderleri aras\u0131nda temas ve g\u00f6r\u00fc\u015fmelerin yap\u0131ld\u0131\u011f\u0131n\u0131 aktar\u0131yor. Bu plan kapsam\u0131nda, s\u00f6z konusu partilerin silahl\u0131 g\u00fc\u00e7leri ABD ve \u0130srail&#8217;in askeri ve siyasi hedeflerini ilerletmek i\u00e7in kara kuvveti olarak kullan\u0131lacakt\u0131r.&#8221;<\/p>\n\n\n\n<p><strong>&#8216;K\u00dcRD\u0130STAN SAVA\u015eIN ANA MERKEZ\u0130 HAL\u0130NE GEL\u0130R&#8217; UYARISI<\/strong><br>&#8220;B\u00f6ylesi bir politikan\u0131n K\u00fcrdistan halk\u0131 i\u00e7in sonu\u00e7lar\u0131 \u00e7ok a\u00e7\u0131k ve ayn\u0131 zamanda \u00e7ok tehlikelidir&#8221; diyen Komala, \u015fu uyar\u0131larda bulundu: &#8220;Bu partilerin silahl\u0131 g\u00fc\u00e7lerinin K\u00fcrdistan \u015fehirlerine girmesi, Tahran&#8217;daki rejim hala iktidarda oldu\u011fu s\u00fcrece, K\u00fcrdistan&#8217;\u0131 sava\u015f\u0131n ana merkezi haline getirmek anlam\u0131na gelir. B\u00f6yle bir durumda, K\u00fcrdistan&#8217;\u0131n \u015fehir ve k\u00f6yleri \u0130ran \u0130slam Cumhuriyeti ile ABD ve \u0130srail destekli g\u00fc\u00e7ler aras\u0131nda do\u011frudan sava\u015f alan\u0131na d\u00f6n\u00fc\u015f\u00fcr ve ilk ma\u011fdurlar savunmas\u0131z halk olur.&#8221;<\/p>\n\n\n\n<p>Komala, tarihsel deneyimleri hat\u0131rlatt\u0131, &#8220;B\u00fcy\u00fck g\u00fc\u00e7lerin politikalar\u0131na ve vaatlerine g\u00fcvenmek ac\u0131 sonu\u00e7lar do\u011furmaktad\u0131r&#8221; dedi ve ekledi: &#8220;1990-1991 y\u0131llar\u0131nda, K\u00f6rfez Sava\u015f\u0131 sonras\u0131 K\u00fcrdistan halk\u0131 kendi ayaklanmas\u0131yla K\u00fcrdistan B\u00f6lgesi&#8217;ni \u00f6zg\u00fcrle\u015ftirdi\u011finde, ABD h\u00fck\u00fcmetinin K\u00fcrt muhalefet partilerine verdi\u011fi vaatlere ra\u011fmen Saddam ordusu geni\u015f \u00e7apl\u0131 sald\u0131r\u0131lara ba\u015flad\u0131\u011f\u0131nda ABD ve m\u00fcttefikleri K\u00fcrt halk\u0131n\u0131 yaln\u0131z b\u0131rakt\u0131. Bunun sonucu olarak y\u00fczbinlerce Irakl\u0131 K\u00fcrt evlerini terk etmek zorunda kald\u0131 ve da\u011flarda s\u00fcr\u00fcnd\u00fc; bir\u00e7ok \u00e7ocuk ve ya\u015fl\u0131 hayat\u0131n\u0131 kaybetti.&#8221;<\/p>\n\n\n\n<p>Rojava&#8217;daki geli\u015fmelere dikkat \u00e7eken Komala, &#8220;Suriye&#8217;deki K\u00fcrt g\u00fc\u00e7leri uluslararas\u0131 m\u00fcttefikleri taraf\u0131ndan defalarca yaln\u0131z b\u0131rak\u0131lma tehlikesiyle kar\u015f\u0131la\u015ft\u0131 ve her seferinde siyasi ve askeri dengeler de\u011fi\u015ftik\u00e7e b\u00fcy\u00fck g\u00fc\u00e7lerin politikalar\u0131 da de\u011fi\u015fti&#8221; diye belirtti. Bu senaryonun b\u00f6lgesel sonu\u00e7lar\u0131na da dikkat \u00e7eken Komala, &#8220;\u00c7at\u0131\u015fmalar yay\u0131l\u0131r ve K\u00fcrdistan partilerinin silahl\u0131 g\u00fc\u00e7leri sava\u015fa girerse, Irak K\u00fcrdistan B\u00f6lgesi de ciddi tehlikelerle kar\u015f\u0131 kar\u015f\u0131ya kalacakt\u0131r. \u0130ran rejimi ve ona ba\u011fl\u0131 Ha\u015fdi \u015eabi gruplar\u0131, K\u00fcrdistan B\u00f6lgesi halk\u0131na bask\u0131 uygulamak i\u00e7in her t\u00fcrl\u00fc eyleme haz\u0131r olduklar\u0131n\u0131 defalarca g\u00f6stermi\u015ftir&#8221; uyar\u0131s\u0131n\u0131 yapt\u0131.<\/p>\n\n\n\n<p><strong>T\u00dcRK DEVLET\u0130N\u0130N ROL\u00dcNE D\u0130KKAT \u00c7EKT\u0130<\/strong><br>T\u00fcrk devletinin rol\u00fcn\u00fcn de g\u00f6zard\u0131 edilmemesi gerekti\u011fini belirten Komala, &#8220;T\u00fcrk devleti, K\u00fcrt sorununu her zaman kendi i\u00e7 g\u00fcvenlik sorunu olarak de\u011ferlendiriyor ve b\u00f6lgedeki K\u00fcrt halk hareketlerini s\u0131n\u0131rlamak ve engellemek i\u00e7in hi\u00e7bir f\u0131rsat\u0131 ka\u00e7\u0131rmaz. Mevcut geli\u015fmeler, T\u00fcrk devletine de do\u011frudan veya dolayl\u0131 m\u00fcdahalelerle K\u00fcrdistan halk\u0131n\u0131n hakl\u0131 m\u00fccadelesine darbe vurma f\u0131rsat\u0131 sunabilir&#8221; dedi.<\/p>\n\n\n\n<p>\u0130ran Kom\u00fcnist Partisi- K\u00fcrdistan \u00d6rg\u00fct\u00fc (Komala) Merkez Komitesi, &#8220;Bu nedenle \u0130ran K\u00fcrdistan&#8217;\u0131n\u0131n k\u00fcresel ve b\u00f6lgesel g\u00fc\u00e7lerin vekalet sava\u015f alan\u0131na d\u00f6n\u00fc\u015fmesi, halk\u0131n \u00f6zg\u00fcrl\u00fc\u011f\u00fcne yaramayacak, aksine bu b\u00f6lge halk\u0131 ve t\u00fcm \u0130ran&#8217;daki \u00f6zg\u00fcrl\u00fck hareketi i\u00e7in b\u00fcy\u00fck bir felaket do\u011furacakt\u0131r&#8221; uyar\u0131s\u0131n\u0131 yapt\u0131.<\/p>\n\n\n\n<p><strong>&#8216;ABD VE \u0130SRA\u0130L&#8217;\u0130N \u0130TT\u0130FAKLARINDA YOKUZ&#8217;<\/strong><br>Komala sava\u015f kar\u015f\u0131s\u0131ndaki kendi tutumunu bir kez daha hat\u0131rlatt\u0131: &#8220;Komala, K\u00fcrdistan halk\u0131 aras\u0131nda k\u00f6kl\u00fc bir devrimci g\u00fc\u00e7t\u00fcr ve onlarca y\u0131ld\u0131r \u0130ran \u0130slam Cumhuriyeti&#8217;ne kar\u015f\u0131 m\u00fccadelenin \u00f6n saflar\u0131nda yer almaktad\u0131r. Bu m\u00fccadele ger\u00e7ek, bedellerle \u00f6r\u00fclm\u00fc\u015f ve s\u00fcreklile\u015fmi\u015f, binlerce \u00f6zg\u00fcr insan bu yolda hayat\u0131n\u0131 kaybetmi\u015ftir. Ancak bu m\u00fccadele deneyimi bize \u00f6nemli bir ders sunmu\u015ftur: \u00d6zg\u00fcrl\u00fck, e\u015fitlik ve ulusal bask\u0131dan kurtulu\u015f gibi kal\u0131c\u0131 kazan\u0131mlar, halk\u0131n kendi g\u00fcc\u00fcne dayanarak elde edilir. Komala, \u0130ran rejimine kar\u015f\u0131 ciddi ve kesintisiz m\u00fccadele ederken, ABD ve \u0130srail politikalar\u0131 do\u011frultusunda herhangi bir ittifaka veya projeye kat\u0131lmayacakt\u0131r.&#8221;<\/p>\n\n\n\n<p>&#8220;Biz ne b\u00fcy\u00fck g\u00fc\u00e7lerin askeri projelerinin bir par\u00e7as\u0131y\u0131z ne de K\u00fcrdistan halk\u0131n\u0131n adil m\u00fccadelesinin jeopolitik oyunlar\u0131n arac\u0131 olmas\u0131na izin verece\u011fiz&#8221; diyen Komala, &#8220;M\u00fccadelemiz \u00f6zg\u00fcrl\u00fck, e\u015fitlik ve halk\u0131n kendi kaderini tayin hakk\u0131 i\u00e7indir; ABD ve \u0130srail gibi halklar\u0131n haklar\u0131n\u0131 ihlal eden ve emperyalist politikalar izleyen devletlerin hedeflerini ilerletmek i\u00e7in de\u011fil&#8221; diye belirtti.<\/p>\n\n\n\n<p>&#8220;K\u00fcrdistan ve \u0130ran halk\u0131n\u0131n kaderi kendi ellerinde \u015fekillenmelidir&#8221; diyen Komala, a\u00e7\u0131klamas\u0131nda son olarak \u015funlar\u0131 belirtti: &#8220;Ger\u00e7ek m\u00fcttefiklerimiz i\u015f\u00e7iler, kad\u0131nlar, gen\u00e7ler, \u00f6\u011fretmenler, ezilen halklar ve t\u00fcm \u00f6zg\u00fcrl\u00fck g\u00fc\u00e7leridir; her g\u00fcn politikalar\u0131n\u0131 de\u011fi\u015ftiren ve d\u00fcn ile bug\u00fcn aras\u0131nda fark g\u00f6zetmeyen devletler de\u011fil. Bug\u00fcn her zamankinden daha \u00f6nemli olan, K\u00fcrdistan halk hareketinin siyasi ba\u011f\u0131ms\u0131zl\u0131\u011f\u0131n\u0131 korumak ve bu hareketin ABD ve \u0130srail&#8217;in politikalar\u0131n\u0131n arac\u0131 haline gelmesini engellemektir. Komala, K\u00fcrdistan halk\u0131n\u0131n ve t\u00fcm \u00f6zg\u00fcrl\u00fck yanl\u0131s\u0131 \u0130ran halklar\u0131n\u0131n yan\u0131ndad\u0131r. \u0130ran \u0130slam Cumhuriyeti&#8217;ne kar\u015f\u0131 m\u00fccadele ettik ve etmeye devam edece\u011fiz. Ancak bu m\u00fccadeleyi, ba\u011f\u0131ms\u0131z politikam\u0131z \u00e7er\u00e7evesinde ve toplumun kendi g\u00fcc\u00fcne dayanarak y\u00fcr\u00fctece\u011fiz; b\u00fcy\u00fck g\u00fc\u00e7lerin projeleri \u00e7er\u00e7evesinde de\u011fil.&#8221;<\/p>\n\n\n\n<p><strong>*<\/strong>\u0130brahim Alizadeh&#8217;in liderli\u011fi yapt\u0131\u011f\u0131 Komala.<\/p>\n\n\n\n<p>Kaynak:&nbsp;<a href=\"https:\/\/komalah.org\/%D8%A8%DB%8C%D8%A7%D9%86%DB%8C%D9%87-%DA%A9%D9%85%DB%8C%D8%AA%D9%87-%D9%85%D8%B1%DA%A9%D8%B2%DB%8C-%DA%A9%DB%86%D9%85%DB%95%DA%B5%DB%95-%D8%AF%D8%B1%D8%A8%D8%A7%D8%B1%D9%87-%D8%AA%D9%84%D8%A7%D8%B4\/\">https:\/\/komalah.org\/%D8%A8%DB%8C%D8%A7%D9%86%DB%8C%D9%87-%DA%A9%D9%85%DB%8C%D8%AA%D9%87-%D9%85%D8%B1%DA%A9%D8%B2%DB%8C-%DA%A9%DB%86%D9%85%DB%95%DA%B5%DB%95-%D8%AF%D8%B1%D8%A8%D8%A7%D8%B1%D9%87-%D8%AA%D9%84%D8%A7%D8%B4\/<\/a><\/p>\n\n\n\n<p>KY; EHA<\/p>\n","protected":false},"excerpt":{"rendered":"<p>\u0130ran Kom\u00fcnist Partisi- K\u00fcrdistan \u00d6rg\u00fct\u00fc (Komala) Merkez&#46;&#46;&#46;<\/p>\n","protected":false},"author":3,"featured_media":9109,"comment_status":"closed","ping_status":"closed","sticky":false,"template":"","format":"standard","meta":{"footnotes":""},"categories":[11,29,8],"tags":[],"manset":[],"class_list":["post-9107","post","type-post","status-publish","format-standard","has-post-thumbnail","hentry","category-dunya","category-manset","category-sectiklerimiz"],"amp_enabled":true,"_links":{"self":[{"href":"https:\/\/kolektifmucadele1.org\/index.php\/wp-json\/wp\/v2\/posts\/9107","targetHints":{"allow":["GET"]}}],"collection":[{"href":"https:\/\/kolektifmucadele1.org\/index.php\/wp-json\/wp\/v2\/posts"}],"about":[{"href":"https:\/\/kolektifmucadele1.org\/index.php\/wp-json\/wp\/v2\/types\/post"}],"author":[{"embeddable":true,"href":"https:\/\/kolektifmucadele1.org\/index.php\/wp-json\/wp\/v2\/users\/3"}],"replies":[{"embeddable":true,"href":"https:\/\/kolektifmucadele1.org\/index.php\/wp-json\/wp\/v2\/comments?post=9107"}],"version-history":[{"count":1,"href":"https:\/\/kolektifmucadele1.org\/index.php\/wp-json\/wp\/v2\/posts\/9107\/revisions"}],"predecessor-version":[{"id":9110,"href":"https:\/\/kolektifmucadele1.org\/index.php\/wp-json\/wp\/v2\/posts\/9107\/revisions\/9110"}],"wp:featuredmedia":[{"embeddable":true,"href":"https:\/\/kolektifmucadele1.org\/index.php\/wp-json\/wp\/v2\/media\/9109"}],"wp:attachment":[{"href":"https:\/\/kolektifmucadele1.org\/index.php\/wp-json\/wp\/v2\/media?parent=9107"}],"wp:term":[{"taxonomy":"category","embeddable":true,"href":"https:\/\/kolektifmucadele1.org\/index.php\/wp-json\/wp\/v2\/categories?post=9107"},{"taxonomy":"post_tag","embeddable":true,"href":"https:\/\/kolektifmucadele1.org\/index.php\/wp-json\/wp\/v2\/tags?post=9107"},{"taxonomy":"manset","embeddable":true,"href":"https:\/\/kolektifmucadele1.org\/index.php\/wp-json\/wp\/v2\/manset?post=9107"}],"curies":[{"name":"wp","href":"https:\/\/api.w.org\/{rel}","templated":true}]}}