{"id":9111,"date":"2026-03-11T23:28:54","date_gmt":"2026-03-11T20:28:54","guid":{"rendered":"https:\/\/kolektifmucadele1.org\/?p=9111"},"modified":"2026-03-11T23:28:54","modified_gmt":"2026-03-11T20:28:54","slug":"salih-muslim-yasamini-yitirdi","status":"publish","type":"post","link":"https:\/\/kolektifmucadele1.org\/index.php\/2026\/03\/11\/salih-muslim-yasamini-yitirdi\/","title":{"rendered":"Salih Muslim ya\u015fam\u0131n\u0131 yitirdi"},"content":{"rendered":"\n<p>PYD E\u015fba\u015fkanl\u0131k Konseyi \u00fcyesi Salih Muslim, Hewl\u00ear&#8217;de tedavi g\u00f6rd\u00fc\u011f\u00fc hastanede ya\u015fam\u0131n\u0131 yitirdi.&nbsp;Muslim\u2019in \u00f6l\u00fcm\u00fcn\u00fcn b\u00f6brek yetmezli\u011finden kaynakland\u0131\u011f\u0131 bildirildi.&nbsp;Koban\u00ea do\u011fumlu Muslim, 75 ya\u015f\u0131ndayd\u0131.<\/p>\n\n\n\n<p>Salih M\u00fcslim Muhammed, 3 Mart 1951\u2019de yurtseverlik de\u011ferlerinin g\u00fc\u00e7l\u00fc oldu\u011fu Koban\u00ea\u2019de do\u011fdu. Lise d\u00f6nemine kadar \u00f6\u011frenimini Rojava ve Suriye\u2019de yapt\u0131. \u00dcniversiteyi ise 1977 y\u0131l\u0131nda \u0130stanbul Teknik \u00dcniversitesi\u2019nde okudu. \u00c7al\u0131\u015fmak i\u00e7in bir s\u00fcre Suudi Arabistan\u2019a gitti. Yurtseverlik duygular\u0131 g\u00fc\u00e7l\u00fc olan Muslim, 1983 y\u0131l\u0131nda \u00d6nder Apo\u2019yu ziyaret etti. 2003 y\u0131l\u0131nda ya\u015fanan Qami\u015flo Katliam\u0131 \u00fczerine Be\u015far Esed\u2019a yazd\u0131\u011f\u0131 bir mektuptan dolay\u0131 tutuklanarak 7 ay hapsedildi. &nbsp;<\/p>\n\n\n\n<p>Hapishaneden \u00e7\u0131kt\u0131ktan sonra 2003 y\u0131l\u0131nda yeni kurulan Demokratik Birlik Partisi&#8217;ne (PYD) kat\u0131ld\u0131 ve y\u00fcr\u00fctme kurulu \u00fcyesi oldu. 2010 y\u0131l\u0131nda ise PYD e\u015f ba\u015fkan\u0131 se\u00e7ildi. Bu y\u0131llarda Suriye\u2019nin gelece\u011fini m\u00fczakere etmek \u00fczere T\u00fcrk devlet yetkilileriyle g\u00f6r\u00fc\u015ft\u00fc.<\/p>\n\n\n\n<p>Muslim&#8217;in o\u011flu \u015eervan Muslim, 2013&#8217;te Gir\u00ea Sp\u00ee&#8217;ye sald\u0131ran El Nusra \u00e7etelerine kar\u015f\u0131 sava\u015f\u0131rken \u015fehit d\u00fc\u015ft\u00fc.&nbsp;<\/p>\n\n\n\n<p>Muslim, Eyl\u00fcl 2017&#8217;de Demokratik Toplum Hareketi\u2019nin (TEV-DEM) d\u0131\u015f ili\u015fkiler sorumlulu\u011funu y\u00fcr\u00fctt\u00fc. Hem PYD E\u015fba\u015fkanl\u0131\u011f\u0131 hem de TEV-DEM\u2019deki g\u00f6revi s\u00fcrecinde, ulusal ve uluslararas\u0131 d\u00fczeyde y\u00fcr\u00fctt\u00fc\u011f\u00fc \u00e7al\u0131\u015fmalarla \u00f6nemli bir akt\u00f6r durumuna geldi.<\/p>\n\n\n\n<p>19 Mart 2022&#8217;de d\u00fczenlenen PYD&#8217;nin 9. kongresinde yeniden PYD e\u015f ba\u015fkanl\u0131\u011f\u0131na se\u00e7ildi. \u0130ki y\u0131l sonra yap\u0131lan 10. Kongrede ise e\u015f ba\u015fkanl\u0131k g\u00f6revini devrederek, PYD E\u015fba\u015fkanl\u0131k Konseyi \u00fcyeli\u011fi g\u00f6revini s\u00fcrd\u00fcrd\u00fc.<\/p>\n\n\n\n<p>Salih Muslim, b\u00f6brek yetmezli\u011fi nedeniyle tedavi g\u00f6rd\u00fc\u011f\u00fc Hewl\u00ear\u2019de 11 Mart 2026\u2019da ya\u015fam\u0131n\u0131 yitirdi. ANF<\/p>\n","protected":false},"excerpt":{"rendered":"<p>PYD E\u015fba\u015fkanl\u0131k Konseyi \u00fcyesi Salih Muslim, Hewl\u00ear&#8217;de&#46;&#46;&#46;<\/p>\n","protected":false},"author":3,"featured_media":9113,"comment_status":"closed","ping_status":"closed","sticky":false,"template":"","format":"standard","meta":{"footnotes":""},"categories":[11,5,29],"tags":[],"manset":[],"class_list":["post-9111","post","type-post","status-publish","format-standard","has-post-thumbnail","hentry","category-dunya","category-etkinlikler","category-manset"],"amp_enabled":true,"_links":{"self":[{"href":"https:\/\/kolektifmucadele1.org\/index.php\/wp-json\/wp\/v2\/posts\/9111","targetHints":{"allow":["GET"]}}],"collection":[{"href":"https:\/\/kolektifmucadele1.org\/index.php\/wp-json\/wp\/v2\/posts"}],"about":[{"href":"https:\/\/kolektifmucadele1.org\/index.php\/wp-json\/wp\/v2\/types\/post"}],"author":[{"embeddable":true,"href":"https:\/\/kolektifmucadele1.org\/index.php\/wp-json\/wp\/v2\/users\/3"}],"replies":[{"embeddable":true,"href":"https:\/\/kolektifmucadele1.org\/index.php\/wp-json\/wp\/v2\/comments?post=9111"}],"version-history":[{"count":1,"href":"https:\/\/kolektifmucadele1.org\/index.php\/wp-json\/wp\/v2\/posts\/9111\/revisions"}],"predecessor-version":[{"id":9114,"href":"https:\/\/kolektifmucadele1.org\/index.php\/wp-json\/wp\/v2\/posts\/9111\/revisions\/9114"}],"wp:featuredmedia":[{"embeddable":true,"href":"https:\/\/kolektifmucadele1.org\/index.php\/wp-json\/wp\/v2\/media\/9113"}],"wp:attachment":[{"href":"https:\/\/kolektifmucadele1.org\/index.php\/wp-json\/wp\/v2\/media?parent=9111"}],"wp:term":[{"taxonomy":"category","embeddable":true,"href":"https:\/\/kolektifmucadele1.org\/index.php\/wp-json\/wp\/v2\/categories?post=9111"},{"taxonomy":"post_tag","embeddable":true,"href":"https:\/\/kolektifmucadele1.org\/index.php\/wp-json\/wp\/v2\/tags?post=9111"},{"taxonomy":"manset","embeddable":true,"href":"https:\/\/kolektifmucadele1.org\/index.php\/wp-json\/wp\/v2\/manset?post=9111"}],"curies":[{"name":"wp","href":"https:\/\/api.w.org\/{rel}","templated":true}]}}