{"id":9115,"date":"2026-03-11T23:35:26","date_gmt":"2026-03-11T20:35:26","guid":{"rendered":"https:\/\/kolektifmucadele1.org\/?p=9115"},"modified":"2026-03-11T23:35:26","modified_gmt":"2026-03-11T20:35:26","slug":"berkin-elvan-katledilisinin-12-yilinda-mezari-basinda-anildi","status":"publish","type":"post","link":"https:\/\/kolektifmucadele1.org\/index.php\/2026\/03\/11\/berkin-elvan-katledilisinin-12-yilinda-mezari-basinda-anildi\/","title":{"rendered":"Berkin Elvan katledili\u015finin 12. y\u0131l\u0131nda mezar\u0131 ba\u015f\u0131nda an\u0131ld\u0131"},"content":{"rendered":"\n<p>Gezi Direni\u015fi s\u0131ras\u0131nda oturdu\u011fu Okmeydan\u0131\u2019nda polis Fatih Dalgal\u0131\u2019n\u0131n hedef g\u00f6zeterek ate\u015fledi\u011fi gaz fi\u015fe\u011fi kaps\u00fcl\u00fcn\u00fcn ba\u015f\u0131na isabet etmesi sonucu a\u011f\u0131r yaralanan ve hastanede 15 ya\u015f\u0131n\u0131 bile g\u00f6remeden hayat\u0131n\u0131 kaybeden Berkin Elvan, Ferik\u00f6y Mezarl\u0131\u011f\u0131\u2019ndaki mezar\u0131 ba\u015f\u0131nda an\u0131ld\u0131.<\/p>\n\n\n\n<p>Berkin Elvan\u2019\u0131n ailesi ve avukatlar\u0131n\u0131n \u00e7a\u011fr\u0131s\u0131yla ger\u00e7ekle\u015fen anmaya; HDK E\u015f S\u00f6zc\u00fcs\u00fc Meral Dan\u0131\u015f Be\u015fta\u015f, \u0130HD E\u015f Genel Ba\u015fkan\u0131 Oya Ersoy, Cumartesi Anneleri, gen\u00e7lik \u00f6rg\u00fctleri ile \u00e7ok say\u0131da demokratik kitle \u00f6rg\u00fct\u00fc ve siyasi parti temsilcisi kat\u0131ld\u0131. Berkin Elvan\u2019\u0131n foto\u011fraf\u0131n\u0131n yer ald\u0131\u011f\u0131 \u201c15\u2019inde bir fidan Berkin Elvan\u201d d\u00f6vizlerinin ta\u015f\u0131nd\u0131\u011f\u0131 anmada, \u201cBerkin Elvan \u00f6l\u00fcms\u00fczd\u00fcr\u201d sloganlar\u0131 at\u0131ld\u0131.<\/p>\n\n\n\n<p>Berkin Elvan\u2019\u0131n annesi G\u00fcls\u00fcm Elvan\u2019\u0131n o\u011flunun mezar\u0131 ba\u015f\u0131nda a\u011f\u0131tlar yakt\u0131\u011f\u0131 anmada, demokrasi m\u00fccadelesinde hayat\u0131n\u0131 kaybedenler i\u00e7in bir dakikal\u0131k sayg\u0131 duru\u015funda bulunuldu. Anmada ilk s\u00f6z\u00fc alan Elvan ailesinin avukatlar\u0131ndan \u00c7i\u011fdem Akbulut, Berkin Elvan\u2019\u0131n vuruldu\u011fu ilk g\u00fcnden bu yana adaletin sa\u011flanmas\u0131 i\u00e7in omuz omuza m\u00fccadele ettiklerini hat\u0131rlatt\u0131.<\/p>\n\n\n\n<p>Akbulut, Berkin Elvan\u2019\u0131 vuran polis Fatih Dalgal\u0131\u2019n\u0131n 16 y\u0131l 8 ay hapis cezas\u0131 almas\u0131na ra\u011fmen tutuklanmad\u0131\u011f\u0131n\u0131 belirterek, \u201cGeldi\u011fimiz noktada Fatih Dalgal\u0131\u2019n\u0131n \u015fu an hapis cezas\u0131n\u0131 \u00e7ekip \u00e7ekmedi\u011fine dair bir bilgi sahibi olam\u0131yoruz. Ba\u015fvurdu\u011fumuz yetkili merciler bize bu konuda bilgi vermiyor. Devlet Fatih Dalgal\u0131\u2019y\u0131 korumaya devam ediyor\u201d dedi.<\/p>\n\n\n\n<p>Polis Fatih Dalgal\u0131\u2019n\u0131n devlet taraf\u0131ndan korunmaya devam edildi\u011fini ifade eden Akbulut, Berkin Elvan\u2019\u0131n avukatlar\u0131 Can Atalay ve Oya Aslan ile Taksim Dayan\u0131\u015fmas\u0131\u2019ndan Tayfun Karaman\u2019\u0131n, Anayasa Mahkemesi\u2019nin ihlal kararlar\u0131na ra\u011fmen tahliye edilmediklerini hat\u0131rlatt\u0131. Akbulut, \u201cM\u00fccadelemiz yaln\u0131zca Berkin i\u00e7in de\u011fil, b\u00fct\u00fcn \u00e7ocuklar\u0131m\u0131z i\u00e7in. Katiller ve sorumlular ger\u00e7ek cezalarla kar\u015f\u0131la\u015f\u0131ncaya ve bir daha hi\u00e7bir halk \u00e7ocu\u011funun katledilemeyece\u011fi bir d\u00fczen kuruluncaya kadar m\u00fccadelemiz s\u00fcrecek\u201d diye konu\u015ftu.<\/p>\n\n\n\n<p>Berkin Elvan\u2019\u0131n annesi G\u00fcls\u00fcm Elvan ise Cumhurba\u015fkan\u0131 Erdo\u011fan\u2019\u0131n 8 Mart D\u00fcnya Kad\u0131nlar G\u00fcn\u00fc dolay\u0131s\u0131yla yapt\u0131\u011f\u0131 konu\u015fmaya at\u0131fta bulunarak, \u201cErdo\u011fan \u00e7ocuklar ve kad\u0131nlar i\u00e7in adalet dedi. Peki adalet isterken \u00e7ocu\u011fumu hat\u0131rl\u0131yor musun? Emri sen verdin, bunu hat\u0131rl\u0131yor musun? Bu konu\u015fmalar\u0131 yaparken bunlar\u0131 hat\u0131rla\u201d s\u00f6zleriyle tepki g\u00f6sterdi.<\/p>\n\n\n\n<p>Y\u0131llar i\u00e7inde \u00e7ok say\u0131da Adalet Bakan\u0131 de\u011fi\u015fti\u011fini ancak adaletin hi\u00e7 gelmedi\u011fini vurgulayan G\u00fcls\u00fcm Elvan, yeni atanan Adalet Bakan\u0131 Ak\u0131n G\u00fcrlek\u2019e seslenerek, \u201cEmri verenden, o d\u00f6nemin emniyet m\u00fcd\u00fcr\u00fcnden, valisinden, bakanlar\u0131ndan \u015fik\u00e2yet\u00e7iyim. Benim \u00e7ocu\u011fumun katillerini yarg\u0131lay\u0131n\u201d dedi.<\/p>\n\n\n\n<p>Berkin Elvan\u2019\u0131n babas\u0131 Sami Elvan ise adalet terazisinin \u00e7ok a\u011f\u0131r i\u015fledi\u011fini belirterek, \u201cUmuyorum bize bunlar\u0131 reva g\u00f6renler de bunun bedelini \u00f6der. Buna y\u00fcrekten inan\u0131yorum. Biz de bu teraziyi kendi y\u00f6n\u00fcm\u00fcze \u00e7evirmek i\u00e7in m\u00fccadelemizi sonuna kadar s\u00fcrd\u00fcrece\u011fiz\u201d ifadelerini kulland\u0131.<\/p>\n\n\n\n<p>Anmada son olarak konu\u015fan Berkin Elvan\u2019\u0131n ablas\u0131 \u00d6zge Elvan, adalet taleplerini yineleyerek \u015funlar\u0131 s\u00f6yledi: \u201cBiz adalet istiyoruz. Sadece teti\u011fi \u00e7ekenin de\u011fil, emri verenlerin de adalet \u00f6n\u00fcnde hesap vermesini istiyoruz. Berkin\u2019imizin \u00e7ocuklu\u011funu, gelece\u011fini ve hayallerini \u00e7alanlar\u0131n bir an \u00f6nce hesap vermesini istiyoruz. Berkin nezdinde katledilen t\u00fcm \u00e7ocuklar i\u00e7in adalet istiyoruz. O\u011flumuz, can\u0131m\u0131z, yavrumuz Berkin\u2019imiz; ka\u00e7 y\u0131l ge\u00e7erse ge\u00e7sin sana ya\u015fat\u0131lan zulm\u00fc unutmayaca\u011f\u0131z, seni bizden koparanlar\u0131 asla affetmeyece\u011fiz. Elbet bir g\u00fcn yatt\u0131\u011f\u0131n yerde rahat uyuyabilmeni sa\u011flayaca\u011f\u0131z.\u201d<\/p>\n","protected":false},"excerpt":{"rendered":"<p>Gezi Direni\u015fi s\u0131ras\u0131nda oturdu\u011fu Okmeydan\u0131\u2019nda polis Fatih&#46;&#46;&#46;<\/p>\n","protected":false},"author":3,"featured_media":9117,"comment_status":"closed","ping_status":"closed","sticky":false,"template":"","format":"standard","meta":{"footnotes":""},"categories":[5,29],"tags":[],"manset":[],"class_list":["post-9115","post","type-post","status-publish","format-standard","has-post-thumbnail","hentry","category-etkinlikler","category-manset"],"amp_enabled":true,"_links":{"self":[{"href":"https:\/\/kolektifmucadele1.org\/index.php\/wp-json\/wp\/v2\/posts\/9115","targetHints":{"allow":["GET"]}}],"collection":[{"href":"https:\/\/kolektifmucadele1.org\/index.php\/wp-json\/wp\/v2\/posts"}],"about":[{"href":"https:\/\/kolektifmucadele1.org\/index.php\/wp-json\/wp\/v2\/types\/post"}],"author":[{"embeddable":true,"href":"https:\/\/kolektifmucadele1.org\/index.php\/wp-json\/wp\/v2\/users\/3"}],"replies":[{"embeddable":true,"href":"https:\/\/kolektifmucadele1.org\/index.php\/wp-json\/wp\/v2\/comments?post=9115"}],"version-history":[{"count":1,"href":"https:\/\/kolektifmucadele1.org\/index.php\/wp-json\/wp\/v2\/posts\/9115\/revisions"}],"predecessor-version":[{"id":9118,"href":"https:\/\/kolektifmucadele1.org\/index.php\/wp-json\/wp\/v2\/posts\/9115\/revisions\/9118"}],"wp:featuredmedia":[{"embeddable":true,"href":"https:\/\/kolektifmucadele1.org\/index.php\/wp-json\/wp\/v2\/media\/9117"}],"wp:attachment":[{"href":"https:\/\/kolektifmucadele1.org\/index.php\/wp-json\/wp\/v2\/media?parent=9115"}],"wp:term":[{"taxonomy":"category","embeddable":true,"href":"https:\/\/kolektifmucadele1.org\/index.php\/wp-json\/wp\/v2\/categories?post=9115"},{"taxonomy":"post_tag","embeddable":true,"href":"https:\/\/kolektifmucadele1.org\/index.php\/wp-json\/wp\/v2\/tags?post=9115"},{"taxonomy":"manset","embeddable":true,"href":"https:\/\/kolektifmucadele1.org\/index.php\/wp-json\/wp\/v2\/manset?post=9115"}],"curies":[{"name":"wp","href":"https:\/\/api.w.org\/{rel}","templated":true}]}}