{"id":9119,"date":"2026-03-12T02:18:48","date_gmt":"2026-03-11T23:18:48","guid":{"rendered":"https:\/\/kolektifmucadele1.org\/?p=9119"},"modified":"2026-03-12T02:18:48","modified_gmt":"2026-03-11T23:18:48","slug":"devrimci-karargah-bayram-akdogdu-ali-haydar-ile-ilgili-aciklama-yapti","status":"publish","type":"post","link":"https:\/\/kolektifmucadele1.org\/index.php\/2026\/03\/12\/devrimci-karargah-bayram-akdogdu-ali-haydar-ile-ilgili-aciklama-yapti\/","title":{"rendered":"Devrimci Kararg\u00e2h: Bayram Akdo\u011fdu (Ali Haydar) ile ilgili a\u00e7\u0131klama yapt\u0131"},"content":{"rendered":"\n<p>Devrimci Kararg\u00e2h, daha \u00f6nce yapt\u0131\u011f\u0131 a\u00e7\u0131klamada, \u00f6rg\u00fct kadrolar\u0131ndan Bayram Akdo\u011fdu\u2019nun (Ali Haydar) ya\u015fam\u0131n\u0131 yitirdi\u011fini bu konuda geni\u015f a\u00e7\u0131klama yap\u0131laca\u011f\u0131n\u0131 ifade etmi\u015fti. &nbsp;10 Mart 2026 tarihinde yap\u0131lan a\u00e7\u0131klamada, Akdo\u011fdu\u2019nun 3 Mart 2026 tarihinde ge\u00e7irdi\u011fi ani kalp krizi sonucu hayat\u0131n\u0131 kaybetti\u011fi ifade edildi.<\/p>\n\n\n\n<p>A\u00e7\u0131klamada Bayram Akdo\u011fdu\u2019nun ya\u015fam\u0131 ve m\u00fccadelesi \u015f\u00f6yle \u00f6zetlendi: 1983 y\u0131l\u0131nda Tokat\u2019\u0131n Zile il\u00e7esinde emek\u00e7i bir Alevi ailesinde d\u00fcnyaya gelen Akdo\u011fdu, gen\u00e7 ya\u015flardan itibaren s\u00f6m\u00fcr\u00fcye ve e\u015fitsizli\u011fe kar\u015f\u0131 m\u00fccadele bilinci geli\u015ftirdi. \u0130stanbul\u2019un Gazi Mahallesi\u2019nde devrimci \u00e7evrelerle tan\u0131\u015ft\u0131ktan sonra bir d\u00f6nem sosyalist bas\u0131n emek\u00e7isi olarak Devrimci Cephe dergisi \u00e7al\u0131\u015fmalar\u0131nda yer ald\u0131, kalemi ve eme\u011fiyle devrimci bas\u0131n alan\u0131na katk\u0131 sundu.<\/p>\n\n\n\n<p>A\u00e7\u0131klamada Akdo\u011fdu ile ilgili \u015fu ifadelere de yer var\u0131ld\u0131:<\/p>\n\n\n\n<p>\u201cBir s\u00fcre \u00f6zg\u00fcr da\u011flarda g\u00f6rev yapan yolda\u015f\u0131m\u0131z bu alanda da emektar ve \u00fcretken bir pratik geli\u015ftirdi. Ancak onun y\u00fcre\u011fi her zaman s\u0131cak m\u00fccadele alanlar\u0131na ak\u0131yordu. Geldi\u011fi metropollerin sokaklar\u0131nda, burada kazand\u0131\u011f\u0131 deneyimle m\u00fccadeleyi b\u00fcy\u00fctmek istiyordu. Bu y\u00f6ndeki talebi \u00fczerine bir s\u00fcre sonra \u00fclkenin s\u0131cak m\u00fccadele alanlar\u0131na geri d\u00f6nd\u00fc.<\/p>\n\n\n\n<p>\u00dclkeye d\u00f6nen yolda\u015f\u0131m\u0131z bu s\u00fcre\u00e7te tutsak d\u00fc\u015ft\u00fc. Ancak zindanlar onun iradesini k\u0131ramad\u0131. Tersine, tutsakl\u0131k ko\u015fullar\u0131nda direni\u015fin \u00f6n saflar\u0131nda yer ald\u0131. Zindanlar\u0131 bir teslimiyet alan\u0131 de\u011fil, devrimci iradenin \u00e7elikle\u015fti\u011fi bir m\u00fccadele okulu haline getirdi. Fa\u015fizmin zindanlar\u0131nda boyun e\u011fmeyen, direnen ve m\u00fccadeleyi b\u00fcy\u00fcten bir devrimci olarak yolda\u015flar\u0131yla kenetlendi.\u201d<\/p>\n\n\n\n<p>Metinde ayr\u0131ca Rojava\u2019daki s\u00fcrecine ili\u015fkin \u015fu ifadeler yer ald\u0131:<\/p>\n\n\n\n<p>\u201cYolda\u015f\u0131m\u0131z, Rojava\u2019da \u00e7etelerin K\u00fcrt halk\u0131na y\u00f6nelik sald\u0131r\u0131lar\u0131n\u0131n yo\u011funla\u015ft\u0131\u011f\u0131 ve Kobani direni\u015finin t\u00fcm d\u00fcnyan\u0131n g\u00fcndemi oldu\u011fu g\u00fcnlerde, \u00f6rg\u00fct\u00fcn y\u00f6nelimiyle y\u00f6n\u00fcn\u00fc yeniden m\u00fccadelenin en s\u0131cak cephelerine \u00e7evirdi. Burada T\u00fcrk ve K\u00fcrt halklar\u0131n\u0131n, i\u015f\u00e7ilerin ve emek\u00e7ilerin birli\u011fini savunmak i\u00e7in sava\u015f\u0131n \u00f6n saflar\u0131nda yer ald\u0131.\u201d<\/p>\n\n\n\n<p>A\u00e7\u0131klamaya g\u00f6re, Akdo\u011fdu\u2019nun Rojava\u2019daki g\u00f6revleri yaln\u0131zca bir enternasyonalist dayan\u0131\u015fma sorumlulu\u011fu de\u011fil, ayn\u0131 zamanda halklar\u0131n \u00f6zg\u00fcr ve e\u015fit gelece\u011fi i\u00e7in y\u00fcr\u00fct\u00fclen sosyalist m\u00fccadelenin bir gere\u011fiydi. Rojava\u2019da cephelerde g\u00f6sterdi\u011fi kararl\u0131l\u0131k, fedak\u00e2rl\u0131k ve devrimci prati\u011fi, onun m\u00fccadeleye olan ba\u011fl\u0131l\u0131\u011f\u0131n\u0131n somut bir g\u00f6stergesiydi.<\/p>\n\n\n\n<p>\u201cBayram yolda\u015f, Rojava\u2019dan \u015eengal\u2019e, \u015eengal\u2019den Hol\u2019a kadar bir\u00e7ok \u00f6zg\u00fcrle\u015ftirme m\u00fccadelesinde yolda\u015flar\u0131yla birlikte yer ald\u0131. En \u00f6n cephelerde, en s\u0131cak mevzilerde yer alarak komutanla\u015fan yolda\u015f\u0131m\u0131z hem K\u00fcrt halk\u0131n\u0131n hem de t\u00fcm halklar\u0131n \u00f6zg\u00fcrl\u00fck m\u00fccadelesine katk\u0131 sundu.\u201d<\/p>\n\n\n\n<p>Metinde, uzun y\u0131llar s\u00fcren sava\u015f ko\u015fullar\u0131 ve sa\u011fl\u0131k sorunlar\u0131 nedeniyle Akdo\u011fdu\u2019nun Avrupa alan\u0131na ge\u00e7ti\u011fi, ancak bulundu\u011fu hi\u00e7bir yerde m\u00fccadeleden kopmad\u0131\u011f\u0131 vurguland\u0131. Akdo\u011fdu, bulundu\u011fu b\u00f6lgelerde devrimci \u00e7evrelerle ba\u011f kurarak sosyalist bas\u0131n\u0131n da\u011f\u0131t\u0131m faaliyetlerini \u00f6rg\u00fctledi ve m\u00fccadelenin \u00f6rg\u00fctlenmesine katk\u0131 sunmaya devam etti.<\/p>\n\n\n\n<p>Devrimci Kararg\u00e2h a\u00e7\u0131klamas\u0131nda Akdo\u011fdu\u2019nun \u00f6l\u00fcm\u00fcne ili\u015fkin \u015fu ifadeler yer ald\u0131:<\/p>\n\n\n\n<p>\u201cYolda\u015f\u0131m\u0131z\u0131n zamans\u0131z ve ani bir kalp krizi sonucu ya\u015fam\u0131n\u0131 yitirmesi, ba\u015fta ailesi olmak \u00fczere t\u00fcm yolda\u015flar\u0131n\u0131 ve dostlar\u0131n\u0131 derin bir ac\u0131ya bo\u011fmu\u015ftur.\u201d<\/p>\n\n\n\n<p>A\u00e7\u0131klama, Akdo\u011fdu\u2019nun m\u00fccadele miras\u0131n\u0131n ya\u015fat\u0131laca\u011f\u0131 ve halklar\u0131n \u00f6zg\u00fcrl\u00fck kavgas\u0131na olan katk\u0131s\u0131n\u0131n devam edece\u011fi mesaj\u0131 var\u0131ld\u0131.<\/p>\n\n\n\n<figure class=\"wp-block-image size-large\"><img loading=\"lazy\" decoding=\"async\" width=\"1024\" height=\"758\" src=\"https:\/\/kolektifmucadele1.org\/wp-content\/uploads\/2026\/03\/Bayram00-1024x758.png\" alt=\"\" class=\"wp-image-9122\"\/><\/figure>\n\n\n\n<p><\/p>\n","protected":false},"excerpt":{"rendered":"<p>Devrimci Kararg\u00e2h, daha \u00f6nce yapt\u0131\u011f\u0131 a\u00e7\u0131klamada, \u00f6rg\u00fct&#46;&#46;&#46;<\/p>\n","protected":false},"author":3,"featured_media":9121,"comment_status":"closed","ping_status":"closed","sticky":false,"template":"","format":"standard","meta":{"footnotes":""},"categories":[5,29],"tags":[],"manset":[],"class_list":["post-9119","post","type-post","status-publish","format-standard","has-post-thumbnail","hentry","category-etkinlikler","category-manset"],"amp_enabled":true,"_links":{"self":[{"href":"https:\/\/kolektifmucadele1.org\/index.php\/wp-json\/wp\/v2\/posts\/9119","targetHints":{"allow":["GET"]}}],"collection":[{"href":"https:\/\/kolektifmucadele1.org\/index.php\/wp-json\/wp\/v2\/posts"}],"about":[{"href":"https:\/\/kolektifmucadele1.org\/index.php\/wp-json\/wp\/v2\/types\/post"}],"author":[{"embeddable":true,"href":"https:\/\/kolektifmucadele1.org\/index.php\/wp-json\/wp\/v2\/users\/3"}],"replies":[{"embeddable":true,"href":"https:\/\/kolektifmucadele1.org\/index.php\/wp-json\/wp\/v2\/comments?post=9119"}],"version-history":[{"count":1,"href":"https:\/\/kolektifmucadele1.org\/index.php\/wp-json\/wp\/v2\/posts\/9119\/revisions"}],"predecessor-version":[{"id":9123,"href":"https:\/\/kolektifmucadele1.org\/index.php\/wp-json\/wp\/v2\/posts\/9119\/revisions\/9123"}],"wp:featuredmedia":[{"embeddable":true,"href":"https:\/\/kolektifmucadele1.org\/index.php\/wp-json\/wp\/v2\/media\/9121"}],"wp:attachment":[{"href":"https:\/\/kolektifmucadele1.org\/index.php\/wp-json\/wp\/v2\/media?parent=9119"}],"wp:term":[{"taxonomy":"category","embeddable":true,"href":"https:\/\/kolektifmucadele1.org\/index.php\/wp-json\/wp\/v2\/categories?post=9119"},{"taxonomy":"post_tag","embeddable":true,"href":"https:\/\/kolektifmucadele1.org\/index.php\/wp-json\/wp\/v2\/tags?post=9119"},{"taxonomy":"manset","embeddable":true,"href":"https:\/\/kolektifmucadele1.org\/index.php\/wp-json\/wp\/v2\/manset?post=9119"}],"curies":[{"name":"wp","href":"https:\/\/api.w.org\/{rel}","templated":true}]}}