{"id":9124,"date":"2026-03-13T00:40:20","date_gmt":"2026-03-12T21:40:20","guid":{"rendered":"https:\/\/kolektifmucadele1.org\/?p=9124"},"modified":"2026-03-13T00:40:21","modified_gmt":"2026-03-12T21:40:21","slug":"gazi-katliaminin-31-yilinda-yasamini-yitirenler-anildi-unutmadik-affetmeyecegiz","status":"publish","type":"post","link":"https:\/\/kolektifmucadele1.org\/index.php\/2026\/03\/13\/gazi-katliaminin-31-yilinda-yasamini-yitirenler-anildi-unutmadik-affetmeyecegiz\/","title":{"rendered":"Gazi Katliam\u0131\u2019n\u0131n 31. y\u0131l\u0131nda ya\u015fam\u0131n\u0131 yitirenler an\u0131ld\u0131: \u201cUnutmad\u0131k, affetmeyece\u011fiz\u201d"},"content":{"rendered":"\n<p>12 Mart 1995\u2019te \u0130stanbul\u2019un Gazi Mahallesi\u2019nde ya\u015fanan ve 22 ki\u015finin ya\u015fam\u0131n\u0131 yitirdi\u011fi katliam\u0131n 31. y\u0131l\u0131nda, katledilenler Gazi Mahallesi\u2019nde d\u00fczenlenen y\u00fcr\u00fcy\u00fc\u015f ve anma etkinli\u011fiyle an\u0131ld\u0131.<\/p>\n\n\n\n<p>Gazi ve \u00dcmraniye \u015eehit Aileleri, Alevi kurumlar\u0131 ve 12 Mart Platformu\u2019nun \u00e7a\u011fr\u0131s\u0131yla d\u00fczenlenen anma i\u00e7in saat 11.00\u2019de Gazi Cemevi \u00f6n\u00fcnde toplan\u0131ld\u0131. \u201cGazi\u2019den \u00dcmraniye\u2019ye Adalet \u0130stiyoruz\u201d pankart\u0131n\u0131n a\u00e7\u0131ld\u0131\u011f\u0131 anmada katliamda ya\u015fam\u0131n\u0131 yitirenlerin foto\u011fraflar\u0131 ta\u015f\u0131nd\u0131.<\/p>\n\n\n\n<p>Sayg\u0131 duru\u015funun ard\u0131ndan Gazi Cemevi \u00f6n\u00fcnden eski postane \u00f6n\u00fcne y\u00fcr\u00fcy\u00fc\u015f ger\u00e7ekle\u015ftirildi. Y\u00fcr\u00fcy\u00fc\u015f boyunca katliamda ya\u015fam\u0131n\u0131 yitirenlerin isimleri tek tek okunarak \u201cYa\u015f\u0131yor\u201d denildi. Katliam\u0131n ger\u00e7ekle\u015fti\u011fi noktalara karanfiller b\u0131rak\u0131l\u0131rken, anma kapsam\u0131nda \u00e7era\u011f uyand\u0131r\u0131ld\u0131 ve bas\u0131n a\u00e7\u0131klamas\u0131 yap\u0131ld\u0131.<\/p>\n\n\n\n<p>Y\u00fcr\u00fcy\u00fc\u015f\u00fcn ard\u0131ndan eski postane \u00f6n\u00fcnde katledilenler i\u00e7in bir kez daha sayg\u0131 duru\u015funda bulunuldu.<\/p>\n\n\n\n<p>Anmada konu\u015fan katliamda ya\u015fam\u0131n\u0131 yitiren Sezgin Engin\u2019in karde\u015fi Engin Engin, 1995 y\u0131l\u0131nda d\u00f6rt kahve ve bir pastanenin taranmas\u0131n\u0131n ard\u0131ndan soka\u011fa \u00e7\u0131kan Gazi halk\u0131n\u0131n hedef al\u0131nd\u0131\u011f\u0131n\u0131 hat\u0131rlatarak, sald\u0131r\u0131lar\u0131n amac\u0131n\u0131n devrimci muhalefeti sindirmek oldu\u011funu s\u00f6yledi.<\/p>\n\n\n\n<p>Anmada s\u00f6z alan HDK E\u015f S\u00f6zc\u00fcs\u00fc Meral Dan\u0131\u015f Be\u015fta\u015f ise T\u00fcrkiye\u2019nin ge\u00e7mi\u015fte ya\u015fanan katliamlarla y\u00fczle\u015fmesi gerekti\u011fini belirtti. Be\u015fta\u015f, Gazi Katliam\u0131\u2019n\u0131 ger\u00e7ekle\u015ftiren zihniyetin Roboski Katliam\u0131 ve di\u011fer sald\u0131r\u0131larla ayn\u0131 anlay\u0131\u015ftan beslendi\u011fini ifade etti.<\/p>\n\n\n\n<p>Anma program\u0131, Gazi Cemevi\u2019nde yap\u0131lan lokma da\u011f\u0131t\u0131m\u0131yla sona erdi.<\/p>\n","protected":false},"excerpt":{"rendered":"<p>12 Mart 1995\u2019te \u0130stanbul\u2019un Gazi Mahallesi\u2019nde ya\u015fanan&#46;&#46;&#46;<\/p>\n","protected":false},"author":3,"featured_media":9126,"comment_status":"closed","ping_status":"closed","sticky":false,"template":"","format":"standard","meta":{"footnotes":""},"categories":[5,29],"tags":[],"manset":[],"class_list":["post-9124","post","type-post","status-publish","format-standard","has-post-thumbnail","hentry","category-etkinlikler","category-manset"],"amp_enabled":true,"_links":{"self":[{"href":"https:\/\/kolektifmucadele1.org\/index.php\/wp-json\/wp\/v2\/posts\/9124","targetHints":{"allow":["GET"]}}],"collection":[{"href":"https:\/\/kolektifmucadele1.org\/index.php\/wp-json\/wp\/v2\/posts"}],"about":[{"href":"https:\/\/kolektifmucadele1.org\/index.php\/wp-json\/wp\/v2\/types\/post"}],"author":[{"embeddable":true,"href":"https:\/\/kolektifmucadele1.org\/index.php\/wp-json\/wp\/v2\/users\/3"}],"replies":[{"embeddable":true,"href":"https:\/\/kolektifmucadele1.org\/index.php\/wp-json\/wp\/v2\/comments?post=9124"}],"version-history":[{"count":1,"href":"https:\/\/kolektifmucadele1.org\/index.php\/wp-json\/wp\/v2\/posts\/9124\/revisions"}],"predecessor-version":[{"id":9127,"href":"https:\/\/kolektifmucadele1.org\/index.php\/wp-json\/wp\/v2\/posts\/9124\/revisions\/9127"}],"wp:featuredmedia":[{"embeddable":true,"href":"https:\/\/kolektifmucadele1.org\/index.php\/wp-json\/wp\/v2\/media\/9126"}],"wp:attachment":[{"href":"https:\/\/kolektifmucadele1.org\/index.php\/wp-json\/wp\/v2\/media?parent=9124"}],"wp:term":[{"taxonomy":"category","embeddable":true,"href":"https:\/\/kolektifmucadele1.org\/index.php\/wp-json\/wp\/v2\/categories?post=9124"},{"taxonomy":"post_tag","embeddable":true,"href":"https:\/\/kolektifmucadele1.org\/index.php\/wp-json\/wp\/v2\/tags?post=9124"},{"taxonomy":"manset","embeddable":true,"href":"https:\/\/kolektifmucadele1.org\/index.php\/wp-json\/wp\/v2\/manset?post=9124"}],"curies":[{"name":"wp","href":"https:\/\/api.w.org\/{rel}","templated":true}]}}