{"id":9129,"date":"2026-03-14T00:18:11","date_gmt":"2026-03-13T21:18:11","guid":{"rendered":"https:\/\/kolektifmucadele1.org\/?p=9129"},"modified":"2026-03-14T00:18:12","modified_gmt":"2026-03-13T21:18:12","slug":"hacettepede-egitim-hakki-nobetine-universitelerden-dayanisma","status":"publish","type":"post","link":"https:\/\/kolektifmucadele1.org\/index.php\/2026\/03\/14\/hacettepede-egitim-hakki-nobetine-universitelerden-dayanisma\/","title":{"rendered":"Hacettepe\u2019de E\u011fitim Hakk\u0131 N\u00f6betine \u00dcniversitelerden Dayan\u0131\u015fma"},"content":{"rendered":"\n<p>Hacettepe \u00dcniversitesi \u00f6\u011frencilerine verilen uzun s\u00fcreli uzakla\u015ft\u0131rma cezalar\u0131na kar\u015f\u0131 ba\u015flat\u0131lan e\u011fitim hakk\u0131 n\u00f6beti \u00fc\u00e7\u00fcnc\u00fc g\u00fcn\u00fcnde b\u00fcy\u00fcyerek s\u00fcr\u00fcyor. Beytepe Kamp\u00fcs\u00fc \u00f6n\u00fcnde tutulan n\u00f6bete farkl\u0131 \u00fcniversitelerden gelen destekler, \u00fcniversite gen\u00e7li\u011finin dayan\u0131\u015fmas\u0131n\u0131 ortaya koyuyor.<\/p>\n\n\n\n<p>Rekt\u00f6rl\u00fc\u011f\u00fcn, 19 Mart eylemleri ve Gen\u00e7lik Filmleri Festivali kapsam\u0131nda g\u00f6sterilen \u201cAli: D\u00fc\u015flerinde \u00d6zg\u00fcr D\u00fcnya\u201d belgeselini gerek\u00e7e g\u00f6stererek a\u00e7t\u0131\u011f\u0131 soru\u015fturmalar sonucunda bir\u00e7ok \u00f6\u011frenciye 6 aydan 3,5 y\u0131la kadar uzakla\u015ft\u0131rma cezas\u0131 verilmi\u015fti. \u00d6\u011frenciler ise bu cezalar\u0131n disiplin yapt\u0131r\u0131m\u0131 de\u011fil, e\u011fitim hakk\u0131n\u0131n gasp\u0131 oldu\u011funu belirterek Beytepe Kamp\u00fcs\u00fc \u00f6n\u00fcnde n\u00f6bet ba\u015flatt\u0131.<\/p>\n\n\n\n<p>\u0130stanbul ve \u0130zmir\u2019den dayan\u0131\u015fma<\/p>\n\n\n\n<p>Y\u0131ld\u0131z Teknik \u00dcniversitesi ve Dokuz Eyl\u00fcl \u00dcniversitesi \u00f6\u011frencileri, yapt\u0131klar\u0131 eylemlerle Hacettepe\u2019deki n\u00f6beti selamlad\u0131.<\/p>\n\n\n\n<p>\u0130zmir\u2019de Dokuz Eyl\u00fcl \u00dcniversitesi G\u00fczel Sanatlar Fak\u00fcltesi \u00f6\u011frencileri fak\u00fclte \u00f6n\u00fcnde bir araya gelerek yapt\u0131klar\u0131 a\u00e7\u0131klamada, Hacettepeli \u00f6\u011frencilerin herhangi bir su\u00e7 i\u015flemedi\u011fini ancak y\u0131llara varan uzakla\u015ft\u0131rma cezalar\u0131yla cezaland\u0131r\u0131ld\u0131klar\u0131n\u0131 vurgulad\u0131. \u00d6\u011frenciler ayr\u0131ca n\u00f6beti s\u00fcrd\u00fcren Hacettepelilere g\u00f6nderilen dayan\u0131\u015fma mesaj\u0131n\u0131 okudu.<\/p>\n\n\n\n<p>\u0130stanbul\u2019da ise Y\u0131ld\u0131z Teknik \u00dcniversitesi \u00f6\u011frencileri bir bas\u0131n a\u00e7\u0131klamas\u0131 d\u00fczenledi. A\u00e7\u0131klamada, Hacettepe\u2019de \u00f6\u011frencilere sald\u0131ran fa\u015fist gruplar hakk\u0131nda herhangi bir i\u015flem yap\u0131lmazken, anayasal haklar\u0131n\u0131 kullanan \u00f6\u011frencilerin a\u011f\u0131r cezalarla kar\u015f\u0131 kar\u015f\u0131ya b\u0131rak\u0131lmas\u0131n\u0131n kabul edilemez oldu\u011fu ifade edildi.<\/p>\n\n\n\n<p>\u201cAli \u0130smail\u2019i anmak su\u00e7 de\u011fildir\u201d<\/p>\n\n\n\n<p>Soru\u015fturmalar\u0131n temel gerek\u00e7elerinden biri de, Gezi Direni\u015fi s\u0131ras\u0131nda polis ve sivil sald\u0131r\u0131lar sonucu ya\u015fam\u0131n\u0131 yitiren Ali \u0130smail Korkmaz\u2019\u0131 konu alan belgeselin g\u00f6sterimi oldu. \u00d6\u011frenciler, bir arkada\u015flar\u0131n\u0131 anman\u0131n ve demokratik haklar\u0131n\u0131 kullanman\u0131n su\u00e7 say\u0131lmas\u0131na tepki g\u00f6steriyor.<\/p>\n\n\n\n<p>E\u011fitim hakk\u0131 n\u00f6beti s\u00fcr\u00fcyor<\/p>\n\n\n\n<p>Beytepe Kamp\u00fcs\u00fc \u00f6n\u00fcnde tutulan n\u00f6bet, yaln\u0131zca uzakla\u015ft\u0131rma cezalar\u0131na kar\u015f\u0131 bir protesto de\u011fil; ayn\u0131 zamanda \u00fcniversitelerde artan bask\u0131lara kar\u015f\u0131 bir direni\u015f olarak g\u00f6r\u00fcl\u00fcyor. T\u00fcrkiye\u2019nin farkl\u0131 \u00fcniversitelerinden gelen dayan\u0131\u015fma mesajlar\u0131 ve ziyaretlerle n\u00f6bet b\u00fcy\u00fcrken \u00f6\u011frenciler \u015fu mesaj\u0131 veriyor:<\/p>\n\n\n\n<p>\u201cE\u011fitim hakk\u0131 disiplin cezalar\u0131yla ortadan kald\u0131r\u0131lamaz. Kamp\u00fcsler bizimdir ve arkada\u015flar\u0131m\u0131z\u0131n yan\u0131nday\u0131z.\u201d<\/p>\n","protected":false},"excerpt":{"rendered":"<p>Hacettepe \u00dcniversitesi \u00f6\u011frencilerine verilen uzun s\u00fcreli uzakla\u015ft\u0131rma&#46;&#46;&#46;<\/p>\n","protected":false},"author":3,"featured_media":9131,"comment_status":"closed","ping_status":"closed","sticky":false,"template":"","format":"standard","meta":{"footnotes":""},"categories":[54,5,29],"tags":[],"manset":[],"class_list":["post-9129","post","type-post","status-publish","format-standard","has-post-thumbnail","hentry","category-genclik","category-etkinlikler","category-manset"],"amp_enabled":true,"_links":{"self":[{"href":"https:\/\/kolektifmucadele1.org\/index.php\/wp-json\/wp\/v2\/posts\/9129","targetHints":{"allow":["GET"]}}],"collection":[{"href":"https:\/\/kolektifmucadele1.org\/index.php\/wp-json\/wp\/v2\/posts"}],"about":[{"href":"https:\/\/kolektifmucadele1.org\/index.php\/wp-json\/wp\/v2\/types\/post"}],"author":[{"embeddable":true,"href":"https:\/\/kolektifmucadele1.org\/index.php\/wp-json\/wp\/v2\/users\/3"}],"replies":[{"embeddable":true,"href":"https:\/\/kolektifmucadele1.org\/index.php\/wp-json\/wp\/v2\/comments?post=9129"}],"version-history":[{"count":1,"href":"https:\/\/kolektifmucadele1.org\/index.php\/wp-json\/wp\/v2\/posts\/9129\/revisions"}],"predecessor-version":[{"id":9132,"href":"https:\/\/kolektifmucadele1.org\/index.php\/wp-json\/wp\/v2\/posts\/9129\/revisions\/9132"}],"wp:featuredmedia":[{"embeddable":true,"href":"https:\/\/kolektifmucadele1.org\/index.php\/wp-json\/wp\/v2\/media\/9131"}],"wp:attachment":[{"href":"https:\/\/kolektifmucadele1.org\/index.php\/wp-json\/wp\/v2\/media?parent=9129"}],"wp:term":[{"taxonomy":"category","embeddable":true,"href":"https:\/\/kolektifmucadele1.org\/index.php\/wp-json\/wp\/v2\/categories?post=9129"},{"taxonomy":"post_tag","embeddable":true,"href":"https:\/\/kolektifmucadele1.org\/index.php\/wp-json\/wp\/v2\/tags?post=9129"},{"taxonomy":"manset","embeddable":true,"href":"https:\/\/kolektifmucadele1.org\/index.php\/wp-json\/wp\/v2\/manset?post=9129"}],"curies":[{"name":"wp","href":"https:\/\/api.w.org\/{rel}","templated":true}]}}