{"id":9133,"date":"2026-03-14T00:47:27","date_gmt":"2026-03-13T21:47:27","guid":{"rendered":"https:\/\/kolektifmucadele1.org\/?p=9133"},"modified":"2026-03-14T00:47:27","modified_gmt":"2026-03-13T21:47:27","slug":"binlerce-kisi-salih-muslimi-kobaneye-ugurladi","status":"publish","type":"post","link":"https:\/\/kolektifmucadele1.org\/index.php\/2026\/03\/14\/binlerce-kisi-salih-muslimi-kobaneye-ugurladi\/","title":{"rendered":"Binlerce ki\u015fi Salih Muslim\u2019i Koban\u00ea\u2019ye u\u011furlad\u0131"},"content":{"rendered":"\n<p>Rojava\u2019dan binlerce ki\u015fi; K\u00fcrt, Arap, S\u00fcryani ve di\u011fer halk bile\u015fenleriyle birlikte PYD E\u015fba\u015fkanl\u0131k Konseyi \u00fcyesi \u015fehit Salih Muslim\u2019i u\u011furlad\u0131.<\/p>\n\n\n\n<p>U\u011furlama t\u00f6reni Qami\u015flo kentindeki \u015eehit Aileleri Meclisi taraf\u0131ndan 12 Mart \u015eehitleri Stadyumu\u2019nda d\u00fczenlendi.<\/p>\n\n\n\n<p>T\u00f6rene K\u00fcrt ve Arap a\u015firet temsilcileri ile siyaset\u00e7iler, ayr\u0131ca Bakur ve Ba\u015f\u00fbr\u00ea K\u00fcrdistan\u2019dan parti ve siyasi hareket temsilcilerinden olu\u015fan bir heyet de kat\u0131ld\u0131.<\/p>\n\n\n\n<p>T\u00f6ren sayg\u0131 duru\u015fuyla ba\u015flad\u0131. Ard\u0131ndan \u00d6nder Abdullah \u00d6calan\u2019\u0131n m\u00fccadeleci Salih Muslim\u2019in \u015fehadeti dolay\u0131s\u0131yla g\u00f6nderdi\u011fi mesaj okundu.<\/p>\n\n\n\n<p>Qami\u015flo \u015eehit Aileleri Meclisi ad\u0131na meclisin e\u015fba\u015fkan\u0131 Ubeyd Et\u00ea konu\u015ftu. Ubeyd Et\u00ea, konu\u015fmas\u0131nda \u015fehit Salih Muslim\u2019in K\u00fcrt davas\u0131n\u0131 sahiplenerek 50 y\u0131l\u0131 a\u015fk\u0131n s\u00fcredir y\u00fcr\u00fctt\u00fc\u011f\u00fc m\u00fccadeleyi anlatt\u0131 ve \u015fehit Salih Muslim\u2019in teredd\u00fcts\u00fcz ve kar\u015f\u0131l\u0131k beklemeden m\u00fccadele etti\u011fini, en zor ko\u015fullarda halk\u0131na hizmet etti\u011fini belirtti. Ayr\u0131ca Baas rejimine, silahl\u0131 gruplara ve T\u00fcrkiye devletinin b\u00f6lgeye y\u00f6nelik politikalar\u0131na kar\u015f\u0131 m\u00fccadele y\u00fcr\u00fctt\u00fc\u011f\u00fcn\u00fc ifade etti.<\/p>\n\n\n\n<p>Konu\u015fmas\u0131n\u0131n devam\u0131nda Ubeyd Et\u00ea, yaln\u0131zca Rojava halk\u0131n\u0131n de\u011fil, K\u00fcrdistan\u2019\u0131n di\u011fer par\u00e7alar\u0131n\u0131n da Salih Muslim\u2019in son yolculu\u011fu nedeniyle b\u00fcy\u00fck \u00fcz\u00fcnt\u00fc ya\u015fad\u0131\u011f\u0131n\u0131 hat\u0131rlatt\u0131. Ubeyd Et\u00ea, konu\u015fmas\u0131n\u0131n sonunda \u015fehitlerin \u00e7izgisinin takip\u00e7isi olacaklar\u0131n\u0131 ve onlar\u0131n hayallerini ger\u00e7ekle\u015ftireceklerini s\u00f6yledi.<\/p>\n\n\n\n<p>T\u00f6rende PYD E\u015fba\u015fkanl\u0131k Konseyi \u00fcyesi Foza Y\u00fbsif de konu\u015ftu. Foza Y\u00fbsif, K\u00fcrt halk\u0131na ba\u015fsa\u011fl\u0131\u011f\u0131 dileyerek K\u00fcrdistan\u2019\u0131n t\u00fcm par\u00e7alar\u0131ndaki K\u00fcrtleri; Qami\u015flo, Hewl\u00ear, Sil\u00eamaniy\u00ea, Amed ve Mehabad\u2019a kadar selamlad\u0131.<\/p>\n\n\n\n<p>Foza Y\u00fbsif, Salih Muslim\u2019in \u00f6zg\u00fcrl\u00fck m\u00fccadelesinde uzun bir ge\u00e7mi\u015fe sahip oldu\u011funu, 1980\u2019li y\u0131llardan itibaren aral\u0131ks\u0131z \u00e7al\u0131\u015ft\u0131\u011f\u0131n\u0131, \u00d6nder Apo&#8217;nun d\u00fc\u015f\u00fcncelerini yayd\u0131\u011f\u0131n\u0131 ve K\u00fcrt halk\u0131n\u0131n haklar\u0131n\u0131 savundu\u011funu s\u00f6yledi.<\/p>\n\n\n\n<p>Foza Y\u00fbsif, Salih Muslim\u2019in Baas rejimine kar\u015f\u0131 da m\u00fccadele etti\u011fini belirterek \u015f\u00f6yle devam etti: \u201cRejim taraf\u0131ndan tutukland\u0131 ve i\u015fkence g\u00f6rd\u00fc. Buna ra\u011fmen halk\u0131n\u0131n davas\u0131n\u0131 savunmaktan bir g\u00fcn bile teredd\u00fct etmedi. Ger\u00e7e\u011fi dile getiren bir m\u00fccadeleciydi. Devrim saflar\u0131nda b\u00fcy\u00fck eme\u011fi olan yurtsever bir aileden geliyordu.\u201d<\/p>\n\n\n\n<p>Foza Y\u00fbsif, \u015fehit Salih Muslim\u2019in yaln\u0131zca bir siyaset\u00e7i olmad\u0131\u011f\u0131n\u0131, ayn\u0131 zamanda Rojava Devrimi\u2019nin bir yazar\u0131 ve edebiyat\u00e7\u0131s\u0131 oldu\u011funu belirterek, K\u00fcrdistan\u2019da bilin\u00e7lenmeyi geli\u015ftirmek i\u00e7in \u00d6nder Apo&#8217;nun kitaplar\u0131n\u0131 \u00e7evirdi\u011fini s\u00f6yledi.<\/p>\n\n\n\n<p>Foza Y\u00fbsif, ayr\u0131ca \u015fehit Salih Muslim\u2019in K\u00fcrt ulusal birli\u011finin kurulmas\u0131 i\u00e7in uzun s\u00fcre m\u00fccadele etti\u011fini belirterek \u015funlar\u0131 s\u00f6yledi: \u201cYurtsever, demokrat ve m\u00fccadeleci bir aile yeti\u015ftirdi. \u00c7ocuklar\u0131n\u0131 da devrime kat\u0131lmalar\u0131 i\u00e7in te\u015fvik etti. O\u011fullar\u0131ndan biri Rojava\u2019y\u0131 DA\u0130\u015e \u00e7etelerine kar\u015f\u0131 savunurken \u015fehit d\u00fc\u015ft\u00fc. Ayn\u0131 zamanda kad\u0131n davas\u0131n\u0131n destek\u00e7isiydi. Kad\u0131n \u00f6zg\u00fcrl\u00fc\u011f\u00fc, kad\u0131nlar\u0131n haklar\u0131n\u0131 kazanmas\u0131 ve toplumsal ya\u015fama kat\u0131lmas\u0131 i\u00e7in \u00e7al\u0131\u015ft\u0131.\u201d<\/p>\n\n\n\n<p>Foza Y\u00fbsif, ye\u015fil, k\u0131rm\u0131z\u0131 ve sar\u0131 bayra\u011f\u0131n dalgalanmaya devam edece\u011fini ve \u015fehitlerin umutlar\u0131n\u0131n ger\u00e7ekle\u015fmesi, K\u00fcrt halk\u0131n\u0131n haklar\u0131n\u0131n anayasada yer almas\u0131 i\u00e7in m\u00fccadelenin s\u00fcrece\u011fini vurgulad\u0131.<\/p>\n\n\n\n<p>T\u00f6rende K\u00fcrdistan Yurtseverler Birli\u011fi (YNK) heyeti de \u015fehitlerin mezar\u0131na \u00e7elenk b\u0131rakt\u0131. YNK Ba\u015fkan\u0131 Bafil Taleban\u00ee ad\u0131na Luqman Werd\u00ee bir konu\u015fma yapt\u0131.<\/p>\n\n\n\n<p>Ba\u015f\u00fbr ve Rojhilat K\u00fcrdistan\u2019dan siyaset\u00e7iler ad\u0131na ise Ba\u015f\u00fbr\u00ea\u2019den siyaset\u00e7i Serdar Abdullah konu\u015ftu.<\/p>\n\n\n\n<p>\u015eehit Salih Muslim\u2019in k\u0131z\u0131 Perw\u00een Muslim de konu\u015farak Ba\u015f\u00fbr\u00ea K\u00fcrdistan yetkililerine te\u015fekk\u00fcr etti ve babas\u0131n\u0131n yolunu s\u00fcrd\u00fcreceklerine s\u00f6z verdi.<\/p>\n\n\n\n<p>T\u00f6renin sonunda \u015fehit Salih Muslim\u2019in arkada\u015flar\u0131 ve yak\u0131nlar\u0131 cenazeyi Koban\u00ea kentine do\u011fru u\u011furlad\u0131. Cenaze Koban\u00ea\u2019de d\u00fczenlenecek bir t\u00f6renle defnedilecek. ANF<\/p>\n","protected":false},"excerpt":{"rendered":"<p>Rojava\u2019dan binlerce ki\u015fi; K\u00fcrt, Arap, S\u00fcryani ve&#46;&#46;&#46;<\/p>\n","protected":false},"author":3,"featured_media":9135,"comment_status":"closed","ping_status":"closed","sticky":false,"template":"","format":"standard","meta":{"footnotes":""},"categories":[5,29],"tags":[],"manset":[],"class_list":["post-9133","post","type-post","status-publish","format-standard","has-post-thumbnail","hentry","category-etkinlikler","category-manset"],"amp_enabled":true,"_links":{"self":[{"href":"https:\/\/kolektifmucadele1.org\/index.php\/wp-json\/wp\/v2\/posts\/9133","targetHints":{"allow":["GET"]}}],"collection":[{"href":"https:\/\/kolektifmucadele1.org\/index.php\/wp-json\/wp\/v2\/posts"}],"about":[{"href":"https:\/\/kolektifmucadele1.org\/index.php\/wp-json\/wp\/v2\/types\/post"}],"author":[{"embeddable":true,"href":"https:\/\/kolektifmucadele1.org\/index.php\/wp-json\/wp\/v2\/users\/3"}],"replies":[{"embeddable":true,"href":"https:\/\/kolektifmucadele1.org\/index.php\/wp-json\/wp\/v2\/comments?post=9133"}],"version-history":[{"count":1,"href":"https:\/\/kolektifmucadele1.org\/index.php\/wp-json\/wp\/v2\/posts\/9133\/revisions"}],"predecessor-version":[{"id":9136,"href":"https:\/\/kolektifmucadele1.org\/index.php\/wp-json\/wp\/v2\/posts\/9133\/revisions\/9136"}],"wp:featuredmedia":[{"embeddable":true,"href":"https:\/\/kolektifmucadele1.org\/index.php\/wp-json\/wp\/v2\/media\/9135"}],"wp:attachment":[{"href":"https:\/\/kolektifmucadele1.org\/index.php\/wp-json\/wp\/v2\/media?parent=9133"}],"wp:term":[{"taxonomy":"category","embeddable":true,"href":"https:\/\/kolektifmucadele1.org\/index.php\/wp-json\/wp\/v2\/categories?post=9133"},{"taxonomy":"post_tag","embeddable":true,"href":"https:\/\/kolektifmucadele1.org\/index.php\/wp-json\/wp\/v2\/tags?post=9133"},{"taxonomy":"manset","embeddable":true,"href":"https:\/\/kolektifmucadele1.org\/index.php\/wp-json\/wp\/v2\/manset?post=9133"}],"curies":[{"name":"wp","href":"https:\/\/api.w.org\/{rel}","templated":true}]}}