{"id":9139,"date":"2026-03-15T00:20:51","date_gmt":"2026-03-14T21:20:51","guid":{"rendered":"https:\/\/kolektifmucadele1.org\/?p=9139"},"modified":"2026-03-15T00:20:51","modified_gmt":"2026-03-14T21:20:51","slug":"cumartesi-anneleri-1094-haftada-yusuf-eristinin-akibetini-sordu","status":"publish","type":"post","link":"https:\/\/kolektifmucadele1.org\/index.php\/2026\/03\/15\/cumartesi-anneleri-1094-haftada-yusuf-eristinin-akibetini-sordu\/","title":{"rendered":"Cumartesi Anneleri 1094. Haftada Yusuf Eri\u015fti\u2019nin Ak\u0131betini Sordu"},"content":{"rendered":"\n<p>G\u00f6zalt\u0131nda kaybedilen yak\u0131nlar\u0131n\u0131n ak\u0131betini sormak ve faillerin yarg\u0131lanmas\u0131n\u0131 talep etmek amac\u0131yla 1995 y\u0131l\u0131ndan bu yana Galatasaray Meydan\u0131\u2019nda bulu\u015fan Cumartesi Anneleri, eylemlerinin 1094. haftas\u0131nda 35 y\u0131l \u00f6nce g\u00f6zalt\u0131na al\u0131nan Yusuf Eri\u015fti\u2019nin dosyas\u0131n\u0131 kamuoyuna ta\u015f\u0131d\u0131.<\/p>\n\n\n\n<h3 class=\"wp-block-heading\">14 Mart 1991: Belgradkap\u0131\u2019da Ba\u015flayan Belirsizlik<\/h3>\n\n\n\n<p>Tokat-Re\u015fadiye do\u011fumlu, 30 ya\u015f\u0131ndaki Yusuf Eri\u015fti, 14 Mart 1991 sabah\u0131 bir arkada\u015f\u0131yla bulu\u015fmak \u00fczere gitti\u011fi \u0130stanbul Belgradkap\u0131 civar\u0131nda Ter\u00f6rle M\u00fccadele polisleri taraf\u0131ndan g\u00f6zalt\u0131na al\u0131nd\u0131. Eri\u015fti\u2019nin Gayrettepe Siyasi \u015eube\u2019ye g\u00f6t\u00fcr\u00fcld\u00fc\u011f\u00fc belirlenmi\u015fti.<\/p>\n\n\n\n<h3 class=\"wp-block-heading\">Hukuki S\u00fcre\u00e7 ve Resmi \u0130nkar<\/h3>\n\n\n\n<p>O d\u00f6nem Yusuf Eri\u015fti ile g\u00f6r\u00fc\u015fmek i\u00e7in Devlet G\u00fcvenlik Mahkemesi\u2019nden (DGM) resmi izin alan Avukat\u0131, Emniyet M\u00fcd\u00fcrl\u00fc\u011f\u00fc\u2019ne gitti\u011finde m\u00fcvekkiliyle g\u00f6r\u00fc\u015ft\u00fcr\u00fclmedi. 29 Mart\u2019ta yap\u0131lan su\u00e7 duyurusuna ise emniyet yetkilileri, &#8220;Yusuf Eri\u015fti\u2019nin g\u00f6zalt\u0131nda oldu\u011funa dair bir kayda rastlanmam\u0131\u015ft\u0131r&#8221; yan\u0131t\u0131n\u0131 verdi.<\/p>\n\n\n\n<h3 class=\"wp-block-heading\">&#8220;Seni Yusuf Eri\u015fti Gibi \u00d6ld\u00fcr\u00fcr\u00fcz&#8221;<\/h3>\n\n\n\n<p>Resmi makamlar\u0131n reddine ra\u011fmen, ayn\u0131 d\u00f6nemde g\u00f6zalt\u0131nda bulunan tan\u0131klar Yusuf Eri\u015fti\u2019nin a\u011f\u0131r i\u015fkence g\u00f6rd\u00fc\u011f\u00fcn\u00fc beyan etti:<\/p>\n\n\n\n<ul class=\"wp-block-list\">\n<li><strong>Tan\u0131k \u0130fadesi:<\/strong> &#8220;Yusuf\u2019a yo\u011fun i\u015fkence yap\u0131ld\u0131. Onu en son 17 Mart\u2019ta komaya girmi\u015f halde h\u00fccresine g\u00f6t\u00fcr\u00fcl\u00fcrken g\u00f6rd\u00fcm.&#8221;<\/li>\n\n\n\n<li><strong>Polis Tehdidi:<\/strong> G\u00f6zalt\u0131na al\u0131nan bir ba\u015fka \u00f6\u011frenci (C.\u00c7.), sorgu s\u0131ras\u0131nda polislerin kendisini &#8220;Seni Yusuf Eri\u015fti gibi \u00f6ld\u00fcr\u00fcr\u00fcz, kimsenin haberi olmaz&#8221; diyerek tehdit etti\u011fini a\u00e7\u0131klad\u0131.<\/li>\n<\/ul>\n\n\n\n<h3 class=\"wp-block-heading\">30 Dilek\u00e7e ve Cezas\u0131zl\u0131k<\/h3>\n\n\n\n<p>Baba Bekir Eri\u015fti, o\u011flunun ak\u0131betini \u00f6\u011frenmek i\u00e7in d\u00f6nemin Cumhurba\u015fkan\u0131 Turgut \u00d6zal ve Ba\u015fbakan Y\u0131ld\u0131r\u0131m Akbulut ba\u015fta olmak \u00fczere ilgili t\u00fcm makamlara 30\u2019a yak\u0131n dilek\u00e7e verdi. Ancak d\u00f6nemin \u0130\u00e7i\u015fleri Bakan\u0131 Abdulkadir Aksu, soru \u00f6nergelerine &#8220;\u0130ddialar ger\u00e7ek d\u0131\u015f\u0131d\u0131r&#8221; cevab\u0131n\u0131 verdi. Bekir ve Arife Eri\u015fti, o\u011fullar\u0131n\u0131n ak\u0131betini \u00f6\u011frenemeden hayata g\u00f6zlerini yumdu.<\/p>\n\n\n\n<h3 class=\"wp-block-heading\">Talepler: Barikatlar Kalks\u0131n, Adalet Gelsin<\/h3>\n\n\n\n<p>Haftal\u0131k a\u00e7\u0131klamay\u0131 okuyan Setenay Yar\u0131c\u0131, \u015fu talepleri yineledi:<\/p>\n\n\n\n<ul class=\"wp-block-list\">\n<li>Galatasaray Meydan\u0131\u2019ndaki ki\u015fi s\u0131n\u0131rlamas\u0131 ve mek\u00e2n yasa\u011f\u0131 tamamen kald\u0131r\u0131ls\u0131n.<\/li>\n\n\n\n<li>AYM ve A\u0130HM kararlar\u0131 derhal uygulans\u0131n.<\/li>\n\n\n\n<li>Zorla kaybetme vakalar\u0131nda zamana\u015f\u0131m\u0131 h\u00fck\u00fcmleri dikkate al\u0131nmadan etkin bir yarg\u0131lama y\u00fcr\u00fct\u00fcls\u00fcn.<\/li>\n<\/ul>\n\n\n\n<p>Cumartesi Anneleri, &#8220;Ka\u00e7 y\u0131l ge\u00e7erse ge\u00e7sin Yusuf Eri\u015fti ve t\u00fcm kay\u0131plar\u0131m\u0131z i\u00e7in adalet istemekten vazge\u00e7meyece\u011fiz&#8221; diyerek eylemini sonland\u0131rd\u0131.<\/p>\n","protected":false},"excerpt":{"rendered":"<p>G\u00f6zalt\u0131nda kaybedilen yak\u0131nlar\u0131n\u0131n ak\u0131betini sormak ve faillerin&#46;&#46;&#46;<\/p>\n","protected":false},"author":3,"featured_media":9141,"comment_status":"closed","ping_status":"closed","sticky":false,"template":"","format":"standard","meta":{"footnotes":""},"categories":[5,29],"tags":[],"manset":[],"class_list":["post-9139","post","type-post","status-publish","format-standard","has-post-thumbnail","hentry","category-etkinlikler","category-manset"],"amp_enabled":true,"_links":{"self":[{"href":"https:\/\/kolektifmucadele1.org\/index.php\/wp-json\/wp\/v2\/posts\/9139","targetHints":{"allow":["GET"]}}],"collection":[{"href":"https:\/\/kolektifmucadele1.org\/index.php\/wp-json\/wp\/v2\/posts"}],"about":[{"href":"https:\/\/kolektifmucadele1.org\/index.php\/wp-json\/wp\/v2\/types\/post"}],"author":[{"embeddable":true,"href":"https:\/\/kolektifmucadele1.org\/index.php\/wp-json\/wp\/v2\/users\/3"}],"replies":[{"embeddable":true,"href":"https:\/\/kolektifmucadele1.org\/index.php\/wp-json\/wp\/v2\/comments?post=9139"}],"version-history":[{"count":1,"href":"https:\/\/kolektifmucadele1.org\/index.php\/wp-json\/wp\/v2\/posts\/9139\/revisions"}],"predecessor-version":[{"id":9142,"href":"https:\/\/kolektifmucadele1.org\/index.php\/wp-json\/wp\/v2\/posts\/9139\/revisions\/9142"}],"wp:featuredmedia":[{"embeddable":true,"href":"https:\/\/kolektifmucadele1.org\/index.php\/wp-json\/wp\/v2\/media\/9141"}],"wp:attachment":[{"href":"https:\/\/kolektifmucadele1.org\/index.php\/wp-json\/wp\/v2\/media?parent=9139"}],"wp:term":[{"taxonomy":"category","embeddable":true,"href":"https:\/\/kolektifmucadele1.org\/index.php\/wp-json\/wp\/v2\/categories?post=9139"},{"taxonomy":"post_tag","embeddable":true,"href":"https:\/\/kolektifmucadele1.org\/index.php\/wp-json\/wp\/v2\/tags?post=9139"},{"taxonomy":"manset","embeddable":true,"href":"https:\/\/kolektifmucadele1.org\/index.php\/wp-json\/wp\/v2\/manset?post=9139"}],"curies":[{"name":"wp","href":"https:\/\/api.w.org\/{rel}","templated":true}]}}