{"id":9143,"date":"2026-03-15T23:35:53","date_gmt":"2026-03-15T20:35:53","guid":{"rendered":"https:\/\/kolektifmucadele1.org\/?p=9143"},"modified":"2026-03-15T23:35:54","modified_gmt":"2026-03-15T20:35:54","slug":"katil-abd-ortadogudan-defol","status":"publish","type":"post","link":"https:\/\/kolektifmucadele1.org\/index.php\/2026\/03\/15\/katil-abd-ortadogudan-defol\/","title":{"rendered":"Katil ABD Ortado\u011fu&#8217;dan Defol"},"content":{"rendered":"\n<p>Bug\u00fcn \u0130stanbul&#8217;da Nato ve Emperyalist Sava\u015f Kar\u015f\u0131t\u0131 Birlik&#8217;in \u00e7a\u011fr\u0131s\u0131yla; emperyalizme ve siyonizme kar\u015f\u0131 Sosyalist K\u00fcba halk\u0131 ile, \u0130ran halk\u0131 ile ve t\u00fcm ezilen halklar ile dayan\u0131\u015fmak \u00fczere Haydut ABD Konsoloslu\u011fu \u00f6n\u00fcne y\u00fcr\u00fcy\u00fc\u015f ger\u00e7ekle\u015ftirildi. <\/p>\n\n\n\n<p>Kitle s\u0131k s\u0131k &#8221;Kahrolsun Emperyalizm Ya\u015fas\u0131n M\u00fccadelemiz&#8221;, Katil ABD Ortado\u011fu&#8217;dan Defol&#8221;, &#8221;Kahrolsun Siyonist \u0130srail Devleti&#8221;, &#8221;NATO \u00fcsleri kapat\u0131ls\u0131n&#8221; sloganlar\u0131 at\u0131ld\u0131. Yap\u0131lan a\u00e7\u0131klamdan sonra eylem sonland\u0131r\u0131ld\u0131.<\/p>\n\n\n\n<figure class=\"wp-block-video\"><video height=\"720\" style=\"aspect-ratio: 1280 \/ 720;\" width=\"1280\" controls src=\"https:\/\/kolektifmucadele1.org\/wp-content\/uploads\/2026\/03\/nato-karsiti-eylem.mp4\"><\/video><\/figure>\n<\/p>","protected":false},"excerpt":{"rendered":"<p>Bug\u00fcn \u0130stanbul&#8217;da Nato ve Emperyalist Sava\u015f Kar\u015f\u0131t\u0131&#46;&#46;&#46;<\/p>\n","protected":false},"author":4,"featured_media":9145,"comment_status":"closed","ping_status":"closed","sticky":false,"template":"","format":"standard","meta":{"footnotes":""},"categories":[2,11,5,29],"tags":[90,100,101,98,99],"manset":[],"class_list":["post-9143","post","type-post","status-publish","format-standard","has-post-thumbnail","hentry","category-basin-aciklamalari","category-dunya","category-etkinlikler","category-manset","tag-abd","tag-eylem","tag-istanbul","tag-ortadogu","tag-protesto"],"amp_enabled":true,"_links":{"self":[{"href":"https:\/\/kolektifmucadele1.org\/index.php\/wp-json\/wp\/v2\/posts\/9143","targetHints":{"allow":["GET"]}}],"collection":[{"href":"https:\/\/kolektifmucadele1.org\/index.php\/wp-json\/wp\/v2\/posts"}],"about":[{"href":"https:\/\/kolektifmucadele1.org\/index.php\/wp-json\/wp\/v2\/types\/post"}],"author":[{"embeddable":true,"href":"https:\/\/kolektifmucadele1.org\/index.php\/wp-json\/wp\/v2\/users\/4"}],"replies":[{"embeddable":true,"href":"https:\/\/kolektifmucadele1.org\/index.php\/wp-json\/wp\/v2\/comments?post=9143"}],"version-history":[{"count":1,"href":"https:\/\/kolektifmucadele1.org\/index.php\/wp-json\/wp\/v2\/posts\/9143\/revisions"}],"predecessor-version":[{"id":9147,"href":"https:\/\/kolektifmucadele1.org\/index.php\/wp-json\/wp\/v2\/posts\/9143\/revisions\/9147"}],"wp:featuredmedia":[{"embeddable":true,"href":"https:\/\/kolektifmucadele1.org\/index.php\/wp-json\/wp\/v2\/media\/9145"}],"wp:attachment":[{"href":"https:\/\/kolektifmucadele1.org\/index.php\/wp-json\/wp\/v2\/media?parent=9143"}],"wp:term":[{"taxonomy":"category","embeddable":true,"href":"https:\/\/kolektifmucadele1.org\/index.php\/wp-json\/wp\/v2\/categories?post=9143"},{"taxonomy":"post_tag","embeddable":true,"href":"https:\/\/kolektifmucadele1.org\/index.php\/wp-json\/wp\/v2\/tags?post=9143"},{"taxonomy":"manset","embeddable":true,"href":"https:\/\/kolektifmucadele1.org\/index.php\/wp-json\/wp\/v2\/manset?post=9143"}],"curies":[{"name":"wp","href":"https:\/\/api.w.org\/{rel}","templated":true}]}}